{"id":10693,"date":"2023-07-31T04:20:06","date_gmt":"2023-07-31T04:20:06","guid":{"rendered":"https:\/\/kraios.app\/news\/ekonomi\/2023\/07\/31\/turk-diasporasinin-dunya-capinda-ses-getiren-basarili-isimleri-istanbulda-bulusacak\/"},"modified":"2023-07-31T04:20:06","modified_gmt":"2023-07-31T04:20:06","slug":"turk-diasporasinin-dunya-capinda-ses-getiren-basarili-isimleri-istanbulda-bulusacak","status":"publish","type":"post","link":"https:\/\/kraios.app\/news\/ekonomi\/2023\/07\/31\/turk-diasporasinin-dunya-capinda-ses-getiren-basarili-isimleri-istanbulda-bulusacak\/","title":{"rendered":"T\u00fcrk diasporas\u0131n\u0131n d\u00fcnya \u00e7ap\u0131nda ses getiren ba\u015far\u0131l\u0131 isimleri \u0130stanbul&#8217;da bulu\u015facak"},"content":{"rendered":"<p> <br \/>\n<\/p>\n<div>\n<p>D\u0131\u015f Ekonomik \u0130li\u015fkiler Kurulu (DE\u0130K) \u00e7at\u0131s\u0131 alt\u0131nda faaliyet g\u00f6steren ve ba\u015fkanl\u0131\u011f\u0131n\u0131 DE\u0130K Ba\u015fkan\u0131 Nail Olpak&#8217;\u0131n y\u00fcr\u00fctt\u00fc\u011f\u00fc DT\u0130K, T\u00fcrk i\u015f d\u00fcnyas\u0131 ad\u0131na \u00e7ok \u00f6nemli bir etkinli\u011fi daha ger\u00e7ekle\u015ftirmek \u00fczere harekete ge\u00e7ti.<\/p>\n<p>Konsey, yurt d\u0131\u015f\u0131ndaki ba\u015far\u0131l\u0131 ve giri\u015fimci ruha sahip ve T\u00fcrkiye&#8217;nin uluslararas\u0131 arenada etkin olmas\u0131 i\u00e7in \u00e7aba g\u00f6steren T\u00fcrk giri\u015fimciler ile uluslararas\u0131 \u015firketlerin karar mekanizmalar\u0131n\u0131n ba\u015f\u0131ndaki T\u00fcrk profesyonelleri bir araya getirmek i\u00e7in faaliyetlerini s\u00fcrd\u00fcr\u00fcyor.<\/p>\n<p>DT\u0130K taraf\u0131ndan bu kapsamda 15-16 Eyl\u00fcl&#8217;de \u0130stanbul&#8217;da &#8220;D\u00fcnya T\u00fcrk \u0130\u015f Konseyi Kurultay\u0131&#8221; d\u00fczenlenecek.<\/p>\n<p>Yurt d\u0131\u015f\u0131nda yerle\u015fik T\u00fcrk i\u015f d\u00fcnyas\u0131 aras\u0131nda ticari ve ekonomik faaliyetleri geli\u015ftirerek T\u00fcrk lobisini yurt d\u0131\u015f\u0131nda geni\u015f kitlelere yaymay\u0131 ama\u00e7layan DT\u0130K, d\u00fcnya genelinde yerle\u015fik bir hayat s\u00fcren T\u00fcrk giri\u015fimcilerin sorunlar\u0131na \u00e7\u00f6z\u00fcm getirmek ve T\u00fcrkiye&#8217;nin yurt d\u0131\u015f\u0131ndaki imaj\u0131n\u0131 art\u0131rmak amac\u0131yla hayata ge\u00e7irdi\u011fi etkinliklere bir yenisini daha ekleyecek.<\/p>\n<h3>3 bin diaspora temsilcisini bulu\u015fturacak<\/h3>\n<p>Yurt d\u0131\u015f\u0131nda ya\u015fayan T\u00fcrk k\u00f6kenli ve T\u00fcrkiye dostu \u00fcst d\u00fczey i\u015f insanlar\u0131n\u0131n, uluslararas\u0131 \u015firketlerin y\u00f6neticilerinin, giri\u015fimcilerin, ekonomistlerin, uzmanlar\u0131n, sanat\u00e7\u0131lar\u0131n, sporcular\u0131n, siyaset\u00e7ilerin, b\u00fcrokratlar\u0131n ve akademisyenlerin kat\u0131laca\u011f\u0131 DT\u0130K Kurultay\u0131, yakla\u015f\u0131k 3 bin diaspora temsilcisini bulu\u015fturacak.<\/p>\n<p>A\u00e7\u0131l\u0131\u015f\u0131n\u0131n Cumhurba\u015fkan\u0131 Recep Tayyip Erdo\u011fan&#8217;\u0131n kat\u0131l\u0131m\u0131yla yap\u0131lmas\u0131 planlanan kurultaya, Ticaret Bakan\u0131 \u00d6mer Bolat ile D\u0131\u015fi\u015fleri Bakan\u0131 Hakan Fidan&#8217;\u0131n yan\u0131 s\u0131ra \u00e7ok say\u0131da \u00fcst d\u00fczey ismin kat\u0131lmas\u0131 bekleniyor.<\/p>\n<p>T\u00fcrk Devletler Te\u015fkilat\u0131 (TDT) \u00fclkelerinin ticaret ile ekonomiden sorumlu bakanlar\u0131n\u0131n da etkinlikte yerini almas\u0131 planlan\u0131yor.<\/p>\n<h3>Kurultay\u0131n T\u00fcrkiye&#8217;nin d\u0131\u015f ticaretine \u00f6nemli katk\u0131 sa\u011flamas\u0131 bekleniyor<\/h3>\n<p>D\u00fcnya T\u00fcrk \u0130\u015f Konseyi taraf\u0131ndan daha \u00f6nce 2009, 2011 ve 2016 y\u0131llar\u0131nda yakla\u015f\u0131k 80 \u00fclkeden toplam 2 bini a\u015fk\u0131n T\u00fcrk giri\u015fimci ve profesyonelin kat\u0131l\u0131m\u0131yla d\u00fczenlenen kurultaylar\u0131n bu y\u0131l 4&#8217;\u00fcnc\u00fcs\u00fc ger\u00e7ekle\u015ftirilecek.<\/p>\n<p>D\u00fcnyan\u0131n d\u00f6rt bir k\u00f6\u015fesinden yurt d\u0131\u015f\u0131nda ya\u015fayan T\u00fcrk k\u00f6kenli ve T\u00fcrkiye dostu binlerce diaspora temsilcisinin bir araya gelmesi i\u00e7in s\u00fcrd\u00fcr\u00fclen hummal\u0131 \u00e7al\u0131\u015fmalar s\u00fcr\u00fcyor.<\/p>\n<p>Yurt d\u0131\u015f\u0131nda ya\u015fayan T\u00fcrk k\u00f6kenli ve T\u00fcrkiye dostu i\u015f insanlar\u0131 aras\u0131nda koordinasyon ve network olu\u015fturmay\u0131 hedefleyen DT\u0130K&#8217;in bu amaca ula\u015fmak hedefiyle d\u00fczenleyece\u011fi kurultay\u0131n T\u00fcrkiye&#8217;nin d\u0131\u015f ticaretine de \u00f6nemli katk\u0131 sa\u011flamas\u0131 bekleniyor.<\/p>\n<h3>Diasporan\u0131n kar\u015f\u0131la\u015ft\u0131\u011f\u0131 sorunlar ve f\u0131rsatlar ele al\u0131nacak<\/h3>\n<p>T\u00fcrk diaspora temsilcilerinin bulu\u015fma noktas\u0131 olan DT\u0130K Kurultay\u0131&#8217;nda, T\u00fcrk diasporas\u0131na y\u00f6nelik f\u0131rsatlar ve diasporan\u0131n kar\u015f\u0131la\u015ft\u0131\u011f\u0131 sorunlar ele al\u0131nacak. Bu sorunlar tecr\u00fcbeli giri\u015fimciler, uzmanlar, akademisyenler ve kamu kurumu temsilcileri taraf\u0131ndan tart\u0131\u015f\u0131lacak ve diaspora stratejilerine y\u00f6nelik paneller d\u00fczenlenecek.<\/p>\n<p>Ayr\u0131ca, &#8220;ikili i\u015f g\u00f6r\u00fc\u015fmeleri&#8221; ile d\u00fcnyan\u0131n d\u00f6rt bir yan\u0131ndan kat\u0131lan T\u00fcrk giri\u015fimcilerin hem birbirleri hem de anavatandaki muhataplar\u0131 ile i\u015f birli\u011fi ve ortakl\u0131k kurmas\u0131na zemin olu\u015fturulacak.<\/p>\n<p>Kurultaya, T\u00fcrk i\u015f d\u00fcnyas\u0131n\u0131n yurt d\u0131\u015f\u0131nda ya\u015fayan yerle\u015fik giri\u015fimcileri, i\u015f d\u00fcnyas\u0131 \u00f6rg\u00fctleri, uluslararas\u0131 \u015firketlerde \u00fcst\u00fcn ba\u015far\u0131 sa\u011flam\u0131\u015f T\u00fcrk k\u00f6kenli ve T\u00fcrkiye dostu y\u00f6neticiler, ekonomistler, uzmanlar, siyasetin \u00fcst d\u00fczey temsilcileri, b\u00fcrokratlar ve akademisyenler kat\u0131lacak.<\/p>\n<p>                            <span class=\"detay-foto-editor\">&#13;<br \/>\n                                <a href=\"https:\/\/www.aa.com.tr\/tr\/p\/abonelik-talep-formu\/1001\" target=\"_blank\" style=\"font-size:12px; color:#444; text-decoration:none;\" rel=\"noopener\">&#13;<br \/>\n                                    Anadolu Ajans\u0131 web sitesinde, AA Haber Ak\u0131\u015f Sistemi (HAS) \u00fczerinden abonelere sunulan haberler, \u00f6zetlenerek yay\u0131mlanmaktad\u0131r. <b style=\"color:#1897F7\">Abonelik i\u00e7in l\u00fctfen ileti\u015fime ge\u00e7iniz.<\/b>&#13;<br \/>\n                                <\/a>&#13;<br \/>\n                            <\/span>\n                        <\/div>\n<p><script>\n\t  window.fbAsyncInit = function() {\n\t\tFB.init({\n\t\t  appId: '1855843514662870',\n\t\t  status : true, \/\/ check login status\n\t\t  cookie : true, \/\/ enable cookies to allow the server to access the session\n\t\t  xfbml  : true  \/\/ parse XFBML\n\t\t});\n\t  };<\/p>\n<p>\t  (function() {\n\t\tvar e = document.createElement('script');\n\t\te.src=\"https:\/\/connect.facebook.net\/tr_TR\/all.js\";\n\t\te.async = true;\n\t\tdocument.getElementById('fb-root').appendChild(e);\n\t  }());\n    <\/script><br \/>\n<br \/><br \/>\n<br \/><a href=\"https:\/\/www.aa.com.tr\/tr\/ekonomi\/turk-diasporasinin-dunya-capinda-ses-getiren-basarili-isimleri-istanbulda-bulusacak\/2957630\">Source link <\/a><\/p>\n","protected":false},"excerpt":{"rendered":"<p>D\u0131\u015f Ekonomik \u0130li\u015fkiler Kurulu (DE\u0130K) \u00e7at\u0131s\u0131 alt\u0131nda faaliyet g\u00f6steren ve ba\u015fkanl\u0131\u011f\u0131n\u0131 DE\u0130K Ba\u015fkan\u0131 Nail Olpak&#8217;\u0131n y\u00fcr\u00fctt\u00fc\u011f\u00fc DT\u0130K, T\u00fcrk i\u015f d\u00fcnyas\u0131 ad\u0131na \u00e7ok \u00f6nemli bir etkinli\u011fi daha ger\u00e7ekle\u015ftirmek \u00fczere harekete ge\u00e7ti. Konsey, yurt d\u0131\u015f\u0131ndaki ba\u015far\u0131l\u0131 ve giri\u015fimci ruha sahip ve T\u00fcrkiye&#8217;nin uluslararas\u0131 arenada etkin olmas\u0131 i\u00e7in \u00e7aba g\u00f6steren T\u00fcrk giri\u015fimciler ile uluslararas\u0131 \u015firketlerin karar mekanizmalar\u0131n\u0131n ba\u015f\u0131ndaki [&hellip;]<\/p>\n","protected":false},"author":1,"featured_media":10694,"comment_status":"","ping_status":"","sticky":false,"template":"","format":"standard","meta":[],"categories":[44],"tags":[],"_links":{"self":[{"href":"https:\/\/kraios.app\/news\/wp-json\/wp\/v2\/posts\/10693"}],"collection":[{"href":"https:\/\/kraios.app\/news\/wp-json\/wp\/v2\/posts"}],"about":[{"href":"https:\/\/kraios.app\/news\/wp-json\/wp\/v2\/types\/post"}],"author":[{"embeddable":true,"href":"https:\/\/kraios.app\/news\/wp-json\/wp\/v2\/users\/1"}],"replies":[{"embeddable":true,"href":"https:\/\/kraios.app\/news\/wp-json\/wp\/v2\/comments?post=10693"}],"version-history":[{"count":0,"href":"https:\/\/kraios.app\/news\/wp-json\/wp\/v2\/posts\/10693\/revisions"}],"wp:featuredmedia":[{"embeddable":true,"href":"https:\/\/kraios.app\/news\/wp-json\/wp\/v2\/media\/10694"}],"wp:attachment":[{"href":"https:\/\/kraios.app\/news\/wp-json\/wp\/v2\/media?parent=10693"}],"wp:term":[{"taxonomy":"category","embeddable":true,"href":"https:\/\/kraios.app\/news\/wp-json\/wp\/v2\/categories?post=10693"},{"taxonomy":"post_tag","embeddable":true,"href":"https:\/\/kraios.app\/news\/wp-json\/wp\/v2\/tags?post=10693"}],"curies":[{"name":"wp","href":"https:\/\/api.w.org\/{rel}","templated":true}]}}