{"id":10671,"date":"2023-07-30T21:20:04","date_gmt":"2023-07-30T21:20:04","guid":{"rendered":"https:\/\/kraios.app\/news\/ekonomi\/2023\/07\/30\/sakarya-yilin-ilk-yarisini-yaklasik-28-milyar-dolarlik-ihracatla-kapatti\/"},"modified":"2023-07-30T21:20:04","modified_gmt":"2023-07-30T21:20:04","slug":"sakarya-yilin-ilk-yarisini-yaklasik-28-milyar-dolarlik-ihracatla-kapatti","status":"publish","type":"post","link":"https:\/\/kraios.app\/news\/ekonomi\/2023\/07\/30\/sakarya-yilin-ilk-yarisini-yaklasik-28-milyar-dolarlik-ihracatla-kapatti\/","title":{"rendered":"Sakarya y\u0131l\u0131n ilk yar\u0131s\u0131n\u0131 yakla\u015f\u0131k 2,8 milyar dolarl\u0131k ihracatla kapatt\u0131"},"content":{"rendered":"<p> <br \/>\n<\/p>\n<div>\n<p>AA muhabirinin T\u00fcrkiye \u0130hracat\u00e7\u0131lar Meclisi verilerinden yapt\u0131\u011f\u0131 derlemeye g\u00f6re, ihracatta \u0130stanbul, Kocaeli, Bursa, \u0130zmir, Ankara ve Gaziantep&#8217;in ard\u0131ndan yedinci s\u0131rada bulunan Sakarya, \u00fcretim ve d\u0131\u015f sat\u0131mdaki y\u00fckseli\u015fini s\u00fcrd\u00fcrd\u00fc.<\/p>\n<p>Ge\u00e7en y\u0131l\u0131n ayn\u0131 d\u00f6nemine g\u00f6re ihracat\u0131n\u0131 y\u00fczde 4,9 art\u0131ran Sakarya, ba\u015fta otomotiv olmak \u00fczere demir ve demir d\u0131\u015f\u0131 metaller, makine ve aksamlar\u0131, iklimlendirme sanayi, kimyevi maddeler ve mamulleri, \u00e7elik, elektrik ve elektronik sekt\u00f6rleriyle ekonomiye g\u00fc\u00e7 katt\u0131.<\/p>\n<p>Sakarya, y\u0131l\u0131n ilk yar\u0131s\u0131nda 145 \u00fclke ve 10 serbest b\u00f6lgeye 2 milyar 760 milyon 473 bin dolarl\u0131k d\u0131\u015f sat\u0131m ger\u00e7ekle\u015ftirdi. S\u00f6z konusu d\u00f6nemde \u00fclke ihracat\u0131na y\u00fczde 2,5 katk\u0131 sa\u011flayan kentte en \u00e7ok sat\u0131\u015f, y\u00fczde 88 ile otomotiv sekt\u00f6r\u00fcnde ya\u015fand\u0131.<\/p>\n<p>Toyota, T\u00fcrkTrakt\u00f6r ve Otokar gibi \u00fcretim tesislerine ev sahipli\u011fi yapan kentten 6 ayda 2 milyar 429 milyon 5 bin dolarl\u0131k otomotiv ihracat\u0131 yap\u0131ld\u0131.<\/p>\n<p>D\u0131\u015f sat\u0131mda 54 milyon 418 bin dolarla demir ve demir d\u0131\u015f\u0131 metaller ikinci, 45 milyon 964 bin dolarla kimyevi maddeler ve mamulleri \u00fc\u00e7\u00fcnc\u00fc oldu. Bu sekt\u00f6rleri 44 milyon 756 bin dolarla makine ve aksamlar\u0131, 38 milyon 566 bin dolarla iklimlendirme sanayi, 29 milyon 899 bin dolarla \u00e7elik, 26 milyon 225 bin dolarla elektrik ve elektronik sekt\u00f6r\u00fc izledi.<\/p>\n<p>Bunlar aras\u0131nda 2023&#8217;\u00fcn ilk yar\u0131s\u0131nda ihracat\u0131n\u0131 ge\u00e7en y\u0131l\u0131n ayn\u0131 d\u00f6nemine g\u00f6re en \u00e7ok art\u0131ran sekt\u00f6r ise y\u00fczde 36,2 ile makine ve aksamlar\u0131 oldu.<\/p>\n<h3>En fazla ihracat \u0130spanya&#8217;ya<\/h3>\n<p>Ocak-haziran d\u00f6neminde kentten en fazla ihracat 346 milyon 989 bin dolarla \u0130spanya&#8217;ya yap\u0131ld\u0131. Bu \u00fclkeye yap\u0131lan ihracat, ge\u00e7en y\u0131l\u0131n ayn\u0131 d\u00f6nemine g\u00f6re y\u00fczde 37,3 artt\u0131.<\/p>\n<p>Sakarya&#8217;n\u0131n en fazla ihracat yapt\u0131\u011f\u0131 ikinci \u00fclke ise 335 milyon 898 bin dolarla Polonya oldu. Polonya&#8217;y\u0131 322 milyon 127 bin dolarla Fransa, 298 milyon 353 bin dolarla Birle\u015fik Krall\u0131k ve 220 milyon 373 bin dolarla Almanya izledi.<\/p>\n<p>Kentten y\u0131l\u0131n ilk 6 ay\u0131nda en fazla ihracat yap\u0131lan 10 \u00fclke ve 2022&#8217;nin ayn\u0131 d\u00f6nemine g\u00f6re de\u011fi\u015fim oranlar\u0131 \u015f\u00f6yle:<\/p>\n<table>\n<tbody>\n<tr>\n<td><strong>\u00dclke<\/strong><\/td>\n<td><strong>2022 (Bin dolar)<\/strong><\/td>\n<td><strong>2023 (Bin dolar)<\/strong><\/td>\n<td><strong>De\u011fi\u015fim (%)<\/strong><\/td>\n<\/tr>\n<tr>\n<td>\u0130spanya<\/td>\n<td>252,704<\/td>\n<td>346,989<\/td>\n<td>37,3<\/td>\n<\/tr>\n<tr>\n<td>Polonya<\/td>\n<td>292,943<\/td>\n<td>335,898<\/td>\n<td>14,7<\/td>\n<\/tr>\n<tr>\n<td>Fransa<\/td>\n<td>234,751<\/td>\n<td>322,127<\/td>\n<td>37,2<\/td>\n<\/tr>\n<tr>\n<td>Birle\u015fik Krall\u0131k<\/td>\n<td>313,264<\/td>\n<td>298,353<\/td>\n<td>-4,8<\/td>\n<\/tr>\n<tr>\n<td>Almanya<\/td>\n<td>241,441<\/td>\n<td>220,373<\/td>\n<td>-8,7<\/td>\n<\/tr>\n<tr>\n<td>\u0130talya<\/td>\n<td>150,452<\/td>\n<td>177,313<\/td>\n<td>17,9<\/td>\n<\/tr>\n<tr>\n<td>\u0130srail<\/td>\n<td>92,565<\/td>\n<td>125,620<\/td>\n<td>35,7<\/td>\n<\/tr>\n<tr>\n<td>Bulgaristan<\/td>\n<td>62,171<\/td>\n<td>83,768<\/td>\n<td>34,7<\/td>\n<\/tr>\n<tr>\n<td>Bel\u00e7ika<\/td>\n<td>83,461<\/td>\n<td>78,644<\/td>\n<td>-5,8<\/td>\n<\/tr>\n<tr>\n<td>\u0130sve\u00e7<\/td>\n<td>104,324<\/td>\n<td>74,087<\/td>\n<td>-29<\/td>\n<\/tr>\n<\/tbody>\n<\/table>\n<p><span class=\"detay-foto-editor\">&#13;<br \/>\n                                <a href=\"https:\/\/www.aa.com.tr\/tr\/p\/abonelik-talep-formu\/1001\" target=\"_blank\" style=\"font-size:12px; color:#444; text-decoration:none;\" rel=\"noopener\">&#13;<br \/>\n                                    Anadolu Ajans\u0131 web sitesinde, AA Haber Ak\u0131\u015f Sistemi (HAS) \u00fczerinden abonelere sunulan haberler, \u00f6zetlenerek yay\u0131mlanmaktad\u0131r. <b style=\"color:#1897F7\">Abonelik i\u00e7in l\u00fctfen ileti\u015fime ge\u00e7iniz.<\/b>&#13;<br \/>\n                                <\/a>&#13;<br \/>\n                            <\/span>\n                        <\/div>\n<p><script>\n\t  window.fbAsyncInit = function() {\n\t\tFB.init({\n\t\t  appId: '1855843514662870',\n\t\t  status : true, \/\/ check login status\n\t\t  cookie : true, \/\/ enable cookies to allow the server to access the session\n\t\t  xfbml  : true  \/\/ parse XFBML\n\t\t});\n\t  };<\/p>\n<p>\t  (function() {\n\t\tvar e = document.createElement('script');\n\t\te.src=\"https:\/\/connect.facebook.net\/tr_TR\/all.js\";\n\t\te.async = true;\n\t\tdocument.getElementById('fb-root').appendChild(e);\n\t  }());\n    <\/script><br \/>\n<br \/><br \/>\n<br \/><a href=\"https:\/\/www.aa.com.tr\/tr\/ekonomi\/sakarya-yilin-ilk-yarisini-yaklasik-2-8-milyar-dolarlik-ihracatla-kapatti\/2957755\">Source link <\/a><\/p>\n","protected":false},"excerpt":{"rendered":"<p>AA muhabirinin T\u00fcrkiye \u0130hracat\u00e7\u0131lar Meclisi verilerinden yapt\u0131\u011f\u0131 derlemeye g\u00f6re, ihracatta \u0130stanbul, Kocaeli, Bursa, \u0130zmir, Ankara ve Gaziantep&#8217;in ard\u0131ndan yedinci s\u0131rada bulunan Sakarya, \u00fcretim ve d\u0131\u015f sat\u0131mdaki y\u00fckseli\u015fini s\u00fcrd\u00fcrd\u00fc. Ge\u00e7en y\u0131l\u0131n ayn\u0131 d\u00f6nemine g\u00f6re ihracat\u0131n\u0131 y\u00fczde 4,9 art\u0131ran Sakarya, ba\u015fta otomotiv olmak \u00fczere demir ve demir d\u0131\u015f\u0131 metaller, makine ve aksamlar\u0131, iklimlendirme sanayi, kimyevi maddeler ve [&hellip;]<\/p>\n","protected":false},"author":1,"featured_media":10672,"comment_status":"","ping_status":"","sticky":false,"template":"","format":"standard","meta":[],"categories":[44],"tags":[],"_links":{"self":[{"href":"https:\/\/kraios.app\/news\/wp-json\/wp\/v2\/posts\/10671"}],"collection":[{"href":"https:\/\/kraios.app\/news\/wp-json\/wp\/v2\/posts"}],"about":[{"href":"https:\/\/kraios.app\/news\/wp-json\/wp\/v2\/types\/post"}],"author":[{"embeddable":true,"href":"https:\/\/kraios.app\/news\/wp-json\/wp\/v2\/users\/1"}],"replies":[{"embeddable":true,"href":"https:\/\/kraios.app\/news\/wp-json\/wp\/v2\/comments?post=10671"}],"version-history":[{"count":0,"href":"https:\/\/kraios.app\/news\/wp-json\/wp\/v2\/posts\/10671\/revisions"}],"wp:featuredmedia":[{"embeddable":true,"href":"https:\/\/kraios.app\/news\/wp-json\/wp\/v2\/media\/10672"}],"wp:attachment":[{"href":"https:\/\/kraios.app\/news\/wp-json\/wp\/v2\/media?parent=10671"}],"wp:term":[{"taxonomy":"category","embeddable":true,"href":"https:\/\/kraios.app\/news\/wp-json\/wp\/v2\/categories?post=10671"},{"taxonomy":"post_tag","embeddable":true,"href":"https:\/\/kraios.app\/news\/wp-json\/wp\/v2\/tags?post=10671"}],"curies":[{"name":"wp","href":"https:\/\/api.w.org\/{rel}","templated":true}]}}