{"id":10638,"date":"2023-07-30T16:30:26","date_gmt":"2023-07-30T16:30:26","guid":{"rendered":"https:\/\/kraios.app\/news\/spor\/2023\/07\/30\/f1-belcika-grand-prixsini-verstappen-kazandi\/"},"modified":"2023-07-30T16:30:26","modified_gmt":"2023-07-30T16:30:26","slug":"f1-belcika-grand-prixsini-verstappen-kazandi","status":"publish","type":"post","link":"https:\/\/kraios.app\/news\/spor\/2023\/07\/30\/f1-belcika-grand-prixsini-verstappen-kazandi\/","title":{"rendered":"F1 Bel\u00e7ika Grand Prix&#8217;sini Verstappen kazand\u0131"},"content":{"rendered":"<p><\/p>\n<div>\n<p>Formula 1 D\u00fcnya \u015eampiyonas\u0131&#8217;n\u0131n 13. aya\u011f\u0131 Bel\u00e7ika Grand Prix&#8217;sini, Red Bull tak\u0131m\u0131n\u0131n Hollandal\u0131 pilotu Max Verstappen kazand\u0131. <\/p>\n<p>Sezonun 13. m\u00fccadelesi, Stavelot kasabas\u0131ndaki 7 kilometrelik Spa-Francorchamps Pisti&#8217;nde, 44 tur \u00fczerinden yap\u0131ld\u0131.<\/p>\n<p>Yar\u0131\u015fa 6. cepten ba\u015flayan son 2 y\u0131l\u0131n \u015fampiyonu Verstappen, tak\u0131m arkada\u015f\u0131 Sergio Perez&#8217;in 22.3 saniye \u00f6n\u00fcnde pe\u015f pe\u015fe 8&#8217;inci, bu sezon 10&#8217;uncu, kariyerinin 45. yar\u0131\u015f birincili\u011fine ula\u015ft\u0131.<\/p>\n<p>Liderden 32.2 saniye sonra damal\u0131 bayra\u011f\u0131 g\u00f6ren Ferrari s\u00fcr\u00fcc\u00fcs\u00fc Charles Leclerc ise 3. oldu.<\/p>\n<p>Red Bull, ayn\u0131 sezonda \u00fcst \u00fcste 12 yar\u0131\u015f kazanan ilk Formula 1 tak\u0131m\u0131 olarak kay\u0131tlara ge\u00e7ti. Red Bull tak\u0131m\u0131n\u0131n galibiyet serisi de 13 yar\u0131\u015fa y\u00fckseldi.<\/p>\n<p>Puan\u0131n\u0131 314&#8217;e \u00e7\u0131karan pilotlar klasman\u0131 lideri Verstappen ile en yak\u0131n takip\u00e7isi Perez aras\u0131ndaki fark 125 puana y\u00fckseldi. Red Bull s\u00fcr\u00fcc\u00fclerini, 149 puanla Fernando Alonso (Aston Martin tak\u0131m\u0131) izledi.<\/p>\n<p>\u015eampiyonaya bir ay ara verilecek. Sezonun 14. yar\u0131\u015f\u0131 Hollanda Grand Prix&#8217;si 27 A\u011fustos&#8217;ta d\u00fczenlenecek.<\/p>\n<p>Sezonun 6. aya\u011f\u0131 Emilia-Romagna Grand Prix&#8217;si, olumsuz hava ko\u015fullar\u0131 nedeniyle iptal edilmi\u015fti.<\/p>\n<p>Bel\u00e7ika Grand Prix&#8217;sinin ard\u0131ndan pilotlar ve tak\u0131mlar klasman\u0131n\u0131n ilk 5 s\u0131ras\u0131 \u015f\u00f6yle olu\u015ftu:<\/p>\n<h3>Pilotlar<\/h3>\n<p>1. Max Verstappen (Hollanda): 314 puan<\/p>\n<p>2. Sergio Perez (Meksika): 189<\/p>\n<p>3. Fernando Alonso (\u0130spanya): 149<\/p>\n<p>4. Lewis Hamilton (B\u00fcy\u00fck Britanya): 148<\/p>\n<p>5. Charles Leclerc (Monako): 99<\/p>\n<h3>Tak\u0131mlar<\/h3>\n<p>1. Red Bull: 503<\/p>\n<p>2. Mercedes: 247<\/p>\n<p>3. Aston Martin: 196<\/p>\n<p>4. Ferrari: 191<\/p>\n<p>5. McLaren: 103<\/p>\n<p>                            <span class=\"detay-foto-editor\">&#13;<br \/>\n                                <a href=\"https:\/\/www.aa.com.tr\/tr\/p\/abonelik-talep-formu\/1001\" target=\"_blank\" style=\"font-size:12px; color:#444; text-decoration:none;\" rel=\"noopener\">&#13;<br \/>\n                                    Anadolu Ajans\u0131 web sitesinde, AA Haber Ak\u0131\u015f Sistemi (HAS) \u00fczerinden abonelere sunulan haberler, \u00f6zetlenerek yay\u0131mlanmaktad\u0131r. <b style=\"color:#1897F7\">Abonelik i\u00e7in l\u00fctfen ileti\u015fime ge\u00e7iniz.<\/b>&#13;<br \/>\n                                <\/a>&#13;<br \/>\n                            <\/span>\n                        <\/div>\n<p><script>\n\t  window.fbAsyncInit = function() {\n\t\tFB.init({\n\t\t  appId: '1855843514662870',\n\t\t  status : true, \/\/ check login status\n\t\t  cookie : true, \/\/ enable cookies to allow the server to access the session\n\t\t  xfbml  : true  \/\/ parse XFBML\n\t\t});\n\t  };<\/p>\n<p>\t  (function() {\n\t\tvar e = document.createElement('script');\n\t\te.src=\"https:\/\/connect.facebook.net\/tr_TR\/all.js\";\n\t\te.async = true;\n\t\tdocument.getElementById('fb-root').appendChild(e);\n\t  }());\n    <\/script><\/p>\n","protected":false},"excerpt":{"rendered":"<p>Formula 1 D\u00fcnya \u015eampiyonas\u0131&#8217;n\u0131n 13. aya\u011f\u0131 Bel\u00e7ika Grand Prix&#8217;sini, Red Bull tak\u0131m\u0131n\u0131n Hollandal\u0131 pilotu Max Verstappen kazand\u0131. Sezonun 13. m\u00fccadelesi, Stavelot kasabas\u0131ndaki 7 kilometrelik Spa-Francorchamps Pisti&#8217;nde, 44 tur \u00fczerinden yap\u0131ld\u0131. Yar\u0131\u015fa 6. cepten ba\u015flayan son 2 y\u0131l\u0131n \u015fampiyonu Verstappen, tak\u0131m arkada\u015f\u0131 Sergio Perez&#8217;in 22.3 saniye \u00f6n\u00fcnde pe\u015f pe\u015fe 8&#8217;inci, bu sezon 10&#8217;uncu, kariyerinin 45. yar\u0131\u015f [&hellip;]<\/p>\n","protected":false},"author":1,"featured_media":10639,"comment_status":"","ping_status":"","sticky":false,"template":"","format":"standard","meta":[],"categories":[48],"tags":[],"_links":{"self":[{"href":"https:\/\/kraios.app\/news\/wp-json\/wp\/v2\/posts\/10638"}],"collection":[{"href":"https:\/\/kraios.app\/news\/wp-json\/wp\/v2\/posts"}],"about":[{"href":"https:\/\/kraios.app\/news\/wp-json\/wp\/v2\/types\/post"}],"author":[{"embeddable":true,"href":"https:\/\/kraios.app\/news\/wp-json\/wp\/v2\/users\/1"}],"replies":[{"embeddable":true,"href":"https:\/\/kraios.app\/news\/wp-json\/wp\/v2\/comments?post=10638"}],"version-history":[{"count":0,"href":"https:\/\/kraios.app\/news\/wp-json\/wp\/v2\/posts\/10638\/revisions"}],"wp:featuredmedia":[{"embeddable":true,"href":"https:\/\/kraios.app\/news\/wp-json\/wp\/v2\/media\/10639"}],"wp:attachment":[{"href":"https:\/\/kraios.app\/news\/wp-json\/wp\/v2\/media?parent=10638"}],"wp:term":[{"taxonomy":"category","embeddable":true,"href":"https:\/\/kraios.app\/news\/wp-json\/wp\/v2\/categories?post=10638"},{"taxonomy":"post_tag","embeddable":true,"href":"https:\/\/kraios.app\/news\/wp-json\/wp\/v2\/tags?post=10638"}],"curies":[{"name":"wp","href":"https:\/\/api.w.org\/{rel}","templated":true}]}}