{"id":10630,"date":"2023-07-30T12:20:04","date_gmt":"2023-07-30T12:20:04","guid":{"rendered":"https:\/\/kraios.app\/news\/ekonomi\/2023\/07\/30\/dunyanin-en-iyi-100-limaninin-4u-turkiyeden\/"},"modified":"2023-07-30T12:20:04","modified_gmt":"2023-07-30T12:20:04","slug":"dunyanin-en-iyi-100-limaninin-4u-turkiyeden","status":"publish","type":"post","link":"https:\/\/kraios.app\/news\/ekonomi\/2023\/07\/30\/dunyanin-en-iyi-100-limaninin-4u-turkiyeden\/","title":{"rendered":"D\u00fcnyan\u0131n en iyi 100 liman\u0131n\u0131n 4&#8217;\u00fc T\u00fcrkiye&#8217;den"},"content":{"rendered":"<p> <br \/>\n<\/p>\n<div>\n<p>\u00a0Ula\u015ft\u0131rma ve Altyap\u0131 Bakan\u0131 Abdulkadir Uralo\u011flu; Ambarl\u0131, Kocaeli, Mersin ve Tekirda\u011f limanlar\u0131n\u0131n d\u00fcnyan\u0131n en eski ve prestijli yay\u0131m organ\u0131 &#8220;Lloyd&#8217;s List&#8221; taraf\u0131ndan ilk 100 liman aras\u0131nda g\u00f6sterilmesiyle ilgili, &#8220;Bu ba\u015far\u0131, T\u00fcrkiye&#8217;nin deniz ticaretindeki g\u00fcc\u00fcn\u00fc ve limanlar\u0131n\u0131n uluslararas\u0131 alanda ne kadar rekabet\u00e7i oldu\u011funu bir kez daha g\u00f6stermi\u015f oldu.&#8221; ifadesini kulland\u0131.<\/p>\n<p>Bakanl\u0131ktan yap\u0131lan yaz\u0131l\u0131 a\u00e7\u0131klamaya g\u00f6re, s\u00f6z konusu yay\u0131m organ\u0131, &#8220;D\u00fcnyan\u0131n En \u0130yi 100 Liman\u0131&#8221; raporunu haz\u0131rlad\u0131.<\/p>\n<p><img decoding=\"async\" alt=\"\" src=\"https:\/\/www.aa.com.tr\/uploads\/userFiles\/7e80dc7f-a011-4033-a881-3a6b5b580d82\/WhatsApp-Image-2023-07-30-at-14.33.33.jpg\"\/><\/p>\n<p>T\u00fcrkiye&#8217;den Ambarl\u0131, Kocaeli, Mersin ve Tekirda\u011f liman ba\u015fkanl\u0131\u011f\u0131 idari s\u0131n\u0131rlar\u0131 i\u00e7indeki liman i\u015fletmeleri, konteyner elle\u00e7leme say\u0131lar\u0131na g\u00f6re yap\u0131lan 2022 y\u0131l\u0131 de\u011ferlendirmesinde listeye girdi. Ambarl\u0131 liman\u0131 74, Kocaeli liman\u0131 89, Mersin liman\u0131 92, Tekirda\u011f liman\u0131 ise 100. s\u0131rada kendine yer buldu.<\/p>\n<p>Rapor, denizcilik sekt\u00f6r\u00fc i\u00e7in bir referans niteli\u011fi ta\u015f\u0131yor ve d\u00fcnyan\u0131n en iyi limanlar\u0131n\u0131 belirlemedeki objektif de\u011ferlendirmesiyle tan\u0131n\u0131yor.<\/p>\n<p>T\u00fcrkiye&#8217;den 4 liman\u0131n listede yer almas\u0131, \u00fclkede denizcilik ve lojistik alan\u0131nda ger\u00e7ekle\u015ftirilen \u00f6nemli yat\u0131r\u0131mlar\u0131n ve sekt\u00f6r\u00fcn geli\u015fiminin bir g\u00f6stergesi olarak dikkati \u00e7ekiyor. Ambarl\u0131, Kocaeli, Mersin ve Tekirda\u011f limanlar\u0131n\u0131n ba\u015far\u0131s\u0131, \u00fclkenin denizcilik alan\u0131ndaki potansiyelinin artmas\u0131 ad\u0131na \u00f6nemli bir ad\u0131m olarak kay\u0131tlara ge\u00e7ti.<\/p>\n<p>A\u00e7\u0131klamada g\u00f6r\u00fc\u015flerine yer verilen Ula\u015ft\u0131rma ve Altyap\u0131 Bakan\u0131 Abdulkadir Uralo\u011flu, &#8220;Bu ba\u015far\u0131, T\u00fcrkiye&#8217;nin deniz ticaretindeki g\u00fcc\u00fcn\u00fc ve limanlar\u0131n\u0131n uluslararas\u0131 alanda ne kadar rekabet\u00e7i oldu\u011funu bir kez daha g\u00f6stermi\u015f oldu. Ambarl\u0131, Kocaeli, Mersin ve Tekirda\u011f limanlar\u0131n\u0131n listeye giri\u015fi, \u00fclke ekonomisi ve lojistik sekt\u00f6r\u00fc i\u00e7in olumlu bir etki yaratacak ve T\u00fcrkiye&#8217;nin k\u00fcresel ticaretteki rol\u00fcn\u00fc g\u00fc\u00e7lendirecektir.&#8221; de\u011ferlendirmesinde bulundu.<\/p>\n<p>                            <span class=\"detay-foto-editor\">&#13;<br \/>\n                                <a href=\"https:\/\/www.aa.com.tr\/tr\/p\/abonelik-talep-formu\/1001\" target=\"_blank\" style=\"font-size:12px; color:#444; text-decoration:none;\" rel=\"noopener\">&#13;<br \/>\n                                    Anadolu Ajans\u0131 web sitesinde, AA Haber Ak\u0131\u015f Sistemi (HAS) \u00fczerinden abonelere sunulan haberler, \u00f6zetlenerek yay\u0131mlanmaktad\u0131r. <b style=\"color:#1897F7\">Abonelik i\u00e7in l\u00fctfen ileti\u015fime ge\u00e7iniz.<\/b>&#13;<br \/>\n                                <\/a>&#13;<br \/>\n                            <\/span>\n                        <\/div>\n<p><script>\n\t  window.fbAsyncInit = function() {\n\t\tFB.init({\n\t\t  appId: '1855843514662870',\n\t\t  status : true, \/\/ check login status\n\t\t  cookie : true, \/\/ enable cookies to allow the server to access the session\n\t\t  xfbml  : true  \/\/ parse XFBML\n\t\t});\n\t  };<\/p>\n<p>\t  (function() {\n\t\tvar e = document.createElement('script');\n\t\te.src=\"https:\/\/connect.facebook.net\/tr_TR\/all.js\";\n\t\te.async = true;\n\t\tdocument.getElementById('fb-root').appendChild(e);\n\t  }());\n    <\/script><br \/>\n<br \/><br \/>\n<br \/><a href=\"https:\/\/www.aa.com.tr\/tr\/ekonomi\/dunyanin-en-iyi-100-limaninin-4u-turkiyeden-\/2957720\">Source link <\/a><\/p>\n","protected":false},"excerpt":{"rendered":"<p>\u00a0Ula\u015ft\u0131rma ve Altyap\u0131 Bakan\u0131 Abdulkadir Uralo\u011flu; Ambarl\u0131, Kocaeli, Mersin ve Tekirda\u011f limanlar\u0131n\u0131n d\u00fcnyan\u0131n en eski ve prestijli yay\u0131m organ\u0131 &#8220;Lloyd&#8217;s List&#8221; taraf\u0131ndan ilk 100 liman aras\u0131nda g\u00f6sterilmesiyle ilgili, &#8220;Bu ba\u015far\u0131, T\u00fcrkiye&#8217;nin deniz ticaretindeki g\u00fcc\u00fcn\u00fc ve limanlar\u0131n\u0131n uluslararas\u0131 alanda ne kadar rekabet\u00e7i oldu\u011funu bir kez daha g\u00f6stermi\u015f oldu.&#8221; ifadesini kulland\u0131. Bakanl\u0131ktan yap\u0131lan yaz\u0131l\u0131 a\u00e7\u0131klamaya g\u00f6re, s\u00f6z [&hellip;]<\/p>\n","protected":false},"author":1,"featured_media":10631,"comment_status":"","ping_status":"","sticky":false,"template":"","format":"standard","meta":[],"categories":[44],"tags":[],"_links":{"self":[{"href":"https:\/\/kraios.app\/news\/wp-json\/wp\/v2\/posts\/10630"}],"collection":[{"href":"https:\/\/kraios.app\/news\/wp-json\/wp\/v2\/posts"}],"about":[{"href":"https:\/\/kraios.app\/news\/wp-json\/wp\/v2\/types\/post"}],"author":[{"embeddable":true,"href":"https:\/\/kraios.app\/news\/wp-json\/wp\/v2\/users\/1"}],"replies":[{"embeddable":true,"href":"https:\/\/kraios.app\/news\/wp-json\/wp\/v2\/comments?post=10630"}],"version-history":[{"count":0,"href":"https:\/\/kraios.app\/news\/wp-json\/wp\/v2\/posts\/10630\/revisions"}],"wp:featuredmedia":[{"embeddable":true,"href":"https:\/\/kraios.app\/news\/wp-json\/wp\/v2\/media\/10631"}],"wp:attachment":[{"href":"https:\/\/kraios.app\/news\/wp-json\/wp\/v2\/media?parent=10630"}],"wp:term":[{"taxonomy":"category","embeddable":true,"href":"https:\/\/kraios.app\/news\/wp-json\/wp\/v2\/categories?post=10630"},{"taxonomy":"post_tag","embeddable":true,"href":"https:\/\/kraios.app\/news\/wp-json\/wp\/v2\/tags?post=10630"}],"curies":[{"name":"wp","href":"https:\/\/api.w.org\/{rel}","templated":true}]}}