{"id":10619,"date":"2023-07-30T08:20:04","date_gmt":"2023-07-30T08:20:04","guid":{"rendered":"https:\/\/kraios.app\/news\/ekonomi\/2023\/07\/30\/tescilli-kilis-zeytinyaginin-dunya-pazarindaki-payinin-artirilmasi-hedefleniyor\/"},"modified":"2023-07-30T08:20:04","modified_gmt":"2023-07-30T08:20:04","slug":"tescilli-kilis-zeytinyaginin-dunya-pazarindaki-payinin-artirilmasi-hedefleniyor","status":"publish","type":"post","link":"https:\/\/kraios.app\/news\/ekonomi\/2023\/07\/30\/tescilli-kilis-zeytinyaginin-dunya-pazarindaki-payinin-artirilmasi-hedefleniyor\/","title":{"rendered":"Tescilli Kilis zeytinya\u011f\u0131n\u0131n d\u00fcnya pazar\u0131ndaki pay\u0131n\u0131n art\u0131r\u0131lmas\u0131 hedefleniyor"},"content":{"rendered":"<p> <br \/>\n<\/p>\n<div>\n<p>Kentte 3 milyonun \u00fczerinde meyve veren a\u011fa\u00e7tan elde edilen zeytinya\u011f\u0131, aromas\u0131, kendine has tad\u0131 ve sa\u011fl\u0131kl\u0131 olmas\u0131 nedeniyle mutfaklar\u0131n vazge\u00e7ilmezi aras\u0131nda yer al\u0131yor.<\/p>\n<p>Zeytinya\u011f\u0131 \u00fcretiminin yo\u011fun yap\u0131ld\u0131\u011f\u0131 \u00fclkelerdeki kurakl\u0131k dolay\u0131s\u0131yla g\u00f6zler T\u00fcrkiye&#8217;ye \u00e7evrildi.<\/p>\n<p>\u00dclkedeki zeytin \u00fcretim alanlar\u0131ndan biri olan Kilis&#8217;te de bu sezon ya\u011f\u0131n hem verim hem de fiyat olarak \u00fcreticinin y\u00fcz\u00fcn\u00fc g\u00fcld\u00fcrmesi bekleniyor.<\/p>\n<p>B\u00f6lgedeki as\u0131rl\u0131k a\u011fa\u00e7lardan elde edilerek, ba\u015fta Arap \u00fclkeleri ve ABD olmak \u00fczere bir\u00e7ok \u00fclkeye ihra\u00e7 edilen Kilis zeytinya\u011f\u0131nda yeni hedef Avrupa pazar\u0131.<\/p>\n<p><img decoding=\"async\" alt=\"\" src=\"https:\/\/www.aa.com.tr\/uploads\/userFiles\/a54ea27f-6036-4f79-88c6-6bc9ba19a35d\/08_Nisan%2F06%20temmuz%2F15%2FAA-31801082.jpg\"\/><\/p>\n<h3>&#8220;A\u015f\u0131r\u0131 s\u0131caklardan az etkilenece\u011fini d\u00fc\u015f\u00fcn\u00fcyoruz&#8221;<\/h3>\n<p>Kilis Zeytin Ara\u015ft\u0131rma ve Geli\u015ftirme Derne\u011fi (K\u0130ZADER) Ba\u015fkan\u0131 Prof. Dr. Naz\u0131m \u015eekero\u011flu, AA muhabirine, 4 bin 500 y\u0131ll\u0131k zeytin \u00e7ekirde\u011finin Oylum H\u00f6y\u00fck&#8217;te bulundu\u011funu belirterek, yap\u0131lacak olan genetik \u00e7al\u0131\u015fmalar sonras\u0131 Kilis&#8217;in ya\u011fl\u0131k zeytin a\u011fa\u00e7lar\u0131n\u0131n d\u00fcnyada zeytinin atas\u0131 olarak kay\u0131tlara ge\u00e7ece\u011fine inand\u0131\u011f\u0131n\u0131 s\u00f6yledi.<\/p>\n<p>&#8220;Kilis genelinde \u00fcretilen zeytinlerin g\u00fcbre ve tar\u0131m ilac\u0131 kullan\u0131lmadan tamamen do\u011fal yollarla yeti\u015fti\u011fini s\u00f6yleyebiliriz.&#8221; diyen \u015eekero\u011flu, y\u0131llar itibar\u0131yla b\u00f6lgeye adapte olan Kilis ya\u011fl\u0131k zeytinlerinin iklim ko\u015fullar\u0131na g\u00f6re gerek so\u011fuktan gerek a\u015f\u0131r\u0131 s\u0131caktan di\u011fer zeytin \u00e7e\u015fitlerine g\u00f6re daha az etkilendi\u011fini belirtti.<\/p>\n<p><img decoding=\"async\" alt=\"\" src=\"https:\/\/www.aa.com.tr\/uploads\/userFiles\/a54ea27f-6036-4f79-88c6-6bc9ba19a35d\/08_Nisan%2F06%20temmuz%2F15%2FAA-31801088.jpg\"\/><\/p>\n<p>\u015eekero\u011flu, Kilis&#8217;te bu y\u0131l &#8220;yok y\u0131l\u0131&#8221; olmas\u0131na kar\u015f\u0131n \u00f6zellikle zeytinde \u00e7i\u00e7eklenme d\u00f6neminin serin, d\u00f6llenmenin de olduk\u00e7a ba\u015far\u0131l\u0131 ge\u00e7ti\u011fini anlatarak, bundan dolay\u0131 verimin iyi olaca\u011f\u0131n\u0131 d\u00fc\u015f\u00fcnd\u00fcklerini ifade etti.<\/p>\n<p>&#8220;Kilis ya\u011fl\u0131k zeytinlerinin di\u011fer \u00e7e\u015fitlere g\u00f6re a\u015f\u0131r\u0131 s\u0131caklardan \u00e7ok daha az etkilenece\u011fini d\u00fc\u015f\u00fcn\u00fcyoruz.&#8221; ifadesini kullanan \u015eekero\u011flu, Kilis&#8217;te zeytin rekoltesinin ortalama 27 bin ton civar\u0131nda oldu\u011funu, bu y\u0131l &#8220;yok y\u0131l\u0131&#8221; olmas\u0131na ra\u011fmen bu rakamlara yak\u0131n zeytin veriminin al\u0131naca\u011f\u0131n\u0131 d\u00fc\u015f\u00fcnd\u00fcklerini kaydetti.<\/p>\n<p><img decoding=\"async\" alt=\"\" src=\"https:\/\/www.aa.com.tr\/uploads\/userFiles\/a54ea27f-6036-4f79-88c6-6bc9ba19a35d\/08_Nisan%2F06%20temmuz%2F15%2FAA-31801087.jpg\"\/><\/p>\n<h3>&#8220;Ta\u011f\u015fi\u015fe dikkat edilmeli&#8221;<\/h3>\n<p>Zeytinde ba\u015far\u0131l\u0131 bir sezon olmas\u0131n\u0131n yakla\u015f\u0131k 6 ila 8 bin ton zeytinya\u011f\u0131 \u00fcretiminin olaca\u011f\u0131n\u0131 g\u00f6sterdi\u011fini dile getiren \u015eekero\u011flu, zeytin veriminin d\u00fc\u015f\u00fck, fiyat\u0131n\u0131n ise y\u00fcksek olmas\u0131 nedeniyle zeytinya\u011f\u0131nda ta\u011f\u015fi\u015f olabilece\u011fi uyar\u0131s\u0131nda bulundu.<\/p>\n<p>\u015eekero\u011flu, &#8220;Kilis&#8217;te yakla\u015f\u0131k 3 milyonun \u00fczerinde verime yatan zeytin a\u011fac\u0131 bulunuyor. Bu a\u011fa\u00e7lardan da Kilis&#8217;te ortalama ya\u011f verimi y\u00fczde 30&#8217;un \u00fczerinde. Hatta ilerleyen d\u00f6nemlerde hasatta ocak ay\u0131na do\u011fru y\u00fczde 50 verime kadar gelebiliyor. \u00c7\u00fcnk\u00fc Kilis ya\u011fl\u0131k zeytin a\u011fa\u00e7lar\u0131, d\u00fcnyada en fazla ya\u011f oran\u0131na sahip zeytin a\u011fa\u00e7lar\u0131. \u0130klim de\u011fi\u015fikliklerinden, \u00e7evre ko\u015fullar\u0131ndan daha az etkilenmesi, Kilis&#8217;te di\u011fer b\u00f6lgelere g\u00f6re normal verimlerin al\u0131naca\u011f\u0131n\u0131 g\u00f6steriyor.&#8221; diye konu\u015ftu.<\/p>\n<p>Ge\u00e7en sezon Kilis&#8217;ten do\u011frudan veya dolayl\u0131 olarak yakla\u015f\u0131k 500 ton zeytinya\u011f\u0131 ihra\u00e7 edildi\u011fini anlatan \u015eekero\u011flu, Kilis&#8217;teki zeytinya\u011f\u0131 pazar\u0131nda hareketlenmenin ba\u015flad\u0131\u011f\u0131n\u0131 ve bir\u00e7ok firman\u0131n b\u00f6lgeye y\u00f6neldi\u011fini aktard\u0131.<\/p>\n<p>Prof. Dr. \u015eekero\u011flu, s\u00f6zlerini \u015f\u00f6yle s\u00fcrd\u00fcrd\u00fc:<\/p>\n<p>&#8220;\u0130hracat taleplerini kar\u015f\u0131lamak i\u00e7in t\u00fcccarlar Kilis&#8217;e gelip Kilis zeytinya\u011f\u0131n\u0131 al\u0131p Avrupa&#8217;ya ve di\u011fer \u00fclkelere g\u00f6nderiyor. Buradaki amac\u0131m\u0131z ihracat\u0131 do\u011frudan Kilis&#8217;ten yapabilmek. Bu konuda hem dernek hem de Valilik, belediye, \u00fcniversite ile yeni stratejiler geli\u015ftirece\u011fiz. Kilis zeytinya\u011f\u0131m\u0131z\u0131 d\u00fcnyaya do\u011frudan Kilis&#8217;ten ihra\u00e7 etmenin yollar\u0131n\u0131 bulaca\u011f\u0131z. Zaten Kilis zeytinya\u011f\u0131 son y\u0131llarda ald\u0131\u011f\u0131 alt\u0131n madalyalarla d\u00fcnya \u00e7ap\u0131nda tan\u0131nmaya ba\u015flad\u0131. Yapt\u0131\u011f\u0131m\u0131z bilimsel \u00e7al\u0131\u015fmalarla buldu\u011fumuz \u00f6zel ya\u011f asitleri sayesinde omega 7 ya\u011f asitleri, nervonik asit gibi \u00f6zellikle Alzheimer, kanser gibi hastal\u0131klarda faydal\u0131 bile\u015fenlerin bulunmas\u0131yla da \u00f6n\u00fcm\u00fczdeki y\u0131llarda ila\u00e7 ve kozmetik sekt\u00f6r\u00fcnde \u00f6n plana \u00e7\u0131kacak bir zeytinya\u011f\u0131 \u00fcr\u00fcn\u00fc olacak.&#8221;<\/p>\n<p>Kilis zeytinya\u011f\u0131n\u0131n T\u00fcrkiye&#8217;de de kalite olarak \u00f6n plana \u00e7\u0131kt\u0131\u011f\u0131n\u0131 belirten \u015eekero\u011flu, burada \u00fcretilen ya\u011f\u0131n \u00f6n\u00fcm\u00fczdeki s\u00fcre\u00e7te d\u00fcnya piyasalar\u0131nda da aranan bir zeytinya\u011f\u0131 konumuna gelece\u011fini kaydetti.<\/p>\n<p>\u015eekero\u011flu, &#8220;T\u00fcrkiye&#8217;de i\u00e7 t\u00fcketimde yo\u011fun \u015fekilde Ege ve Marmara b\u00f6lgesi ya\u011flar\u0131 kullan\u0131l\u0131yor. Dolay\u0131s\u0131yla Kilis ya\u011f\u0131 kaliteli oldu\u011fu i\u00e7in tamamen ihracat odakl\u0131 kullan\u0131labilece\u011fini d\u00fc\u015f\u00fcn\u00fcyoruz.&#8221; dedi.<\/p>\n<p>                            <span class=\"detay-foto-editor\">&#13;<br \/>\n                                <a href=\"https:\/\/www.aa.com.tr\/tr\/p\/abonelik-talep-formu\/1001\" target=\"_blank\" style=\"font-size:12px; color:#444; text-decoration:none;\" rel=\"noopener\">&#13;<br \/>\n                                    Anadolu Ajans\u0131 web sitesinde, AA Haber Ak\u0131\u015f Sistemi (HAS) \u00fczerinden abonelere sunulan haberler, \u00f6zetlenerek yay\u0131mlanmaktad\u0131r. <b style=\"color:#1897F7\">Abonelik i\u00e7in l\u00fctfen ileti\u015fime ge\u00e7iniz.<\/b>&#13;<br \/>\n                                <\/a>&#13;<br \/>\n                            <\/span>\n                        <\/div>\n<p><script>\n\t  window.fbAsyncInit = function() {\n\t\tFB.init({\n\t\t  appId: '1855843514662870',\n\t\t  status : true, \/\/ check login status\n\t\t  cookie : true, \/\/ enable cookies to allow the server to access the session\n\t\t  xfbml  : true  \/\/ parse XFBML\n\t\t});\n\t  };<\/p>\n<p>\t  (function() {\n\t\tvar e = document.createElement('script');\n\t\te.src=\"https:\/\/connect.facebook.net\/tr_TR\/all.js\";\n\t\te.async = true;\n\t\tdocument.getElementById('fb-root').appendChild(e);\n\t  }());\n    <\/script><br \/>\n<br \/><br \/>\n<br \/><a href=\"https:\/\/www.aa.com.tr\/tr\/ekonomi\/tescilli-kilis-zeytinyaginin-dunya-pazarindaki-payinin-artirilmasi-hedefleniyor\/2957588\">Source link <\/a><\/p>\n","protected":false},"excerpt":{"rendered":"<p>Kentte 3 milyonun \u00fczerinde meyve veren a\u011fa\u00e7tan elde edilen zeytinya\u011f\u0131, aromas\u0131, kendine has tad\u0131 ve sa\u011fl\u0131kl\u0131 olmas\u0131 nedeniyle mutfaklar\u0131n vazge\u00e7ilmezi aras\u0131nda yer al\u0131yor. Zeytinya\u011f\u0131 \u00fcretiminin yo\u011fun yap\u0131ld\u0131\u011f\u0131 \u00fclkelerdeki kurakl\u0131k dolay\u0131s\u0131yla g\u00f6zler T\u00fcrkiye&#8217;ye \u00e7evrildi. \u00dclkedeki zeytin \u00fcretim alanlar\u0131ndan biri olan Kilis&#8217;te de bu sezon ya\u011f\u0131n hem verim hem de fiyat olarak \u00fcreticinin y\u00fcz\u00fcn\u00fc g\u00fcld\u00fcrmesi bekleniyor. B\u00f6lgedeki [&hellip;]<\/p>\n","protected":false},"author":1,"featured_media":10620,"comment_status":"","ping_status":"","sticky":false,"template":"","format":"standard","meta":[],"categories":[44],"tags":[],"_links":{"self":[{"href":"https:\/\/kraios.app\/news\/wp-json\/wp\/v2\/posts\/10619"}],"collection":[{"href":"https:\/\/kraios.app\/news\/wp-json\/wp\/v2\/posts"}],"about":[{"href":"https:\/\/kraios.app\/news\/wp-json\/wp\/v2\/types\/post"}],"author":[{"embeddable":true,"href":"https:\/\/kraios.app\/news\/wp-json\/wp\/v2\/users\/1"}],"replies":[{"embeddable":true,"href":"https:\/\/kraios.app\/news\/wp-json\/wp\/v2\/comments?post=10619"}],"version-history":[{"count":0,"href":"https:\/\/kraios.app\/news\/wp-json\/wp\/v2\/posts\/10619\/revisions"}],"wp:featuredmedia":[{"embeddable":true,"href":"https:\/\/kraios.app\/news\/wp-json\/wp\/v2\/media\/10620"}],"wp:attachment":[{"href":"https:\/\/kraios.app\/news\/wp-json\/wp\/v2\/media?parent=10619"}],"wp:term":[{"taxonomy":"category","embeddable":true,"href":"https:\/\/kraios.app\/news\/wp-json\/wp\/v2\/categories?post=10619"},{"taxonomy":"post_tag","embeddable":true,"href":"https:\/\/kraios.app\/news\/wp-json\/wp\/v2\/tags?post=10619"}],"curies":[{"name":"wp","href":"https:\/\/api.w.org\/{rel}","templated":true}]}}