{"id":10616,"date":"2023-07-30T07:55:34","date_gmt":"2023-07-30T07:55:34","guid":{"rendered":"https:\/\/kraios.app\/news\/spor\/2023\/07\/30\/dunya-okculuk-sampiyonasi-yarin-almanyada-baslayacak\/"},"modified":"2023-07-30T07:55:34","modified_gmt":"2023-07-30T07:55:34","slug":"dunya-okculuk-sampiyonasi-yarin-almanyada-baslayacak","status":"publish","type":"post","link":"https:\/\/kraios.app\/news\/spor\/2023\/07\/30\/dunya-okculuk-sampiyonasi-yarin-almanyada-baslayacak\/","title":{"rendered":"D\u00fcnya Ok\u00e7uluk \u015eampiyonas\u0131 yar\u0131n Almanya&#039;da ba\u015flayacak"},"content":{"rendered":"<p>Milli ok\u00e7ular, Almanya&#8217;da yar\u0131n ba\u015flayacak D\u00fcnya \u015eampiyonas\u0131&#8217;nda m\u00fccadele edecek.<\/p>\n","protected":false},"excerpt":{"rendered":"<p>Milli ok\u00e7ular, Almanya&#8217;da yar\u0131n ba\u015flayacak D\u00fcnya \u015eampiyonas\u0131&#8217;nda m\u00fccadele edecek.<\/p>\n","protected":false},"author":1,"featured_media":10617,"comment_status":"","ping_status":"","sticky":false,"template":"","format":"standard","meta":[],"categories":[48],"tags":[],"_links":{"self":[{"href":"https:\/\/kraios.app\/news\/wp-json\/wp\/v2\/posts\/10616"}],"collection":[{"href":"https:\/\/kraios.app\/news\/wp-json\/wp\/v2\/posts"}],"about":[{"href":"https:\/\/kraios.app\/news\/wp-json\/wp\/v2\/types\/post"}],"author":[{"embeddable":true,"href":"https:\/\/kraios.app\/news\/wp-json\/wp\/v2\/users\/1"}],"replies":[{"embeddable":true,"href":"https:\/\/kraios.app\/news\/wp-json\/wp\/v2\/comments?post=10616"}],"version-history":[{"count":0,"href":"https:\/\/kraios.app\/news\/wp-json\/wp\/v2\/posts\/10616\/revisions"}],"wp:featuredmedia":[{"embeddable":true,"href":"https:\/\/kraios.app\/news\/wp-json\/wp\/v2\/media\/10617"}],"wp:attachment":[{"href":"https:\/\/kraios.app\/news\/wp-json\/wp\/v2\/media?parent=10616"}],"wp:term":[{"taxonomy":"category","embeddable":true,"href":"https:\/\/kraios.app\/news\/wp-json\/wp\/v2\/categories?post=10616"},{"taxonomy":"post_tag","embeddable":true,"href":"https:\/\/kraios.app\/news\/wp-json\/wp\/v2\/tags?post=10616"}],"curies":[{"name":"wp","href":"https:\/\/api.w.org\/{rel}","templated":true}]}}