{"id":10609,"date":"2023-07-30T04:20:05","date_gmt":"2023-07-30T04:20:05","guid":{"rendered":"https:\/\/kraios.app\/news\/ekonomi\/2023\/07\/30\/hak-isten-kamu-cerceve-protokolunun-belediyelerde-de-uygulanmasi-talebi\/"},"modified":"2023-07-30T04:20:05","modified_gmt":"2023-07-30T04:20:05","slug":"hak-isten-kamu-cerceve-protokolunun-belediyelerde-de-uygulanmasi-talebi","status":"publish","type":"post","link":"https:\/\/kraios.app\/news\/ekonomi\/2023\/07\/30\/hak-isten-kamu-cerceve-protokolunun-belediyelerde-de-uygulanmasi-talebi\/","title":{"rendered":"HAK-\u0130\u015e&#8217;ten Kamu \u00c7er\u00e7eve Protokol\u00fc&#8217;n\u00fcn belediyelerde de uygulanmas\u0131 talebi"},"content":{"rendered":"<p> <br \/>\n<\/p>\n<div>\n<p>Arslan, AA muhabirine yapt\u0131\u011f\u0131 a\u00e7\u0131klamada, kamudaki 700 binden fazla kamu i\u015f\u00e7isinin mali ve sosyal haklar\u0131n\u0131 belirleyen Kamu Toplu \u0130\u015f S\u00f6zle\u015fmeleri \u00c7er\u00e7eve Protokol\u00fc&#8217;n\u00fcn may\u0131s ay\u0131nda imzaland\u0131\u011f\u0131n\u0131 an\u0131msatt\u0131.<\/p>\n<p>Belediye ve belediyeye ait \u015firketlerdeki \u00e7al\u0131\u015fanlar\u0131n da yasal olarak bu protokole dahil edilmesi gerekti\u011fini savunan Arslan, yetkililerin bu konudaki a\u00e7\u0131klamalar\u0131na ve yasadaki h\u00fck\u00fcmlere ra\u011fmen bunun uygulanmad\u0131\u011f\u0131n\u0131 s\u00f6yledi.<\/p>\n<p>Eski \u00c7al\u0131\u015fma ve Sosyal G\u00fcvenlik Bakan\u0131 Vedat Bilgin ile belediyeler ve belediye \u015firketlerinin de Kamu \u00c7er\u00e7eve Protokol\u00fc&#8217;ne dahil edilmesi konusunda bir mutabakat sa\u011flad\u0131klar\u0131n\u0131 belirten Arslan, \u015f\u00f6yle konu\u015ftu:<\/p>\n<p>&#8220;S\u00f6zle\u015fme m\u00fczakereleri devam ederken, Say\u0131n Bilgin ile bunu konu\u015ftuk ancak, T\u00dcRK-\u0130\u015e kendi sendikalar\u0131n\u0131n talebi \u00fczerine kamu \u00e7er\u00e7eveye belediyelerin dahil edilmesine kar\u015f\u0131 \u00e7\u0131kt\u0131. Bu kar\u015f\u0131 \u00e7\u0131k\u0131\u015f olunca, HAK-\u0130\u015e olarak Say\u0131n Bakan ile ayr\u0131 bir protokol yaparak bu i\u015fi \u00e7\u00f6zme giri\u015fiminde bulunduk. Say\u0131n \u00c7al\u0131\u015fma Genel M\u00fcd\u00fcr\u00fc de T\u00fcrk A\u011f\u0131r Sanayii ve Hizmet Sekt\u00f6r\u00fc Kamu \u0130\u015fverenleri Sendikas\u0131 (T\u00dcH\u0130S) Genel Sekreteri de bu konuda Say\u0131n Bakan ile ayn\u0131 \u015feyleri d\u00fc\u015f\u00fcnd\u00fc. Kamu \u00c7er\u00e7eve Protokol\u00fc&#8217;n\u00fcn imza t\u00f6reninde Say\u0131n Cumhurba\u015fkan\u0131m\u0131z da ilan etti. Cumhurba\u015fkan\u0131m\u0131z, Kamu \u00c7er\u00e7evesi Protokol\u00fc kapsam\u0131na giren i\u015f yerlerini belediyeleri de dahil ederek tek tek sayd\u0131. Buna ra\u011fmen belediyelerin kapsam d\u0131\u015f\u0131 tutulmas\u0131 ger\u00e7ekten kabul edilecek bir durum de\u011fil. B\u00fct\u00fcn muhataplar\u0131m\u0131z\u0131n, Kamu \u00c7er\u00e7eve Protokol\u00fc&#8217;n\u00fcn belediyeler i\u00e7in de uygulanmas\u0131 hususunda bizim taleplerimizi dikkate almas\u0131 gerekiyor.&#8221;<\/p>\n<h3>&#8220;Geri d\u00f6n\u00fclmek istenmesini asla kabul etmiyoruz&#8221;<\/h3>\n<p>Y\u00fcksek Hakem Kurulunun di\u011fer y\u0131llardan farkl\u0131 olarak bu y\u0131l ilk kez Kamu \u00c7er\u00e7eve Protokol\u00fc&#8217;n\u00fcn prensip kararlar\u0131n\u0131 dikkate ald\u0131\u011f\u0131n\u0131 vurgulayan Arslan, \u015funlar\u0131 kaydetti:<\/p>\n<p>&#8220;Bu kapsamda bir k\u0131s\u0131m belediyelerin toplu s\u00f6zle\u015fmeleri Kamu \u00c7er\u00e7eve Protokol\u00fc do\u011frultusunda sonu\u00e7land\u0131r\u0131ld\u0131. Ama orada da yeni bir sorunla kar\u015f\u0131la\u015f\u0131yoruz. Y\u00fcksek Hakem Kurulundaki baz\u0131 \u00fcyeler, Kamu \u00c7er\u00e7eve Protokol\u00fc&#8217;n\u00fcn prensip kararlar\u0131n\u0131n kabul edilmesine kar\u015f\u0131 \u00e7\u0131kmaya ba\u015flad\u0131. Biz i\u015f\u00e7iler olarak Y\u00fcksek Hakem Kuruluna zorunluluktan gidiyoruz. Grev yasaklar\u0131nda, greve &#8216;hay\u0131r&#8217; dendi\u011fi zaman gidiyoruz. Buna ra\u011fmen hem T\u0130SK&#8217;in hem de i\u015fveren sendikas\u0131n\u0131n buna itiraz etmesini ve yeniden geri d\u00f6n\u00fclmek istenmesini asla kabul etmiyoruz.&#8221;<\/p>\n<h3>&#8220;Belediye i\u015f\u00e7ilerinin \u00f6nemli b\u00f6l\u00fcm\u00fc ikinci i\u015f yap\u0131yor&#8221;<\/h3>\n<p>Ya\u015fanan y\u00fcksek enflasyonun bir\u00e7ok i\u015f yerindeki toplu i\u015f s\u00f6zle\u015fmesinin ek protokollerle g\u00fcncellenmesini zorunlu k\u0131ld\u0131\u011f\u0131n\u0131 dile getiren Arslan, \u015fu ifadeleri kulland\u0131:<\/p>\n<p>&#8220;Ek protokol imzalamad\u0131\u011f\u0131m\u0131z i\u015f yerlerinde maalesef i\u015f\u00e7i \u00fccretleri, asgari \u00fccret civar\u0131nda seyrediyor. Bununla b\u00fcy\u00fck\u015fehirlerde asgari \u00fccretle ev kiras\u0131n\u0131 bile kar\u015f\u0131lama imkan\u0131 yok. Dolay\u0131s\u0131yla bu y\u0131k\u0131m\u0131n \u00f6n\u00fcne ge\u00e7memiz gerekiyor. Belediyelerin kaynaklar\u0131 s\u0131n\u0131rl\u0131 olabilir ama \u00e7al\u0131\u015fanlar\u0131n durumu da ortada. \u0130stanbul&#8217;da bir ara\u015ft\u0131rma yapt\u0131k. Belediye i\u015f\u00e7ilerinin \u00f6nemli bir b\u00f6l\u00fcm\u00fc ikinci i\u015f yap\u0131yor. Bu son derece \u00fcz\u00fcnt\u00fc verici bir \u015fey. \u0130\u015f\u00e7i mesaiden \u00e7\u0131k\u0131yor, ikinci bir i\u015fte \u00e7al\u0131\u015f\u0131yor. \u0130kinci i\u015f dedi\u011fimiz ne? Valelik, garsonluk, taksicilik. O insanlar hayata tutunmak i\u00e7in i\u015ften sonra bir daha \u00e7al\u0131\u015fmak zorunda kal\u0131yor.&#8221;<\/p>\n<h3>&#8220;\u00d6zel sekt\u00f6rde s\u00f6zle\u015fmeler asgari \u00fccret d\u00fczeyine d\u00fc\u015ft\u00fc&#8221;<\/h3>\n<p>Arslan, asgari \u00fccretin yayg\u0131n \u00fccrete d\u00f6n\u00fc\u015ft\u00fc\u011f\u00fcne, 6 milyondan fazla \u00e7al\u0131\u015fan\u0131n asgari \u00fccret seviyesinde \u00fccret ald\u0131\u011f\u0131na dikkati \u00e7ekerek, asgari \u00fccretin di\u011fer \u00fccretlerden fazla artmas\u0131n\u0131n \u00f6zel sekt\u00f6rdeki toplu i\u015f s\u00f6zle\u015fmelerini de tehdit etti\u011fini s\u00f6yledi.<\/p>\n<p>\u00d6zel sekt\u00f6rdeki \u00fccret politikas\u0131nda b\u00fcy\u00fck bir s\u0131k\u0131nt\u0131n\u0131n ya\u015fand\u0131\u011f\u0131n\u0131 belirten Arslan, \u015f\u00f6yle devam etti:<\/p>\n<p>&#8220;10 y\u0131ld\u0131r sendikaya \u00fcye bir i\u015f\u00e7inin \u00fccreti, yeni giren i\u015f\u00e7inin \u00fccreti ile e\u015fitlenince toplu i\u015f s\u00f6zle\u015fmesi anlam\u0131n\u0131 yitiriyor. Asgari \u00fccret art\u0131nca b\u00fct\u00fcn \u00fccretler ayn\u0131 oranda artm\u0131yor. \u00d6zel sekt\u00f6rde \u00f6zellikle artm\u0131yor ki 15 milyon sigortal\u0131 i\u015f\u00e7inin sadece 2 milyonu sendikal\u0131. Bunlar\u0131n da zaten 1 milyona yak\u0131n\u0131 kamuda. \u00d6zel sekt\u00f6rdeki toplu i\u015f s\u00f6zle\u015fmeleri istisnalar hari\u00e7 asgari \u00fccret d\u00fczeyine d\u00fc\u015ft\u00fc. Bu konuda b\u00fcy\u00fck s\u0131k\u0131nt\u0131 ya\u015fan\u0131yor. Asgari \u00fccret genel \u00fccrete d\u00fc\u015ft\u00fc. Bu ger\u00e7ekten T\u00fcrkiye i\u00e7in \u00e7al\u0131\u015fma hayat\u0131 i\u00e7in \u00e7ok \u00f6nemli bir sorun.&#8221;<\/p>\n<p>                            <span class=\"detay-foto-editor\">&#13;<br \/>\n                                <a href=\"https:\/\/www.aa.com.tr\/tr\/p\/abonelik-talep-formu\/1001\" target=\"_blank\" style=\"font-size:12px; color:#444; text-decoration:none;\" rel=\"noopener\">&#13;<br \/>\n                                    Anadolu Ajans\u0131 web sitesinde, AA Haber Ak\u0131\u015f Sistemi (HAS) \u00fczerinden abonelere sunulan haberler, \u00f6zetlenerek yay\u0131mlanmaktad\u0131r. <b style=\"color:#1897F7\">Abonelik i\u00e7in l\u00fctfen ileti\u015fime ge\u00e7iniz.<\/b>&#13;<br \/>\n                                <\/a>&#13;<br \/>\n                            <\/span>\n                        <\/div>\n<p><script>\n\t  window.fbAsyncInit = function() {\n\t\tFB.init({\n\t\t  appId: '1855843514662870',\n\t\t  status : true, \/\/ check login status\n\t\t  cookie : true, \/\/ enable cookies to allow the server to access the session\n\t\t  xfbml  : true  \/\/ parse XFBML\n\t\t});\n\t  };<\/p>\n<p>\t  (function() {\n\t\tvar e = document.createElement('script');\n\t\te.src=\"https:\/\/connect.facebook.net\/tr_TR\/all.js\";\n\t\te.async = true;\n\t\tdocument.getElementById('fb-root').appendChild(e);\n\t  }());\n    <\/script><br \/>\n<br \/><br \/>\n<br \/><a href=\"https:\/\/www.aa.com.tr\/tr\/ekonomi\/hak-isten-kamu-cerceve-protokolunun-belediyelerde-de-uygulanmasi-talebi\/2957172\">Source link <\/a><\/p>\n","protected":false},"excerpt":{"rendered":"<p>Arslan, AA muhabirine yapt\u0131\u011f\u0131 a\u00e7\u0131klamada, kamudaki 700 binden fazla kamu i\u015f\u00e7isinin mali ve sosyal haklar\u0131n\u0131 belirleyen Kamu Toplu \u0130\u015f S\u00f6zle\u015fmeleri \u00c7er\u00e7eve Protokol\u00fc&#8217;n\u00fcn may\u0131s ay\u0131nda imzaland\u0131\u011f\u0131n\u0131 an\u0131msatt\u0131. Belediye ve belediyeye ait \u015firketlerdeki \u00e7al\u0131\u015fanlar\u0131n da yasal olarak bu protokole dahil edilmesi gerekti\u011fini savunan Arslan, yetkililerin bu konudaki a\u00e7\u0131klamalar\u0131na ve yasadaki h\u00fck\u00fcmlere ra\u011fmen bunun uygulanmad\u0131\u011f\u0131n\u0131 s\u00f6yledi. Eski \u00c7al\u0131\u015fma [&hellip;]<\/p>\n","protected":false},"author":1,"featured_media":10610,"comment_status":"","ping_status":"","sticky":false,"template":"","format":"standard","meta":[],"categories":[44],"tags":[],"_links":{"self":[{"href":"https:\/\/kraios.app\/news\/wp-json\/wp\/v2\/posts\/10609"}],"collection":[{"href":"https:\/\/kraios.app\/news\/wp-json\/wp\/v2\/posts"}],"about":[{"href":"https:\/\/kraios.app\/news\/wp-json\/wp\/v2\/types\/post"}],"author":[{"embeddable":true,"href":"https:\/\/kraios.app\/news\/wp-json\/wp\/v2\/users\/1"}],"replies":[{"embeddable":true,"href":"https:\/\/kraios.app\/news\/wp-json\/wp\/v2\/comments?post=10609"}],"version-history":[{"count":0,"href":"https:\/\/kraios.app\/news\/wp-json\/wp\/v2\/posts\/10609\/revisions"}],"wp:featuredmedia":[{"embeddable":true,"href":"https:\/\/kraios.app\/news\/wp-json\/wp\/v2\/media\/10610"}],"wp:attachment":[{"href":"https:\/\/kraios.app\/news\/wp-json\/wp\/v2\/media?parent=10609"}],"wp:term":[{"taxonomy":"category","embeddable":true,"href":"https:\/\/kraios.app\/news\/wp-json\/wp\/v2\/categories?post=10609"},{"taxonomy":"post_tag","embeddable":true,"href":"https:\/\/kraios.app\/news\/wp-json\/wp\/v2\/tags?post=10609"}],"curies":[{"name":"wp","href":"https:\/\/api.w.org\/{rel}","templated":true}]}}