{"id":10584,"date":"2023-07-29T19:17:51","date_gmt":"2023-07-29T19:17:51","guid":{"rendered":"https:\/\/kraios.app\/news\/spor\/2023\/07\/29\/arda-guler-real-madridin-abddeki-kampindan-ayriliyor\/"},"modified":"2023-07-29T19:17:51","modified_gmt":"2023-07-29T19:17:51","slug":"arda-guler-real-madridin-abddeki-kampindan-ayriliyor","status":"publish","type":"post","link":"https:\/\/kraios.app\/news\/spor\/2023\/07\/29\/arda-guler-real-madridin-abddeki-kampindan-ayriliyor\/","title":{"rendered":"Arda G\u00fcler, Real Madrid&#039;in ABD&#039;deki kamp\u0131ndan ayr\u0131l\u0131yor"},"content":{"rendered":"<p>\u0130spanyol temsilcisi Real Madrid, Arda G\u00fcler&#8217;in sakatl\u0131\u011f\u0131 nedeniyle kamptan ayr\u0131larak Madrid&#8217;e d\u00f6nece\u011fini a\u00e7\u0131klad\u0131.<\/p>\n","protected":false},"excerpt":{"rendered":"<p>\u0130spanyol temsilcisi Real Madrid, Arda G\u00fcler&#8217;in sakatl\u0131\u011f\u0131 nedeniyle kamptan ayr\u0131larak Madrid&#8217;e d\u00f6nece\u011fini a\u00e7\u0131klad\u0131.<\/p>\n","protected":false},"author":1,"featured_media":0,"comment_status":"","ping_status":"","sticky":false,"template":"","format":"standard","meta":[],"categories":[48],"tags":[],"_links":{"self":[{"href":"https:\/\/kraios.app\/news\/wp-json\/wp\/v2\/posts\/10584"}],"collection":[{"href":"https:\/\/kraios.app\/news\/wp-json\/wp\/v2\/posts"}],"about":[{"href":"https:\/\/kraios.app\/news\/wp-json\/wp\/v2\/types\/post"}],"author":[{"embeddable":true,"href":"https:\/\/kraios.app\/news\/wp-json\/wp\/v2\/users\/1"}],"replies":[{"embeddable":true,"href":"https:\/\/kraios.app\/news\/wp-json\/wp\/v2\/comments?post=10584"}],"version-history":[{"count":0,"href":"https:\/\/kraios.app\/news\/wp-json\/wp\/v2\/posts\/10584\/revisions"}],"wp:attachment":[{"href":"https:\/\/kraios.app\/news\/wp-json\/wp\/v2\/media?parent=10584"}],"wp:term":[{"taxonomy":"category","embeddable":true,"href":"https:\/\/kraios.app\/news\/wp-json\/wp\/v2\/categories?post=10584"},{"taxonomy":"post_tag","embeddable":true,"href":"https:\/\/kraios.app\/news\/wp-json\/wp\/v2\/tags?post=10584"}],"curies":[{"name":"wp","href":"https:\/\/api.w.org\/{rel}","templated":true}]}}