{"id":10554,"date":"2023-07-29T12:20:05","date_gmt":"2023-07-29T12:20:05","guid":{"rendered":"https:\/\/kraios.app\/news\/ekonomi\/2023\/07\/29\/mobilya-sektoru-2028-ihracat-hedefine-odaklandi\/"},"modified":"2023-07-29T12:20:05","modified_gmt":"2023-07-29T12:20:05","slug":"mobilya-sektoru-2028-ihracat-hedefine-odaklandi","status":"publish","type":"post","link":"https:\/\/kraios.app\/news\/ekonomi\/2023\/07\/29\/mobilya-sektoru-2028-ihracat-hedefine-odaklandi\/","title":{"rendered":"Mobilya sekt\u00f6r\u00fc 2028 ihracat hedefine odakland\u0131"},"content":{"rendered":"<p> <br \/>\n<br \/>Mobilya Dernekleri Federasyonu (MOSFED) Ba\u015fkan\u0131 Ahmet G\u00fcle\u00e7, mobilya sekt\u00f6r\u00fc olarak 2028 y\u0131l\u0131 ihracat hedeflerinin 12 milyar dolar oldu\u011funu, sekt\u00f6r\u00fcn bilgi, donan\u0131m ve motivasyon olarak bu hedefi ger\u00e7ekle\u015ftirecek g\u00fc\u00e7te bulundu\u011funu bildirdi.<br \/>\n<br \/><br \/>\n<br \/><a href=\"https:\/\/www.aa.com.tr\/tr\/ekonomi\/mobilya-sektoru-2028-ihracat-hedefine-odaklandi\/2957244\">Source link <\/a><\/p>\n","protected":false},"excerpt":{"rendered":"<p>Mobilya Dernekleri Federasyonu (MOSFED) Ba\u015fkan\u0131 Ahmet G\u00fcle\u00e7, mobilya sekt\u00f6r\u00fc olarak 2028 y\u0131l\u0131 ihracat hedeflerinin 12 milyar dolar oldu\u011funu, sekt\u00f6r\u00fcn bilgi, donan\u0131m ve motivasyon olarak bu hedefi ger\u00e7ekle\u015ftirecek g\u00fc\u00e7te bulundu\u011funu bildirdi. Source link<\/p>\n","protected":false},"author":1,"featured_media":10555,"comment_status":"","ping_status":"","sticky":false,"template":"","format":"standard","meta":[],"categories":[44],"tags":[],"_links":{"self":[{"href":"https:\/\/kraios.app\/news\/wp-json\/wp\/v2\/posts\/10554"}],"collection":[{"href":"https:\/\/kraios.app\/news\/wp-json\/wp\/v2\/posts"}],"about":[{"href":"https:\/\/kraios.app\/news\/wp-json\/wp\/v2\/types\/post"}],"author":[{"embeddable":true,"href":"https:\/\/kraios.app\/news\/wp-json\/wp\/v2\/users\/1"}],"replies":[{"embeddable":true,"href":"https:\/\/kraios.app\/news\/wp-json\/wp\/v2\/comments?post=10554"}],"version-history":[{"count":0,"href":"https:\/\/kraios.app\/news\/wp-json\/wp\/v2\/posts\/10554\/revisions"}],"wp:featuredmedia":[{"embeddable":true,"href":"https:\/\/kraios.app\/news\/wp-json\/wp\/v2\/media\/10555"}],"wp:attachment":[{"href":"https:\/\/kraios.app\/news\/wp-json\/wp\/v2\/media?parent=10554"}],"wp:term":[{"taxonomy":"category","embeddable":true,"href":"https:\/\/kraios.app\/news\/wp-json\/wp\/v2\/categories?post=10554"},{"taxonomy":"post_tag","embeddable":true,"href":"https:\/\/kraios.app\/news\/wp-json\/wp\/v2\/tags?post=10554"}],"curies":[{"name":"wp","href":"https:\/\/api.w.org\/{rel}","templated":true}]}}