{"id":10552,"date":"2023-07-29T11:20:10","date_gmt":"2023-07-29T11:20:10","guid":{"rendered":"https:\/\/kraios.app\/news\/spor\/2023\/07\/29\/benhur-keser-ilk-kez-forma-giyecegi-super-ligde-kalici-olmak-istiyor\/"},"modified":"2023-07-29T11:20:10","modified_gmt":"2023-07-29T11:20:10","slug":"benhur-keser-ilk-kez-forma-giyecegi-super-ligde-kalici-olmak-istiyor","status":"publish","type":"post","link":"https:\/\/kraios.app\/news\/spor\/2023\/07\/29\/benhur-keser-ilk-kez-forma-giyecegi-super-ligde-kalici-olmak-istiyor\/","title":{"rendered":"Benhur Keser, ilk kez forma giyece\u011fi S\u00fcper Lig&#8217;de kal\u0131c\u0131 olmak istiyor"},"content":{"rendered":"<p><\/p>\n<div>\n<p>Kayserispor altyap\u0131s\u0131nda yeti\u015fen 26 ya\u015f\u0131ndaki kanat oyuncusu Keser, yeni sezon haz\u0131rl\u0131klar\u0131 i\u00e7in Paland\u00f6ken Da\u011f\u0131 eteklerindeki Y\u00fcksek \u0130rtifa Kamp Merkezi&#8217;nde tak\u0131m\u0131yla 2. etap kamp \u00e7al\u0131\u015fmalar\u0131n\u0131 tamamlad\u0131.<\/p>\n<p>Kariyerinde oynad\u0131\u011f\u0131 tak\u0131mlarla \u015fampiyonluk ya\u015fay\u0131p bir \u00fcst lige \u00e7\u0131kmas\u0131n\u0131n ard\u0131ndan ilk kez S\u00fcper Lig&#8217;de forma giyecek olan Keser, AA muhabirine yapt\u0131\u011f\u0131 a\u00e7\u0131klamada, sezon ba\u015f\u0131 kamplar\u0131n\u0131n her zaman zor, tempolu ve yo\u011fun ge\u00e7ti\u011fini s\u00f6yledi.<\/p>\n<p>Teknik direkt\u00f6r \u0130lhan Palut&#8217;un daha s\u0131k\u0131 ve disiplinli oldu\u011funu, \u00e7al\u0131\u015fmalar\u0131n a\u011f\u0131r ve yo\u011fun ge\u00e7ti\u011fini ifade eden Keser, &#8220;Yo\u011fun bir \u015fekilde \u00e7al\u0131\u015ft\u0131rmas\u0131, oyun sisteminin oldu\u011funu g\u00f6steriyor. Sisteme ayak uydurmak i\u00e7in tempo, g\u00fc\u00e7 ve kuvvet gerekiyor. Yorucu oluyor ama bundan memnunuz.&#8221; diye konu\u015ftu.<\/p>\n<h3>&#8220;S\u00fcper Lig&#8217;i yakalad\u0131m, herkese nasip olmaz&#8221;<\/h3>\n<p>Kendisini Kocaelispor&#8217;la buldu\u011funu anlatan Keser, tak\u0131mla 2. Lig&#8217;de \u015fampiyonluk ya\u015fad\u0131\u011f\u0131n\u0131 ve o an\u0131n atmosferinin \u00e7ok farkl\u0131 oldu\u011funu kaydetti.<\/p>\n<p>Her T\u00fcrk futbolcunun S\u00fcper Lig&#8217;de oynamay\u0131 hayal etti\u011fine i\u015faret eden Keser, \u015f\u00f6yle konu\u015ftu:<\/p>\n<p>&#8220;Buraya kolay gelmedim. 3. Lig, 2. Lig, 1. Lig ve sonunda \u00e7ok \u015f\u00fck\u00fcr S\u00fcper Lig&#8217;i yakalad\u0131m, herkese nasip olmaz. En dipten geldi\u011finiz ve baz\u0131 zorluklar\u0131 g\u00f6rd\u00fc\u011f\u00fcn\u00fcz zaman, buralara gelirken hedefiniz \u00e7ok farkl\u0131 oluyor. S\u00fcper Lig&#8217;e \u00e7\u0131kt\u0131m ama hedefime \u015fu an daha ula\u015fmad\u0131m. S\u00fcper Lig&#8217;de ilk defa oynayaca\u011f\u0131m. Ya\u015fay\u0131p g\u00f6rmek laz\u0131m ama \u00e7evrem bana S\u00fcper Lig&#8217;in daha rahat bir lig oldu\u011funu ve daha g\u00fczel bir sezon ge\u00e7irece\u011fimi s\u00f6yl\u00fcyor.&#8221;<\/p>\n<p>Elinden geleni yaparak tak\u0131m\u0131na faydal\u0131 olup kariyeri i\u00e7in iyi i\u015fler yapmay\u0131 planlad\u0131\u011f\u0131n\u0131 s\u00f6yleyen Keser, hedeflere ula\u015fmak i\u00e7in g\u00f6sterilen \u00e7aban\u0131n \u00f6nemine de\u011findi.<\/p>\n<h3>&#8220;\u00c7ok \u00e7al\u0131\u015f\u0131p S\u00fcper Lig&#8217;de ba\u015far\u0131lar sa\u011flamak istiyorum&#8221;<\/h3>\n<p>\u00c7al\u0131\u015fmadan ba\u015far\u0131n\u0131n gelmeyece\u011fini vurgulayan Keser, &#8220;S\u00fcper Lig&#8217;e \u00e7\u0131kt\u0131k diye her \u015fey bitti de\u011fil, burada kal\u0131c\u0131 olmak \u00f6nemli. Kal\u0131c\u0131 olmay\u0131 hedefliyorum. \u00c7ok \u00e7al\u0131\u015f\u0131p S\u00fcper Lig&#8217;de iyi i\u015fler yapmak ve ba\u015far\u0131lar sa\u011flamak istiyorum. Herkesin hedefi farkl\u0131, 4 b\u00fcy\u00fck tak\u0131ma ve yurt d\u0131\u015f\u0131na gideyim diye. Bunlar da benim hedefim ama pe\u015fin konu\u015fmayaca\u011f\u0131m. \u0130nsan ilk ba\u015fta kendisini geli\u015ftirmeli. Buraya \u00e7\u0131kt\u0131m, benim i\u00e7in yeterli de\u011fil. Kal\u0131c\u0131 olup ondan sonra bir \u015feyler ba\u015fard\u0131ktan sonra \u00fcst\u00fcne koyarsam, ba\u015far\u0131rsam, zaten oralara gidece\u011fime kendi g\u00f6z\u00fcmle emin bak\u0131yorum.&#8221; de\u011ferlendirmesinde bulundu.<\/p>\n<p>Keser, her futbolcunun hayali olan milli formay\u0131 giymeyi de \u00e7ok istedi\u011fini s\u00f6zlerine ekledi.<\/p>\n<p>                            <span class=\"detay-foto-editor\">&#13;<br \/>\n                                <a href=\"https:\/\/www.aa.com.tr\/tr\/p\/abonelik-talep-formu\/1001\" target=\"_blank\" style=\"font-size:12px; color:#444; text-decoration:none;\" rel=\"noopener\">&#13;<br \/>\n                                    Anadolu Ajans\u0131 web sitesinde, AA Haber Ak\u0131\u015f Sistemi (HAS) \u00fczerinden abonelere sunulan haberler, \u00f6zetlenerek yay\u0131mlanmaktad\u0131r. <b style=\"color:#1897F7\">Abonelik i\u00e7in l\u00fctfen ileti\u015fime ge\u00e7iniz.<\/b>&#13;<br \/>\n                                <\/a>&#13;<br \/>\n                            <\/span>\n                        <\/div>\n<p><script>\n\t  window.fbAsyncInit = function() {\n\t\tFB.init({\n\t\t  appId: '1855843514662870',\n\t\t  status : true, \/\/ check login status\n\t\t  cookie : true, \/\/ enable cookies to allow the server to access the session\n\t\t  xfbml  : true  \/\/ parse XFBML\n\t\t});\n\t  };<\/p>\n<p>\t  (function() {\n\t\tvar e = document.createElement('script');\n\t\te.src=\"https:\/\/connect.facebook.net\/tr_TR\/all.js\";\n\t\te.async = true;\n\t\tdocument.getElementById('fb-root').appendChild(e);\n\t  }());\n    <\/script><\/p>\n","protected":false},"excerpt":{"rendered":"<p>Kayserispor altyap\u0131s\u0131nda yeti\u015fen 26 ya\u015f\u0131ndaki kanat oyuncusu Keser, yeni sezon haz\u0131rl\u0131klar\u0131 i\u00e7in Paland\u00f6ken Da\u011f\u0131 eteklerindeki Y\u00fcksek \u0130rtifa Kamp Merkezi&#8217;nde tak\u0131m\u0131yla 2. etap kamp \u00e7al\u0131\u015fmalar\u0131n\u0131 tamamlad\u0131. Kariyerinde oynad\u0131\u011f\u0131 tak\u0131mlarla \u015fampiyonluk ya\u015fay\u0131p bir \u00fcst lige \u00e7\u0131kmas\u0131n\u0131n ard\u0131ndan ilk kez S\u00fcper Lig&#8217;de forma giyecek olan Keser, AA muhabirine yapt\u0131\u011f\u0131 a\u00e7\u0131klamada, sezon ba\u015f\u0131 kamplar\u0131n\u0131n her zaman zor, tempolu ve [&hellip;]<\/p>\n","protected":false},"author":1,"featured_media":10553,"comment_status":"","ping_status":"","sticky":false,"template":"","format":"standard","meta":[],"categories":[48],"tags":[],"_links":{"self":[{"href":"https:\/\/kraios.app\/news\/wp-json\/wp\/v2\/posts\/10552"}],"collection":[{"href":"https:\/\/kraios.app\/news\/wp-json\/wp\/v2\/posts"}],"about":[{"href":"https:\/\/kraios.app\/news\/wp-json\/wp\/v2\/types\/post"}],"author":[{"embeddable":true,"href":"https:\/\/kraios.app\/news\/wp-json\/wp\/v2\/users\/1"}],"replies":[{"embeddable":true,"href":"https:\/\/kraios.app\/news\/wp-json\/wp\/v2\/comments?post=10552"}],"version-history":[{"count":0,"href":"https:\/\/kraios.app\/news\/wp-json\/wp\/v2\/posts\/10552\/revisions"}],"wp:featuredmedia":[{"embeddable":true,"href":"https:\/\/kraios.app\/news\/wp-json\/wp\/v2\/media\/10553"}],"wp:attachment":[{"href":"https:\/\/kraios.app\/news\/wp-json\/wp\/v2\/media?parent=10552"}],"wp:term":[{"taxonomy":"category","embeddable":true,"href":"https:\/\/kraios.app\/news\/wp-json\/wp\/v2\/categories?post=10552"},{"taxonomy":"post_tag","embeddable":true,"href":"https:\/\/kraios.app\/news\/wp-json\/wp\/v2\/tags?post=10552"}],"curies":[{"name":"wp","href":"https:\/\/api.w.org\/{rel}","templated":true}]}}