{"id":10532,"date":"2023-07-29T08:20:04","date_gmt":"2023-07-29T08:20:04","guid":{"rendered":"https:\/\/kraios.app\/news\/spor\/2023\/07\/29\/58-cumhurbaskanligi-turkiye-bisiklet-turu-8-15-ekim-tarihlerinde-yapilacak\/"},"modified":"2023-07-29T08:20:04","modified_gmt":"2023-07-29T08:20:04","slug":"58-cumhurbaskanligi-turkiye-bisiklet-turu-8-15-ekim-tarihlerinde-yapilacak","status":"publish","type":"post","link":"https:\/\/kraios.app\/news\/spor\/2023\/07\/29\/58-cumhurbaskanligi-turkiye-bisiklet-turu-8-15-ekim-tarihlerinde-yapilacak\/","title":{"rendered":"58. Cumhurba\u015fkanl\u0131\u011f\u0131 T\u00fcrkiye Bisiklet Turu, 8-15 Ekim tarihlerinde yap\u0131lacak"},"content":{"rendered":"<p>Kahramanmara\u015f merkezli depremler nedeniyle ertelenen 58. Cumhurba\u015fkanl\u0131\u011f\u0131 T\u00fcrkiye Bisiklet Turu, 8-15 Ekim tarihlerinde ger\u00e7ekle\u015ftirilecek.<\/p>\n","protected":false},"excerpt":{"rendered":"<p>Kahramanmara\u015f merkezli depremler nedeniyle ertelenen 58. Cumhurba\u015fkanl\u0131\u011f\u0131 T\u00fcrkiye Bisiklet Turu, 8-15 Ekim tarihlerinde ger\u00e7ekle\u015ftirilecek.<\/p>\n","protected":false},"author":1,"featured_media":10533,"comment_status":"","ping_status":"","sticky":false,"template":"","format":"standard","meta":[],"categories":[48],"tags":[],"_links":{"self":[{"href":"https:\/\/kraios.app\/news\/wp-json\/wp\/v2\/posts\/10532"}],"collection":[{"href":"https:\/\/kraios.app\/news\/wp-json\/wp\/v2\/posts"}],"about":[{"href":"https:\/\/kraios.app\/news\/wp-json\/wp\/v2\/types\/post"}],"author":[{"embeddable":true,"href":"https:\/\/kraios.app\/news\/wp-json\/wp\/v2\/users\/1"}],"replies":[{"embeddable":true,"href":"https:\/\/kraios.app\/news\/wp-json\/wp\/v2\/comments?post=10532"}],"version-history":[{"count":0,"href":"https:\/\/kraios.app\/news\/wp-json\/wp\/v2\/posts\/10532\/revisions"}],"wp:featuredmedia":[{"embeddable":true,"href":"https:\/\/kraios.app\/news\/wp-json\/wp\/v2\/media\/10533"}],"wp:attachment":[{"href":"https:\/\/kraios.app\/news\/wp-json\/wp\/v2\/media?parent=10532"}],"wp:term":[{"taxonomy":"category","embeddable":true,"href":"https:\/\/kraios.app\/news\/wp-json\/wp\/v2\/categories?post=10532"},{"taxonomy":"post_tag","embeddable":true,"href":"https:\/\/kraios.app\/news\/wp-json\/wp\/v2\/tags?post=10532"}],"curies":[{"name":"wp","href":"https:\/\/api.w.org\/{rel}","templated":true}]}}