{"id":10513,"date":"2023-07-28T21:11:28","date_gmt":"2023-07-28T21:11:28","guid":{"rendered":"https:\/\/kraios.app\/news\/spor\/2023\/07\/28\/galatasarayin-yeni-transferleri-taraftarlarin-onunde-sozlesme-imzalayacak\/"},"modified":"2023-07-28T21:11:28","modified_gmt":"2023-07-28T21:11:28","slug":"galatasarayin-yeni-transferleri-taraftarlarin-onunde-sozlesme-imzalayacak","status":"publish","type":"post","link":"https:\/\/kraios.app\/news\/spor\/2023\/07\/28\/galatasarayin-yeni-transferleri-taraftarlarin-onunde-sozlesme-imzalayacak\/","title":{"rendered":"Galatasaray&#039;\u0131n yeni transferleri taraftarlar\u0131n \u00f6n\u00fcnde s\u00f6zle\u015fme imzalayacak"},"content":{"rendered":"<p>Galatasaray Futbol Tak\u0131m\u0131, 30 Temmuz Pazar g\u00fcn\u00fc Rams Park&#8217;ta ger\u00e7ekle\u015ftirilecek imza t\u00f6reni ve antrenmanda taraftarlar\u0131yla bir araya gelecek.<\/p>\n","protected":false},"excerpt":{"rendered":"<p>Galatasaray Futbol Tak\u0131m\u0131, 30 Temmuz Pazar g\u00fcn\u00fc Rams Park&#8217;ta ger\u00e7ekle\u015ftirilecek imza t\u00f6reni ve antrenmanda taraftarlar\u0131yla bir araya gelecek.<\/p>\n","protected":false},"author":1,"featured_media":10514,"comment_status":"","ping_status":"","sticky":false,"template":"","format":"standard","meta":[],"categories":[48],"tags":[],"_links":{"self":[{"href":"https:\/\/kraios.app\/news\/wp-json\/wp\/v2\/posts\/10513"}],"collection":[{"href":"https:\/\/kraios.app\/news\/wp-json\/wp\/v2\/posts"}],"about":[{"href":"https:\/\/kraios.app\/news\/wp-json\/wp\/v2\/types\/post"}],"author":[{"embeddable":true,"href":"https:\/\/kraios.app\/news\/wp-json\/wp\/v2\/users\/1"}],"replies":[{"embeddable":true,"href":"https:\/\/kraios.app\/news\/wp-json\/wp\/v2\/comments?post=10513"}],"version-history":[{"count":0,"href":"https:\/\/kraios.app\/news\/wp-json\/wp\/v2\/posts\/10513\/revisions"}],"wp:featuredmedia":[{"embeddable":true,"href":"https:\/\/kraios.app\/news\/wp-json\/wp\/v2\/media\/10514"}],"wp:attachment":[{"href":"https:\/\/kraios.app\/news\/wp-json\/wp\/v2\/media?parent=10513"}],"wp:term":[{"taxonomy":"category","embeddable":true,"href":"https:\/\/kraios.app\/news\/wp-json\/wp\/v2\/categories?post=10513"},{"taxonomy":"post_tag","embeddable":true,"href":"https:\/\/kraios.app\/news\/wp-json\/wp\/v2\/tags?post=10513"}],"curies":[{"name":"wp","href":"https:\/\/api.w.org\/{rel}","templated":true}]}}