{"id":10484,"date":"2023-07-28T13:20:09","date_gmt":"2023-07-28T13:20:09","guid":{"rendered":"https:\/\/kraios.app\/news\/ekonomi\/2023\/07\/28\/turkiyenin-risk-primi-yaklasik-son-2-yilin-en-dusuk-seviyesinde\/"},"modified":"2023-07-28T13:20:09","modified_gmt":"2023-07-28T13:20:09","slug":"turkiyenin-risk-primi-yaklasik-son-2-yilin-en-dusuk-seviyesinde","status":"publish","type":"post","link":"https:\/\/kraios.app\/news\/ekonomi\/2023\/07\/28\/turkiyenin-risk-primi-yaklasik-son-2-yilin-en-dusuk-seviyesinde\/","title":{"rendered":"T\u00fcrkiye&#8217;nin risk primi yakla\u015f\u0131k son 2 y\u0131l\u0131n en d\u00fc\u015f\u00fck seviyesinde"},"content":{"rendered":"<p> <br \/>\n<\/p>\n<div>\n<p>May\u0131sta yap\u0131lan genel se\u00e7imler sonras\u0131 yeni ekonomi y\u00f6netiminin &#8220;piyasa dostu&#8221; tutumuyla d\u00fc\u015f\u00fc\u015f e\u011filiminde hareket eden T\u00fcrkiye&#8217;nin risk primi, gerilemeye devam ediyor.<\/p>\n<p>T\u00fcrkiye&#8217;nin yeni ekonomi y\u00f6netimine ili\u015fkin geli\u015fmeler varl\u0131k fiyatlar\u0131 \u00fczerinde etkili olmay\u0131 s\u00fcrd\u00fcr\u00fcrken, d\u00fcn Enflasyon Raporu sunumunu ger\u00e7ekle\u015ftiren T\u00fcrkiye Cumhuriyet Merkez Bankas\u0131 (TCMB) Ba\u015fkan\u0131 Dr. Hafize Gaye Erkan&#8217;\u0131n a\u00e7\u0131klamalar\u0131 piyasalarda olumlu kar\u015f\u0131land\u0131.<\/p>\n<p>Analistler, TCMB Ba\u015fkan\u0131 olmas\u0131n\u0131n ard\u0131ndan ilk kez bas\u0131n\u0131n kar\u015f\u0131s\u0131na ge\u00e7en Erkan&#8217;\u0131n merkez bankac\u0131l\u0131\u011f\u0131 ad\u0131na ileti\u015fim tarz\u0131n\u0131n olduk\u00e7a ba\u015far\u0131l\u0131 bulundu\u011funu ifade ederek, enflasyon beklentilerindeki yukar\u0131 y\u00f6nl\u00fc g\u00fc\u00e7l\u00fc revizyona kar\u015f\u0131n T\u00fcrk liras\u0131 varl\u0131klara olan risk i\u015ftah\u0131n\u0131n artt\u0131\u011f\u0131n\u0131 s\u00f6yledi.<\/p>\n<p>Fiyat istikrar\u0131 konusunda at\u0131lacak ad\u0131mlara ili\u015fkin yol haritas\u0131n\u0131n yava\u015f yava\u015f belirginle\u015fmeye ba\u015flad\u0131\u011f\u0131 bu s\u00fcre\u00e7te Erkan&#8217;\u0131n piyasalara g\u00fcven verdi\u011fini aktaran analistler, TCMB y\u00f6netimindeki g\u00f6rev de\u011fi\u015fiminin de bu g\u00fcveni peki\u015ftirdi\u011fini belirtti.<\/p>\n<p>TCMB ba\u015fkan yard\u0131mc\u0131lar\u0131 Emrah \u015eener, Taha \u00c7akmak ve Mustafa Duman g\u00f6revden al\u0131n\u0131rken, yerlerine Osman Cevdet Ak\u00e7ay, Fatih Karahan ve Hatice Karahan atand\u0131.<\/p>\n<p>Analistler, atanan \u00fcyelerin yurt i\u00e7i ve d\u0131\u015f\u0131 piyasalardaki rep\u00fctasyonunun olduk\u00e7a y\u00fcksek oldu\u011funu belirterek, fiyat istikrar\u0131 konusunda at\u0131lan ad\u0131mlar\u0131n ve kurulan yeni ekonomi y\u00f6netiminin etkisiyle T\u00fcrkiye&#8217;nin kredi risk primindeki d\u00fc\u015f\u00fc\u015f\u00fcn gelecek d\u00f6nemde de devam edebilece\u011fi \u00f6ng\u00f6r\u00fcs\u00fcnde bulundu.<\/p>\n<p>S\u00f6z konusu geli\u015fmelerle T\u00fcrkiye&#8217;nin CDS&#8217;i, 398 baz puanla yakla\u015f\u0131k son 2 y\u0131l\u0131n en d\u00fc\u015f\u00fc\u011f\u00fcne geriledi.<\/p>\n<h3>BIST 100 endeksi 7.000 puan baraj\u0131n\u0131 a\u015ft\u0131<\/h3>\n<p>Bu arada, Borsa \u0130stanbul&#8217;da BIST 100 endeksi, d\u00fcnk\u00fc rekor kapan\u0131\u015f\u0131n ard\u0131ndan bug\u00fcn de tarihi zirvesini yeniledi.<\/p>\n<p>BIST 100 endeksi, bankac\u0131l\u0131k endeksinin \u00f6nc\u00fcl\u00fck etti\u011fi y\u00fckseli\u015fle 7.000 baraj\u0131n\u0131 a\u015farken, dolar bazl\u0131 bak\u0131ld\u0131\u011f\u0131nda analistlerin \u00f6nemli diren\u00e7 olarak kabul etti\u011fi 250-253 puan seviyesini de geride b\u0131rakarak 260 puana \u00e7\u0131kt\u0131.<\/p>\n<p>B\u00f6ylece endeks, se\u00e7imlerin ikinci turundan bu yana yakla\u015f\u0131k y\u00fczde 53 de\u011fer kazand\u0131.<\/p>\n<p>                            <span class=\"detay-foto-editor\">&#13;<br \/>\n                                <a href=\"https:\/\/www.aa.com.tr\/tr\/p\/abonelik-talep-formu\/1001\" target=\"_blank\" style=\"font-size:12px; color:#444; text-decoration:none;\" rel=\"noopener\">&#13;<br \/>\n                                    Anadolu Ajans\u0131 web sitesinde, AA Haber Ak\u0131\u015f Sistemi (HAS) \u00fczerinden abonelere sunulan haberler, \u00f6zetlenerek yay\u0131mlanmaktad\u0131r. <b style=\"color:#1897F7\">Abonelik i\u00e7in l\u00fctfen ileti\u015fime ge\u00e7iniz.<\/b>&#13;<br \/>\n                                <\/a>&#13;<br \/>\n                            <\/span>\n                        <\/div>\n<p><script>\n\t  window.fbAsyncInit = function() {\n\t\tFB.init({\n\t\t  appId: '1855843514662870',\n\t\t  status : true, \/\/ check login status\n\t\t  cookie : true, \/\/ enable cookies to allow the server to access the session\n\t\t  xfbml  : true  \/\/ parse XFBML\n\t\t});\n\t  };<\/p>\n<p>\t  (function() {\n\t\tvar e = document.createElement('script');\n\t\te.src=\"https:\/\/connect.facebook.net\/tr_TR\/all.js\";\n\t\te.async = true;\n\t\tdocument.getElementById('fb-root').appendChild(e);\n\t  }());\n    <\/script><br \/>\n<br \/><br \/>\n<br \/><a href=\"https:\/\/www.aa.com.tr\/tr\/ekonomi\/turkiyenin-risk-primi-yaklasik-son-2-yilin-en-dusuk-seviyesinde\/2956757\">Source link <\/a><\/p>\n","protected":false},"excerpt":{"rendered":"<p>May\u0131sta yap\u0131lan genel se\u00e7imler sonras\u0131 yeni ekonomi y\u00f6netiminin &#8220;piyasa dostu&#8221; tutumuyla d\u00fc\u015f\u00fc\u015f e\u011filiminde hareket eden T\u00fcrkiye&#8217;nin risk primi, gerilemeye devam ediyor. T\u00fcrkiye&#8217;nin yeni ekonomi y\u00f6netimine ili\u015fkin geli\u015fmeler varl\u0131k fiyatlar\u0131 \u00fczerinde etkili olmay\u0131 s\u00fcrd\u00fcr\u00fcrken, d\u00fcn Enflasyon Raporu sunumunu ger\u00e7ekle\u015ftiren T\u00fcrkiye Cumhuriyet Merkez Bankas\u0131 (TCMB) Ba\u015fkan\u0131 Dr. Hafize Gaye Erkan&#8217;\u0131n a\u00e7\u0131klamalar\u0131 piyasalarda olumlu kar\u015f\u0131land\u0131. Analistler, TCMB Ba\u015fkan\u0131 [&hellip;]<\/p>\n","protected":false},"author":1,"featured_media":10485,"comment_status":"","ping_status":"","sticky":false,"template":"","format":"standard","meta":[],"categories":[44],"tags":[],"_links":{"self":[{"href":"https:\/\/kraios.app\/news\/wp-json\/wp\/v2\/posts\/10484"}],"collection":[{"href":"https:\/\/kraios.app\/news\/wp-json\/wp\/v2\/posts"}],"about":[{"href":"https:\/\/kraios.app\/news\/wp-json\/wp\/v2\/types\/post"}],"author":[{"embeddable":true,"href":"https:\/\/kraios.app\/news\/wp-json\/wp\/v2\/users\/1"}],"replies":[{"embeddable":true,"href":"https:\/\/kraios.app\/news\/wp-json\/wp\/v2\/comments?post=10484"}],"version-history":[{"count":0,"href":"https:\/\/kraios.app\/news\/wp-json\/wp\/v2\/posts\/10484\/revisions"}],"wp:featuredmedia":[{"embeddable":true,"href":"https:\/\/kraios.app\/news\/wp-json\/wp\/v2\/media\/10485"}],"wp:attachment":[{"href":"https:\/\/kraios.app\/news\/wp-json\/wp\/v2\/media?parent=10484"}],"wp:term":[{"taxonomy":"category","embeddable":true,"href":"https:\/\/kraios.app\/news\/wp-json\/wp\/v2\/categories?post=10484"},{"taxonomy":"post_tag","embeddable":true,"href":"https:\/\/kraios.app\/news\/wp-json\/wp\/v2\/tags?post=10484"}],"curies":[{"name":"wp","href":"https:\/\/api.w.org\/{rel}","templated":true}]}}