{"id":10482,"date":"2023-07-28T12:20:08","date_gmt":"2023-07-28T12:20:08","guid":{"rendered":"https:\/\/kraios.app\/news\/spor\/2023\/07\/28\/suudi-arabistan-ekibi-al-ahli-riyad-mahrezi-kadrosuna-katti\/"},"modified":"2023-07-28T12:20:08","modified_gmt":"2023-07-28T12:20:08","slug":"suudi-arabistan-ekibi-al-ahli-riyad-mahrezi-kadrosuna-katti","status":"publish","type":"post","link":"https:\/\/kraios.app\/news\/spor\/2023\/07\/28\/suudi-arabistan-ekibi-al-ahli-riyad-mahrezi-kadrosuna-katti\/","title":{"rendered":"Suudi Arabistan ekibi Al-Ahli, Riyad Mahrez&#039;i kadrosuna katt\u0131"},"content":{"rendered":"<p>Suudi Arabistan ekibi Al-Ahli, Manchester City&#8217;den Cezayirli forvet Riyad Mahrez&#8217;i kadrosuna katt\u0131\u011f\u0131n\u0131 a\u00e7\u0131klad\u0131.<\/p>\n","protected":false},"excerpt":{"rendered":"<p>Suudi Arabistan ekibi Al-Ahli, Manchester City&#8217;den Cezayirli forvet Riyad Mahrez&#8217;i kadrosuna katt\u0131\u011f\u0131n\u0131 a\u00e7\u0131klad\u0131.<\/p>\n","protected":false},"author":1,"featured_media":10483,"comment_status":"","ping_status":"","sticky":false,"template":"","format":"standard","meta":[],"categories":[48],"tags":[],"_links":{"self":[{"href":"https:\/\/kraios.app\/news\/wp-json\/wp\/v2\/posts\/10482"}],"collection":[{"href":"https:\/\/kraios.app\/news\/wp-json\/wp\/v2\/posts"}],"about":[{"href":"https:\/\/kraios.app\/news\/wp-json\/wp\/v2\/types\/post"}],"author":[{"embeddable":true,"href":"https:\/\/kraios.app\/news\/wp-json\/wp\/v2\/users\/1"}],"replies":[{"embeddable":true,"href":"https:\/\/kraios.app\/news\/wp-json\/wp\/v2\/comments?post=10482"}],"version-history":[{"count":0,"href":"https:\/\/kraios.app\/news\/wp-json\/wp\/v2\/posts\/10482\/revisions"}],"wp:featuredmedia":[{"embeddable":true,"href":"https:\/\/kraios.app\/news\/wp-json\/wp\/v2\/media\/10483"}],"wp:attachment":[{"href":"https:\/\/kraios.app\/news\/wp-json\/wp\/v2\/media?parent=10482"}],"wp:term":[{"taxonomy":"category","embeddable":true,"href":"https:\/\/kraios.app\/news\/wp-json\/wp\/v2\/categories?post=10482"},{"taxonomy":"post_tag","embeddable":true,"href":"https:\/\/kraios.app\/news\/wp-json\/wp\/v2\/tags?post=10482"}],"curies":[{"name":"wp","href":"https:\/\/api.w.org\/{rel}","templated":true}]}}