{"id":10464,"date":"2023-07-28T08:55:18","date_gmt":"2023-07-28T08:55:18","guid":{"rendered":"https:\/\/kraios.app\/news\/ekonomi\/2023\/07\/28\/farkli-ulkelerden-idef23-icin-turkiyeye-gelen-katilimcilar-memnun\/"},"modified":"2023-07-28T08:55:18","modified_gmt":"2023-07-28T08:55:18","slug":"farkli-ulkelerden-idef23-icin-turkiyeye-gelen-katilimcilar-memnun","status":"publish","type":"post","link":"https:\/\/kraios.app\/news\/ekonomi\/2023\/07\/28\/farkli-ulkelerden-idef23-icin-turkiyeye-gelen-katilimcilar-memnun\/","title":{"rendered":"Farkl\u0131 \u00fclkelerden IDEF\u201923 i\u00e7in T\u00fcrkiye\u2019ye gelen kat\u0131l\u0131mc\u0131lar memnun"},"content":{"rendered":"<p> <br \/>\n<\/p>\n<div>\n<p>Fuara savunma, g\u00fcvenlik, denizcilik, havac\u0131l\u0131k ve uzay sanayisi alanlar\u0131nda do\u011frudan ya da dolayl\u0131 olarak faaliyet g\u00f6steren yerli ve yabanc\u0131 yakla\u015f\u0131k 1000 firma kat\u0131l\u0131yor.<\/p>\n<p>Farkl\u0131 \u00fclkelerden IDEF&#8217;23 i\u00e7in \u0130stanbul&#8217;a gelen kat\u0131l\u0131mc\u0131lar, AA muhabirine fuara ili\u015fkin de\u011ferlendirmelerde bulundu.<\/p>\n<p>Endonezya&#8217;dan kat\u0131lan Pt. Langit Biru Parasut \u015firketinin \u00fcst d\u00fczey y\u00f6neticisi Aprinovita Nurfirdaus, fuar\u0131n kendileri a\u00e7\u0131s\u0131ndan iyi ge\u00e7ti\u011fini belirterek, &#8220;T\u00fcrkiye&#8217;de baz\u0131 ilgin\u00e7 \u00fcr\u00fcnlerle kar\u015f\u0131la\u015ft\u0131m ve fuarda bunlar hakk\u0131nda bilgi ald\u0131m.&#8221; dedi.<\/p>\n<p>Nurfirdaus, fuarda di\u011fer \u015firketlerle g\u00f6r\u00fc\u015fmeler yapt\u0131klar\u0131n\u0131 ve ortak giri\u015fim olu\u015fturmak i\u00e7in faaliyetlerde bulunduklar\u0131n\u0131 belirtti.<\/p>\n<p>Endonezya&#8217;n\u0131n geli\u015fmi\u015f bir end\u00fcstriye sahip oldu\u011funu anlatan Nurfirdaus, T\u00fcrkiye ile Endonezya&#8217;n\u0131n savunma sanayisinde halihaz\u0131rda s\u00fcren i\u015fbirli\u011fini daha da geli\u015ftirebilece\u011fini s\u00f6yledi.<\/p>\n<h3>&#8220;Hizmetlerimizi uluslararas\u0131 \u015firketlere sunmak i\u00e7in bir f\u0131rsat&#8221;<\/h3>\n<p>Uydu ve ileti\u015fim alan\u0131nda faaliyet g\u00f6steren Birle\u015fik Arap Emirlikleri men\u015feli Yahsat \u015firketinin genel m\u00fcd\u00fcr yard\u0131mc\u0131s\u0131 Hamad el-Tair, IDEF&#8217;in d\u00fcnya \u00e7ap\u0131nda en b\u00fcy\u00fck 4 fuardan biri oldu\u011funu vurgulayarak, &#8220;Bizim i\u00e7in kat\u0131l\u0131m\u0131m\u0131z stratejik \u00f6neme sahip. Burada yeni nesil uydular\u0131 tan\u0131t\u0131yoruz.&#8221; diye konu\u015ftu.<\/p>\n<p>Tair, fuar sayesinde \u00fcr\u00fcnlerini T\u00fcrk ve uluslararas\u0131 \u015firketlere sunma f\u0131rsat\u0131 yakalad\u0131klar\u0131n\u0131 aktard\u0131.<\/p>\n<h3>\u00c7inli \u015firketlerin say\u0131s\u0131 dikkati \u00e7ekti<\/h3>\n<p>\u00c7inli \u015firketler IDEF&#8217;23&#8217;e yo\u011fun ilgi g\u00f6sterdi.<\/p>\n<p>Fuara, askeri tekstil \u00fcr\u00fcnlerinden hava savunma sistemlerine kadar farkl\u0131 alanlarda faaliyet g\u00f6steren \u00c7in men\u015feli 70&#8217;ten fazla \u015firket kat\u0131ld\u0131.<\/p>\n<p>Bunlardan biri olan Hangzhou Oxman Sourcing \u015firketinin y\u00f6neticisi Candice Chen, &#8220;Bu fuar, bizim gibi ihracat odakl\u0131 \u00e7al\u0131\u015fan firmalar i\u00e7in \u00e7ok b\u00fcy\u00fck bir f\u0131rsat sunuyor. \u00dcr\u00fcnlerimizi sergileme imkan\u0131 buluyoruz. T\u00fcrkiye \u00e7ok \u00f6nemli bir konumda bulunuyor. Bu da d\u00fcnyan\u0131n bir\u00e7ok yerinden insanlar\u0131n buraya gelmesini sa\u011flayarak bize avantajlar sa\u011fl\u0131yor.&#8221; ifadelerini kulland\u0131.<\/p>\n<p>Armor China \u015firketinin sahibi Jack Yu da fuar\u0131n kendileri a\u00e7\u0131s\u0131ndan verimli oldu\u011funu belirterek \u015funlar\u0131 kaydetti:<\/p>\n<p>&#8220;Stand\u0131m\u0131za gelip \u015firketim ve \u00fcr\u00fcnlerim hakk\u0131nda yaz\u0131\u015fan ve tart\u0131\u015fan \u00e7ok say\u0131da m\u00fc\u015fterimiz oldu. Bu fuardan sonra \u00c7in&#8217;e geri d\u00f6nece\u011fiz, onlarla irtibata ge\u00e7ece\u011fiz ve ileti\u015fim halinde olaca\u011f\u0131z.&#8221;<\/p>\n<p>                            <span class=\"detay-foto-editor\">&#13;<br \/>\n                                <a href=\"https:\/\/www.aa.com.tr\/tr\/p\/abonelik-talep-formu\/1001\" target=\"_blank\" style=\"font-size:12px; color:#444; text-decoration:none;\" rel=\"noopener\">&#13;<br \/>\n                                    Anadolu Ajans\u0131 web sitesinde, AA Haber Ak\u0131\u015f Sistemi (HAS) \u00fczerinden abonelere sunulan haberler, \u00f6zetlenerek yay\u0131mlanmaktad\u0131r. <b style=\"color:#1897F7\">Abonelik i\u00e7in l\u00fctfen ileti\u015fime ge\u00e7iniz.<\/b>&#13;<br \/>\n                                <\/a>&#13;<br \/>\n                            <\/span>\n                        <\/div>\n<p><script>\n\t  window.fbAsyncInit = function() {\n\t\tFB.init({\n\t\t  appId: '1855843514662870',\n\t\t  status : true, \/\/ check login status\n\t\t  cookie : true, \/\/ enable cookies to allow the server to access the session\n\t\t  xfbml  : true  \/\/ parse XFBML\n\t\t});\n\t  };<\/p>\n<p>\t  (function() {\n\t\tvar e = document.createElement('script');\n\t\te.src=\"https:\/\/connect.facebook.net\/tr_TR\/all.js\";\n\t\te.async = true;\n\t\tdocument.getElementById('fb-root').appendChild(e);\n\t  }());\n    <\/script><br \/>\n<br \/><br \/>\n<br \/><a href=\"https:\/\/www.aa.com.tr\/tr\/ekonomi\/farkli-ulkelerden-idef-23-icin-turkiye-ye-gelen-katilimcilar-memnun\/2956443\">Source link <\/a><\/p>\n","protected":false},"excerpt":{"rendered":"<p>Fuara savunma, g\u00fcvenlik, denizcilik, havac\u0131l\u0131k ve uzay sanayisi alanlar\u0131nda do\u011frudan ya da dolayl\u0131 olarak faaliyet g\u00f6steren yerli ve yabanc\u0131 yakla\u015f\u0131k 1000 firma kat\u0131l\u0131yor. Farkl\u0131 \u00fclkelerden IDEF&#8217;23 i\u00e7in \u0130stanbul&#8217;a gelen kat\u0131l\u0131mc\u0131lar, AA muhabirine fuara ili\u015fkin de\u011ferlendirmelerde bulundu. Endonezya&#8217;dan kat\u0131lan Pt. Langit Biru Parasut \u015firketinin \u00fcst d\u00fczey y\u00f6neticisi Aprinovita Nurfirdaus, fuar\u0131n kendileri a\u00e7\u0131s\u0131ndan iyi ge\u00e7ti\u011fini belirterek, &#8220;T\u00fcrkiye&#8217;de [&hellip;]<\/p>\n","protected":false},"author":1,"featured_media":10467,"comment_status":"","ping_status":"","sticky":false,"template":"","format":"standard","meta":[],"categories":[44],"tags":[],"_links":{"self":[{"href":"https:\/\/kraios.app\/news\/wp-json\/wp\/v2\/posts\/10464"}],"collection":[{"href":"https:\/\/kraios.app\/news\/wp-json\/wp\/v2\/posts"}],"about":[{"href":"https:\/\/kraios.app\/news\/wp-json\/wp\/v2\/types\/post"}],"author":[{"embeddable":true,"href":"https:\/\/kraios.app\/news\/wp-json\/wp\/v2\/users\/1"}],"replies":[{"embeddable":true,"href":"https:\/\/kraios.app\/news\/wp-json\/wp\/v2\/comments?post=10464"}],"version-history":[{"count":0,"href":"https:\/\/kraios.app\/news\/wp-json\/wp\/v2\/posts\/10464\/revisions"}],"wp:featuredmedia":[{"embeddable":true,"href":"https:\/\/kraios.app\/news\/wp-json\/wp\/v2\/media\/10467"}],"wp:attachment":[{"href":"https:\/\/kraios.app\/news\/wp-json\/wp\/v2\/media?parent=10464"}],"wp:term":[{"taxonomy":"category","embeddable":true,"href":"https:\/\/kraios.app\/news\/wp-json\/wp\/v2\/categories?post=10464"},{"taxonomy":"post_tag","embeddable":true,"href":"https:\/\/kraios.app\/news\/wp-json\/wp\/v2\/tags?post=10464"}],"curies":[{"name":"wp","href":"https:\/\/api.w.org\/{rel}","templated":true}]}}