{"id":10462,"date":"2023-07-28T08:20:04","date_gmt":"2023-07-28T08:20:04","guid":{"rendered":"https:\/\/kraios.app\/news\/spor\/2023\/07\/28\/milli-sporcu-gulistan-turan-muaythaide-avrupa-sampiyonlugu-hedefine-odaklandi\/"},"modified":"2023-07-28T08:20:04","modified_gmt":"2023-07-28T08:20:04","slug":"milli-sporcu-gulistan-turan-muaythaide-avrupa-sampiyonlugu-hedefine-odaklandi","status":"publish","type":"post","link":"https:\/\/kraios.app\/news\/spor\/2023\/07\/28\/milli-sporcu-gulistan-turan-muaythaide-avrupa-sampiyonlugu-hedefine-odaklandi\/","title":{"rendered":"Milli sporcu G\u00fclistan Turan, muaythaide Avrupa \u015fampiyonlu\u011fu hedefine odakland\u0131"},"content":{"rendered":"<p><\/p>\n<div>\n<p>\u0130lkokulda \u00f6\u011fretmeninin y\u00f6nlendirmesiyle kat\u0131ld\u0131\u011f\u0131 muaythai uygunluk testinde ba\u015far\u0131l\u0131 olan Turan, ailesinin m\u00fcsaade etmemesi sonras\u0131 4 ay sonra bu sporu b\u0131rakt\u0131. Turan, ilkokul ve ortaokulu bitirdikten sonra aile b\u00fct\u00e7esine katk\u0131da bulunmak amac\u0131yla lise e\u011fitimini yar\u0131da b\u0131rak\u0131p, \u00e7al\u0131\u015fmaya ba\u015flad\u0131.<\/p>\n<p>Yakla\u015f\u0131k 8 y\u0131l \u00f6nce i\u015fe gidip gelirken \u00f6n\u00fcnden ge\u00e7ti\u011fi spor salonuna giren Turan, burada \u015fimdiki antren\u00f6r\u00fc Y\u00fccel Haspolat ile tan\u0131\u015ft\u0131. Turan, antren\u00f6r\u00fcn\u00fcn deste\u011fiyle muaythaiye tekrar ba\u015flamaya karar verdi.<\/p>\n<p><img decoding=\"async\" alt=\"\" src=\"https:\/\/www.aa.com.tr\/uploads\/userFiles\/54a427bf-71c5-4e63-a83d-6196709e92a3\/009_2023%2F006_2023%2F03_Temmuz%2F18%2F20230728_2_59680482_91405970.jpg\"\/><\/p>\n<p>Antrenmanlara d\u00fczenli olarak giden ve g\u00f6sterdi\u011fi performansla dikkatleri \u00fczerine \u00e7eken Turan, 2019&#8217;da Tayland&#8217;daki Muaythai D\u00fcnya \u015eampiyonas\u0131&#8217;nda \u00fc\u00e7\u00fcnc\u00fcl\u00fck, 2022&#8217;de Birle\u015fik Arap Emirlikleri&#8217;ndeki D\u00fcnya \u015eampiyonas\u0131&#8217;nda \u00fc\u00e7\u00fcnc\u00fcl\u00fck, bu y\u0131l da Tayland&#8217;daki D\u00fcnya \u015eampiyonas\u0131 ile Polonya&#8217;daki Avrupa Oyunlar\u0131&#8217;nda birincilik elde etti.<\/p>\n<p>Turan, Tayland&#8217;daki D\u00fcnya \u015eampiyonas\u0131&#8217;nda T\u00fcrkiye&#8217;nin en iyi kad\u0131n d\u00f6v\u00fc\u015f\u00e7\u00fcs\u00fc de se\u00e7ildi.<\/p>\n<p>Zaman i\u00e7erisinde ailesinin deste\u011fini de alan ba\u015far\u0131l\u0131 sporcu, \u00f6n\u00fcm\u00fczdeki aylarda yap\u0131lacak Avrupa \u015eampiyonas\u0131&#8217;nda alt\u0131n madalya kazanmak i\u00e7in antrenmanlar\u0131n\u0131 s\u00fcrd\u00fcr\u00fcyor.<\/p>\n<h3>Turan: &#8220;Sayg\u0131nl\u0131k ve sevgi kazand\u0131m&#8221;<\/h3>\n<p>Muaythai Milli Tak\u0131m\u0131 sporcusu G\u00fclistan Turan, AA muhabirine, bu bran\u015fla k\u00fc\u00e7\u00fck ya\u015fta tan\u0131\u015fmas\u0131na ra\u011fmen, y\u0131llar sonra tekrar ba\u015flayabildi\u011fini s\u00f6yledi.<\/p>\n<p><img decoding=\"async\" alt=\"\" src=\"https:\/\/www.aa.com.tr\/uploads\/userFiles\/54a427bf-71c5-4e63-a83d-6196709e92a3\/009_2023%2F006_2023%2F03_Temmuz%2F18%2F20230728_2_59680482_91405971.jpg\"\/><\/p>\n<p>Maddi imkans\u0131zl\u0131klar i\u00e7inde b\u00fcy\u00fcd\u00fc\u011f\u00fcn\u00fc belirten Turan, \u015funlar\u0131 anlatt\u0131:<\/p>\n<p>&#8220;\u0130\u015fe gidip gelirken bu salonun \u00f6n\u00fcnden ge\u00e7iyordum. \u0130\u00e7imde bir ukde kald\u0131\u011f\u0131n\u0131 fark ettim. Hevesliydim ve denemek istedim. Ailem yine izin vermiyordu. Zamanla kabullendirdim. Erkeklerle antrenman yap\u0131yorum. Ailem, v\u00fccudumdaki morluklar\u0131 ve deformasyonu g\u00f6rd\u00fc\u011f\u00fcnde mutsuz oluyordu ancak bu sporun bana katt\u0131\u011f\u0131 iyi y\u00f6nleri g\u00f6rd\u00fcler. Dik ba\u015fl\u0131yd\u0131m, spor beni biraz daha disipline etti. Salona geliyorum, terimi at\u0131yorum, b\u00fct\u00fcn sorunlar\u0131m\u0131 burada b\u0131rak\u0131p \u00e7\u0131k\u0131yorum. Bunu fark ettiler. Bu s\u00fcre\u00e7te liseyi bitirdim. S\u00fcrekli art\u0131s\u0131 olan bu spora neden kar\u015f\u0131 \u00e7\u0131ks\u0131nlar ki? Sayg\u0131nl\u0131k ve sevgi kazand\u0131m. Bu \u00e7ok ho\u015flar\u0131na gitti. Benden dolay\u0131 onlar\u0131 da s\u00fcrekli tebrik ediyorlar. O y\u00fczden ailem \u015fu an en b\u00fcy\u00fck destek\u00e7im.&#8221;<\/p>\n<p>H\u0131rsl\u0131 bir yap\u0131ya sahip oldu\u011fu kaydeden Turan, her yar\u0131\u015fmaya birincilik hedefiyle haz\u0131rland\u0131\u011f\u0131n\u0131, antrenmanlar\u0131n\u0131 da bu hedef do\u011frultusunda yapt\u0131\u011f\u0131n\u0131 belirtti.<\/p>\n<p>Turan, Avrupa Oyunlar\u0131&#8217;ndan yeni geldi\u011fini, baz\u0131 sakatl\u0131klar\u0131 nedeniyle de tedavi g\u00f6rd\u00fc\u011f\u00fcn\u00fc aktararak, &#8220;\u015eu anda kendimi zorlamadan haftada 2-3 g\u00fcn \u00e7al\u0131\u015f\u0131yorum. Bir ay sonra haftan\u0131n 6 g\u00fcn\u00fc sabah ak\u015fam antrenman yapmak zorunday\u0131m. Sadece pazar g\u00fcnleri dinlenece\u011fim. Hedefim Avrupa \u015fampiyonlu\u011fu. D\u00fcnya \u015eampiyonas\u0131 ve Avrupa Oyunlar\u0131&#8217;ndan sonra bize ikincilik veya \u00fc\u00e7\u00fcnc\u00fcl\u00fck yak\u0131\u015fmaz diye d\u00fc\u015f\u00fcn\u00fcyorum. Elimden geleni yapaca\u011f\u0131m.&#8221; ifadelerini kulland\u0131.<\/p>\n<p><img decoding=\"async\" alt=\"\" src=\"https:\/\/www.aa.com.tr\/uploads\/userFiles\/54a427bf-71c5-4e63-a83d-6196709e92a3\/009_2023%2F006_2023%2F03_Temmuz%2F18%2F20230728_2_59680482_91405972.jpg\"\/><\/p>\n<h3>Haspolat: &#8220;G\u00fclistan erkek gibi d\u00f6v\u00fc\u015f\u00fcr&#8221;<\/h3>\n<p>Ay-y\u0131ld\u0131zl\u0131 sporcunun antren\u00f6r\u00fc Y\u00fccel Haspolat, G\u00fclistan Turan&#8217;la gurur duydu\u011funu dile getirdi.<\/p>\n<p>T\u00fcrkiye&#8217;ye ba\u015far\u0131l\u0131 bir sporcu kazand\u0131rman\u0131n mutlulu\u011funu ya\u015fad\u0131\u011f\u0131n\u0131 belirten Haspolat, &#8220;G\u00fclistan erkek gibi d\u00f6v\u00fc\u015f\u00fcr. Erkeklerle ma\u00e7 yapt\u0131r\u0131rd\u0131m. Bir bakard\u0131m lapa d\u00f6verken erkekler G\u00fclistan&#8217;\u0131 izliyor. Sava\u015f\u00e7\u0131 bir ruha sahip olmas\u0131 benim de ho\u015fuma gidiyor. Kendisini tebrik ediyorum. \u0130n\u015fallah Avrupa \u015eampiyonas\u0131&#8217;nda da hedefimiz birincilik. G\u00fclistan&#8217;\u0131 \u015fimdi dinlendiriyoruz. G\u00fcn\u00fcm\u00fcz hafif antrenmanlarla ge\u00e7iyor. Bir ay sonra a\u011f\u0131r antrenmanlar\u0131m\u0131za ba\u015flar\u0131z.&#8221; diye konu\u015ftu.<\/p>\n<p>                            <span class=\"detay-foto-editor\">&#13;<br \/>\n                                <a href=\"https:\/\/www.aa.com.tr\/tr\/p\/abonelik-talep-formu\/1001\" target=\"_blank\" style=\"font-size:12px; color:#444; text-decoration:none;\" rel=\"noopener\">&#13;<br \/>\n                                    Anadolu Ajans\u0131 web sitesinde, AA Haber Ak\u0131\u015f Sistemi (HAS) \u00fczerinden abonelere sunulan haberler, \u00f6zetlenerek yay\u0131mlanmaktad\u0131r. <b style=\"color:#1897F7\">Abonelik i\u00e7in l\u00fctfen ileti\u015fime ge\u00e7iniz.<\/b>&#13;<br \/>\n                                <\/a>&#13;<br \/>\n                            <\/span>\n                        <\/div>\n<p><script>\n\t  window.fbAsyncInit = function() {\n\t\tFB.init({\n\t\t  appId: '1855843514662870',\n\t\t  status : true, \/\/ check login status\n\t\t  cookie : true, \/\/ enable cookies to allow the server to access the session\n\t\t  xfbml  : true  \/\/ parse XFBML\n\t\t});\n\t  };<\/p>\n<p>\t  (function() {\n\t\tvar e = document.createElement('script');\n\t\te.src=\"https:\/\/connect.facebook.net\/tr_TR\/all.js\";\n\t\te.async = true;\n\t\tdocument.getElementById('fb-root').appendChild(e);\n\t  }());\n    <\/script><\/p>\n","protected":false},"excerpt":{"rendered":"<p>\u0130lkokulda \u00f6\u011fretmeninin y\u00f6nlendirmesiyle kat\u0131ld\u0131\u011f\u0131 muaythai uygunluk testinde ba\u015far\u0131l\u0131 olan Turan, ailesinin m\u00fcsaade etmemesi sonras\u0131 4 ay sonra bu sporu b\u0131rakt\u0131. Turan, ilkokul ve ortaokulu bitirdikten sonra aile b\u00fct\u00e7esine katk\u0131da bulunmak amac\u0131yla lise e\u011fitimini yar\u0131da b\u0131rak\u0131p, \u00e7al\u0131\u015fmaya ba\u015flad\u0131. Yakla\u015f\u0131k 8 y\u0131l \u00f6nce i\u015fe gidip gelirken \u00f6n\u00fcnden ge\u00e7ti\u011fi spor salonuna giren Turan, burada \u015fimdiki antren\u00f6r\u00fc Y\u00fccel Haspolat [&hellip;]<\/p>\n","protected":false},"author":1,"featured_media":10463,"comment_status":"","ping_status":"","sticky":false,"template":"","format":"standard","meta":[],"categories":[48],"tags":[],"_links":{"self":[{"href":"https:\/\/kraios.app\/news\/wp-json\/wp\/v2\/posts\/10462"}],"collection":[{"href":"https:\/\/kraios.app\/news\/wp-json\/wp\/v2\/posts"}],"about":[{"href":"https:\/\/kraios.app\/news\/wp-json\/wp\/v2\/types\/post"}],"author":[{"embeddable":true,"href":"https:\/\/kraios.app\/news\/wp-json\/wp\/v2\/users\/1"}],"replies":[{"embeddable":true,"href":"https:\/\/kraios.app\/news\/wp-json\/wp\/v2\/comments?post=10462"}],"version-history":[{"count":0,"href":"https:\/\/kraios.app\/news\/wp-json\/wp\/v2\/posts\/10462\/revisions"}],"wp:featuredmedia":[{"embeddable":true,"href":"https:\/\/kraios.app\/news\/wp-json\/wp\/v2\/media\/10463"}],"wp:attachment":[{"href":"https:\/\/kraios.app\/news\/wp-json\/wp\/v2\/media?parent=10462"}],"wp:term":[{"taxonomy":"category","embeddable":true,"href":"https:\/\/kraios.app\/news\/wp-json\/wp\/v2\/categories?post=10462"},{"taxonomy":"post_tag","embeddable":true,"href":"https:\/\/kraios.app\/news\/wp-json\/wp\/v2\/tags?post=10462"}],"curies":[{"name":"wp","href":"https:\/\/api.w.org\/{rel}","templated":true}]}}