{"id":10437,"date":"2023-07-27T23:20:05","date_gmt":"2023-07-27T23:20:05","guid":{"rendered":"https:\/\/kraios.app\/news\/spor\/2023\/07\/27\/cumhurbaskanligi-4-uluslararasi-yat-yarisi-ikinci-etap-mucadelesiyle-suruyor\/"},"modified":"2023-07-27T23:20:05","modified_gmt":"2023-07-27T23:20:05","slug":"cumhurbaskanligi-4-uluslararasi-yat-yarisi-ikinci-etap-mucadelesiyle-suruyor","status":"publish","type":"post","link":"https:\/\/kraios.app\/news\/spor\/2023\/07\/27\/cumhurbaskanligi-4-uluslararasi-yat-yarisi-ikinci-etap-mucadelesiyle-suruyor\/","title":{"rendered":"Cumhurba\u015fkanl\u0131\u011f\u0131 4. Uluslararas\u0131 Yat Yar\u0131\u015f\u0131, ikinci etap m\u00fccadelesiyle s\u00fcr\u00fcyor"},"content":{"rendered":"<p><\/p>\n<div>\n<p>Cumhurba\u015fkanl\u0131\u011f\u0131 himayelerinde bu y\u0131l 4. kez d\u00fczenlenen organizasyonun ikinci ve \u00fc\u00e7\u00fcnc\u00fc etab\u0131, Mu\u011fla&#8217;n\u0131n Marmaris il\u00e7esi Yalanc\u0131bo\u011faz mevkisinden start ald\u0131.<\/p>\n<p>R\u00fczgar\u0131n ba\u015flamas\u0131yla koy i\u00e7erisinde belirlenen rotada yar\u0131\u015fan yelkenciler, \u015famand\u0131ralar\u0131 dola\u015farak yar\u0131\u015flar\u0131 tamamlad\u0131.<\/p>\n<p>Halikarnas 100. Y\u0131l Kupas\u0131 etab\u0131 kapsam\u0131nda &#8220;IRC&#8221; ve &#8220;GEZG\u0130N&#8221; s\u0131n\u0131flar\u0131nda Marmaris Koyu i\u00e7inde ger\u00e7ekle\u015ftirilen 2 \u015famand\u0131ra yar\u0131\u015f\u0131n\u0131n ilkinde, IRC 0 s\u0131n\u0131f\u0131nda Serhat Altay y\u00f6netimindeki Arkas, IRC 1 s\u0131n\u0131f\u0131nda Bar\u0131\u015f Koncag\u00fcl y\u00f6netimindeki Fenerbah\u00e7e Do\u011fu\u015f Yelken Yat Tak\u0131m\u0131, IRC 2 s\u0131n\u0131f\u0131nda Rytov Igor y\u00f6netimindeki Bogatyr, IRC 3 s\u0131n\u0131f\u0131nda V\u0131ctor Zakharov y\u00f6netimindeki Space Jockey ve IRC 4 s\u0131n\u0131f\u0131nda da Kaan Parlas y\u00f6netimindeki Cygnus birincili\u011fi elde etti.<\/p>\n<p>Gezgin A s\u0131n\u0131f\u0131nda ise Semih Peky\u00f6r\u00fcr y\u00f6netimindeki Hali\u00e7 Su Sporlar\u0131 Kul\u00fcb\u00fc, Gezgin, B s\u0131n\u0131f\u0131nda Hasan Basri Aslan idaresindeki Blue Dreams, Gezgin C s\u0131n\u0131f\u0131nda ise Urcun Canel y\u00f6netimindeki DHL Asone birinci s\u0131rada yer ald\u0131.<\/p>\n<p>\u00d6te yandan yar\u0131\u015f s\u0131ras\u0131nda bir grup yunusun teknelere e\u015flik etti\u011fi g\u00f6zlendi.<\/p>\n<h3>Yar\u0131\u015flar 29 Temmuz&#8217;da tamamlanacak <\/h3>\n<p>Gen\u00e7lik ve Spor Bakanl\u0131\u011f\u0131 ile K\u00fclt\u00fcr ve Turizm Bakanl\u0131\u011f\u0131&#8217;n\u0131n katk\u0131lar\u0131yla, Mu\u011fla Valili\u011fi&#8217;nin destekleriyle, DHL Express ana sponsorlu\u011funda, Anadolu Ajans\u0131&#8217;n\u0131n &#8220;Global \u0130leti\u015fim Orta\u011f\u0131&#8221; oldu\u011fu, T\u00fcrkiye Yelken Federasyonu koordinasyonunda \u0130stanbul A\u00e7\u0131kdeniz Yat Yar\u0131\u015f Kul\u00fcb\u00fc taraf\u0131ndan ger\u00e7ekle\u015ftirilen organizasyonda, d\u00fcnyan\u0131n d\u00f6rt bir yan\u0131ndan gelen yelkenli ve yar\u0131\u015f\u00e7\u0131lar \u015fampiyonluk i\u00e7in m\u00fccadele ediyor. Organizasyona 14 \u00fclkeden 450&#8217;nin \u00fczerinde sporcu kat\u0131l\u0131yor.<\/p>\n<p>Deniz ve yelken tutkunlar\u0131n\u0131 bir araya getiren yar\u0131\u015f, Bodrum-Marmaris-Bodrum rotas\u0131nda toplamda 250 deniz milinden olu\u015fan zorlu bir parkurun ard\u0131ndan 29 Temmuz&#8217;da Bodrum Yal\u0131kavak&#8217;ta son bulacak.<\/p>\n<p>&#8220;IRC&#8221; ve &#8220;Gezgin&#8221; s\u0131n\u0131f\u0131, boylar\u0131 9 ile 15 metre aras\u0131nda de\u011fi\u015fen yelkenlilerde yar\u0131\u015fan sporcular\u0131n boy ve kilo oranlar\u0131 dahi yar\u0131\u015fta kritik rol oynuyor. Teknelerde yar\u0131\u015fan tak\u0131mlar en az 2, en fazla 15 ki\u015filik tak\u0131mlardan olu\u015fuyor.<\/p>\n<h3>Engin Yuvakta\u015f: &#8220;Co\u011frafya yelken yar\u0131\u015flar\u0131 i\u00e7in ideal&#8221;<\/h3>\n<p>Yar\u0131\u015f Organizasyon Komitesi Ba\u015fkan\u0131 Engin Yuvakta\u015f, AA muhabirine, ilk yar\u0131\u015f\u0131n 25 Temmuz&#8217;da Bodrum Yal\u0131kavak&#8217;ta ba\u015flad\u0131\u011f\u0131n\u0131 hat\u0131rlatarak, zor bir yar\u0131\u015f\u0131 2-3 tekne d\u0131\u015f\u0131nda hepsinin tamamlad\u0131\u011f\u0131n\u0131 kaydetti.<\/p>\n<p>Yar\u0131\u015f\u0131 rekor s\u00fcrelerde bitiren tekneler de oldu\u011funu anlatan Yuvakta\u015f, &#8220;\u0130lk tekne 10 saat 6 dakika i\u00e7inde tamamlad\u0131. Bu normalde motorla bile gidilebilecek bir h\u0131z de\u011fil.&#8221; dedi.<\/p>\n<p>Co\u011frafyan\u0131n yelken yar\u0131\u015flar\u0131 i\u00e7in ideal oldu\u011funu ifade eden Yuvakta\u015f, &#8220;Bug\u00fcn ikinci ve \u00fc\u00e7\u00fcnc\u00fc yar\u0131\u015flar\u0131m\u0131z\u0131 Marmaris K\u00f6rfezi i\u00e7inde yap\u0131yoruz. Son yar\u0131\u015f\u0131m\u0131z yar\u0131n buradan start al\u0131yor. Tekneler bu sefer geldikleri rotay\u0131 geri gidecekler. \u0130lk yar\u0131\u015ftan biraz daha zor ve uzun ge\u00e7ece\u011fini d\u00fc\u015f\u00fcn\u00fcyorum. Y\u00fcksek r\u00fczgar var. Bu sefer bir t\u0131rman\u0131\u015f ger\u00e7ekle\u015ftirilecek. Yar\u0131\u015f\u0131 Yal\u0131kavak&#8217;ta tamamlayaca\u011f\u0131z.&#8221; diye konu\u015ftu.<\/p>\n<p>Yar\u0131\u015fma, yar\u0131n yap\u0131lacak Marmaris-Bodrum etab\u0131n\u0131n start\u0131n\u0131n verilmesinin ard\u0131ndan 29 Temmuz&#8217;da Bodrum&#8217;da tamamlanacak.<\/p>\n<p>Organizasyon, 30 Temmuz&#8217;da Bodrum Kalesi&#8217;nde d\u00fczenlenecek \u00f6d\u00fcl t\u00f6reniyle sona erecek.<\/p>\n<p>                            <span class=\"detay-foto-editor\">&#13;<br \/>\n                                <a href=\"https:\/\/www.aa.com.tr\/tr\/p\/abonelik-talep-formu\/1001\" target=\"_blank\" style=\"font-size:12px; color:#444; text-decoration:none;\" rel=\"noopener\">&#13;<br \/>\n                                    Anadolu Ajans\u0131 web sitesinde, AA Haber Ak\u0131\u015f Sistemi (HAS) \u00fczerinden abonelere sunulan haberler, \u00f6zetlenerek yay\u0131mlanmaktad\u0131r. <b style=\"color:#1897F7\">Abonelik i\u00e7in l\u00fctfen ileti\u015fime ge\u00e7iniz.<\/b>&#13;<br \/>\n                                <\/a>&#13;<br \/>\n                            <\/span>\n                        <\/div>\n<p><script>\n\t  window.fbAsyncInit = function() {\n\t\tFB.init({\n\t\t  appId: '1855843514662870',\n\t\t  status : true, \/\/ check login status\n\t\t  cookie : true, \/\/ enable cookies to allow the server to access the session\n\t\t  xfbml  : true  \/\/ parse XFBML\n\t\t});\n\t  };<\/p>\n<p>\t  (function() {\n\t\tvar e = document.createElement('script');\n\t\te.src=\"https:\/\/connect.facebook.net\/tr_TR\/all.js\";\n\t\te.async = true;\n\t\tdocument.getElementById('fb-root').appendChild(e);\n\t  }());\n    <\/script><\/p>\n","protected":false},"excerpt":{"rendered":"<p>Cumhurba\u015fkanl\u0131\u011f\u0131 himayelerinde bu y\u0131l 4. kez d\u00fczenlenen organizasyonun ikinci ve \u00fc\u00e7\u00fcnc\u00fc etab\u0131, Mu\u011fla&#8217;n\u0131n Marmaris il\u00e7esi Yalanc\u0131bo\u011faz mevkisinden start ald\u0131. R\u00fczgar\u0131n ba\u015flamas\u0131yla koy i\u00e7erisinde belirlenen rotada yar\u0131\u015fan yelkenciler, \u015famand\u0131ralar\u0131 dola\u015farak yar\u0131\u015flar\u0131 tamamlad\u0131. Halikarnas 100. Y\u0131l Kupas\u0131 etab\u0131 kapsam\u0131nda &#8220;IRC&#8221; ve &#8220;GEZG\u0130N&#8221; s\u0131n\u0131flar\u0131nda Marmaris Koyu i\u00e7inde ger\u00e7ekle\u015ftirilen 2 \u015famand\u0131ra yar\u0131\u015f\u0131n\u0131n ilkinde, IRC 0 s\u0131n\u0131f\u0131nda Serhat Altay y\u00f6netimindeki [&hellip;]<\/p>\n","protected":false},"author":1,"featured_media":10438,"comment_status":"","ping_status":"","sticky":false,"template":"","format":"standard","meta":[],"categories":[48],"tags":[],"_links":{"self":[{"href":"https:\/\/kraios.app\/news\/wp-json\/wp\/v2\/posts\/10437"}],"collection":[{"href":"https:\/\/kraios.app\/news\/wp-json\/wp\/v2\/posts"}],"about":[{"href":"https:\/\/kraios.app\/news\/wp-json\/wp\/v2\/types\/post"}],"author":[{"embeddable":true,"href":"https:\/\/kraios.app\/news\/wp-json\/wp\/v2\/users\/1"}],"replies":[{"embeddable":true,"href":"https:\/\/kraios.app\/news\/wp-json\/wp\/v2\/comments?post=10437"}],"version-history":[{"count":0,"href":"https:\/\/kraios.app\/news\/wp-json\/wp\/v2\/posts\/10437\/revisions"}],"wp:featuredmedia":[{"embeddable":true,"href":"https:\/\/kraios.app\/news\/wp-json\/wp\/v2\/media\/10438"}],"wp:attachment":[{"href":"https:\/\/kraios.app\/news\/wp-json\/wp\/v2\/media?parent=10437"}],"wp:term":[{"taxonomy":"category","embeddable":true,"href":"https:\/\/kraios.app\/news\/wp-json\/wp\/v2\/categories?post=10437"},{"taxonomy":"post_tag","embeddable":true,"href":"https:\/\/kraios.app\/news\/wp-json\/wp\/v2\/tags?post=10437"}],"curies":[{"name":"wp","href":"https:\/\/api.w.org\/{rel}","templated":true}]}}