{"id":10427,"date":"2023-07-27T20:20:05","date_gmt":"2023-07-27T20:20:05","guid":{"rendered":"https:\/\/kraios.app\/news\/siyaset\/2023\/07\/27\/disisleri-bakani-hakan-fidan-temaslarda-bulundu\/"},"modified":"2023-07-27T20:20:05","modified_gmt":"2023-07-27T20:20:05","slug":"disisleri-bakani-hakan-fidan-temaslarda-bulundu","status":"publish","type":"post","link":"https:\/\/kraios.app\/news\/siyaset\/2023\/07\/27\/disisleri-bakani-hakan-fidan-temaslarda-bulundu\/","title":{"rendered":"D\u0131\u015fi\u015fleri Bakan\u0131 Hakan Fidan temaslarda bulundu"},"content":{"rendered":"<p>D\u0131\u015fi\u015fleri Bakan\u0131 Hakan Fidan, Birle\u015fmi\u015f Milletler (BM) Habitat \u0130cra Direkt\u00f6r\u00fc Maimunah Mohd Sharif ve Irak T\u00fcrkmen Cephesi Ba\u015fkan\u0131 Hasan Turan&#8217;la Ankara&#8217;da bir araya geldi.<\/p>\n","protected":false},"excerpt":{"rendered":"<p>D\u0131\u015fi\u015fleri Bakan\u0131 Hakan Fidan, Birle\u015fmi\u015f Milletler (BM) Habitat \u0130cra Direkt\u00f6r\u00fc Maimunah Mohd Sharif ve Irak T\u00fcrkmen Cephesi Ba\u015fkan\u0131 Hasan Turan&#8217;la Ankara&#8217;da bir araya geldi.<\/p>\n","protected":false},"author":1,"featured_media":10428,"comment_status":"","ping_status":"","sticky":false,"template":"","format":"standard","meta":[],"categories":[47],"tags":[],"_links":{"self":[{"href":"https:\/\/kraios.app\/news\/wp-json\/wp\/v2\/posts\/10427"}],"collection":[{"href":"https:\/\/kraios.app\/news\/wp-json\/wp\/v2\/posts"}],"about":[{"href":"https:\/\/kraios.app\/news\/wp-json\/wp\/v2\/types\/post"}],"author":[{"embeddable":true,"href":"https:\/\/kraios.app\/news\/wp-json\/wp\/v2\/users\/1"}],"replies":[{"embeddable":true,"href":"https:\/\/kraios.app\/news\/wp-json\/wp\/v2\/comments?post=10427"}],"version-history":[{"count":0,"href":"https:\/\/kraios.app\/news\/wp-json\/wp\/v2\/posts\/10427\/revisions"}],"wp:featuredmedia":[{"embeddable":true,"href":"https:\/\/kraios.app\/news\/wp-json\/wp\/v2\/media\/10428"}],"wp:attachment":[{"href":"https:\/\/kraios.app\/news\/wp-json\/wp\/v2\/media?parent=10427"}],"wp:term":[{"taxonomy":"category","embeddable":true,"href":"https:\/\/kraios.app\/news\/wp-json\/wp\/v2\/categories?post=10427"},{"taxonomy":"post_tag","embeddable":true,"href":"https:\/\/kraios.app\/news\/wp-json\/wp\/v2\/tags?post=10427"}],"curies":[{"name":"wp","href":"https:\/\/api.w.org\/{rel}","templated":true}]}}