{"id":10401,"date":"2023-07-27T09:20:06","date_gmt":"2023-07-27T09:20:06","guid":{"rendered":"https:\/\/kraios.app\/news\/siyaset\/2023\/07\/27\/baskenti-dogu-kudus-olan-bagimsiz-filistin-devleti-baris-ve-istikrar-icin-sarttir\/"},"modified":"2023-07-27T09:20:06","modified_gmt":"2023-07-27T09:20:06","slug":"baskenti-dogu-kudus-olan-bagimsiz-filistin-devleti-baris-ve-istikrar-icin-sarttir","status":"publish","type":"post","link":"https:\/\/kraios.app\/news\/siyaset\/2023\/07\/27\/baskenti-dogu-kudus-olan-bagimsiz-filistin-devleti-baris-ve-istikrar-icin-sarttir\/","title":{"rendered":"Ba\u015fkenti Do\u011fu Kud\u00fcs olan ba\u011f\u0131ms\u0131z Filistin devleti bar\u0131\u015f ve istikrar i\u00e7in \u015fartt\u0131r"},"content":{"rendered":"<p><\/p>\n<div>\n<p>Cumhurba\u015fkan\u0131 <strong>Recep Tayyip Erdo\u011fan<\/strong>, &#8220;Mescid-i Aksa ba\u015fta olmak \u00fczere kutsal mekanlar\u0131n tarihi stat\u00fckosunun de\u011fi\u015ftirilmesine y\u00f6nelik eylemleri de kabul etmemiz m\u00fcmk\u00fcn de\u011fildir. Filistinli karde\u015flerimiz aras\u0131ndaki birlik ve uzla\u015f\u0131 bu s\u00fcre\u00e7teki temel unsurlardan biridir.&#8221; dedi<\/p>\n<div class=\"jeg_video_container jeg_video_content\"><iframe loading=\"lazy\" title=\"Cumhurba\u015fkan\u0131 Erdo\u011fan: Ba\u011f\u0131ms\u0131z Filistin devletinin kurulmas\u0131 b\u00f6lgemizin istikrar\u0131 i\u00e7in \u015fartt\u0131r\" width=\"500\" height=\"281\" src=\"https:\/\/www.youtube.com\/embed\/0ud6rLsX814?feature=oembed\" frameborder=\"0\" allow=\"accelerometer; autoplay; clipboard-write; encrypted-media; gyroscope; picture-in-picture; web-share\" allowfullscreen><\/iframe><\/div>\n<p>Cumhurba\u015fkan\u0131 Erdo\u011fan ve Filistin Devlet Ba\u015fkan\u0131 <strong>Mahmud Abbas<\/strong>, Cumhurba\u015fkanl\u0131\u011f\u0131 K\u00fclliyesi&#8217;ndeki ba\u015f ba\u015fa g\u00f6r\u00fc\u015fmenin ard\u0131ndan ortak bas\u0131n toplant\u0131s\u0131 d\u00fczenledi.<\/p>\n<p>Konu\u015fmas\u0131na, Filistin Devlet Ba\u015fkan\u0131 Abbas&#8217;\u0131 Ankara&#8217;da misafir etmekten duydu\u011fu mutlulu\u011fu dile getirerek ba\u015flayan Erdo\u011fan, Abbas ve heyetine &#8220;ho\u015f geldiniz&#8221; dedi.<\/p>\n<p>Abbas&#8217;\u0131n son olarak A\u011fustos 2022&#8217;de T\u00fcrkiye&#8217;yi ziyaret etti\u011fini an\u0131msatan Erdo\u011fan, &#8220;O g\u00fcnden bu yana kendisiyle olan yak\u0131n temas\u0131m\u0131z\u0131 farkl\u0131 vesilelerle devam ettirdik. \u00dclkemizdeki son se\u00e7im s\u00fcrecinde Filistin halk\u0131n\u0131n t\u00fcm kesimlerinin deste\u011fini, duas\u0131n\u0131 yan\u0131m\u0131zda hissettik. 28 May\u0131s gecesi Ankara ve \u0130stanbul ba\u015fta olmak \u00fczere \u00fclkemizin d\u00f6rt bir yan\u0131nda ya\u015fanan co\u015fkuya Kud\u00fcs&#8217;te, Ramallah&#8217;ta, Gazze&#8217;de \u015fahit olduk. Aziz karde\u015fim Say\u0131n Abbas&#8217;\u0131n \u015fahs\u0131nda t\u00fcm Filistin halk\u0131na, sevincimize ortak olduklar\u0131 i\u00e7in \u015fahs\u0131m, milletim ad\u0131na te\u015fekk\u00fcr ediyorum. Milletimizle birlikte \u0130slam d\u00fcnyas\u0131n\u0131n farkl\u0131 k\u00f6\u015felerindeki y\u00fcz milyonlarca karde\u015fimizin de g\u00fcvenini in\u015fallah bo\u015fa \u00e7\u0131karmayaca\u011f\u0131z.&#8221; ifadelerini kulland\u0131.<\/p>\n<p><img decoding=\"async\" alt=\"\" src=\"https:\/\/www.aa.com.tr\/uploads\/userFiles\/40b5e6df-807a-4c96-8fee-5e91cbea23a3\/2023%2FTemmuz%2Fbrk1.jpg\"\/><\/p>\n<h3>&#8220;Adil ve kal\u0131c\u0131 bar\u0131\u015f\u0131n tek yolu, iki devletli \u00e7\u00f6z\u00fcm vizyonunu savunmaktan ge\u00e7mektedir&#8221;<\/h3>\n<p>Bug\u00fcnk\u00fc g\u00f6r\u00fc\u015fmelerde Filistin&#8217;deki geli\u015fmeleri ayr\u0131nt\u0131l\u0131 \u015fekilde ele ald\u0131klar\u0131n\u0131 belirten Cumhurba\u015fkan\u0131 Erdo\u011fan, \u015f\u00f6yle devam etti:<\/p>\n<p>&#8220;\u0130li\u015fkilerimizin daha da geli\u015ftirilmesine y\u00f6nelik at\u0131labilecek ad\u0131mlar\u0131, ikili g\u00f6r\u00fc\u015fmemizde, heyetler aras\u0131 g\u00f6r\u00fc\u015fmelerde de\u011ferlendirme imkan\u0131m\u0131z oldu. Filistin devletinin kapasitesinin g\u00fc\u00e7lendirilmesine, Filistin halk\u0131n\u0131n mevcut ko\u015fullar\u0131n\u0131n iyile\u015ftirilmesine deste\u011fimizi teyit ettik. Filistin meselesinin uzun bir s\u00fcredir uluslararas\u0131 toplumun g\u00fcndeminde hak etti\u011fi ilgiyi toplamad\u0131\u011f\u0131, toplayamad\u0131\u011f\u0131 bir vakad\u0131r. Ba\u015fta Birle\u015fmi\u015f Milletler olmak \u00fczere uluslararas\u0131 camian\u0131n Filistin meselesine g\u00fc\u00e7l\u00fc \u015fekilde angaje olmas\u0131 m\u00fchimdir. T\u00fcrkiye olarak Filistin halk\u0131yla dayan\u0131\u015fmam\u0131z\u0131, Filistin davas\u0131na deste\u011fimizi en g\u00fc\u00e7l\u00fc \u015fekilde s\u00fcrd\u00fcr\u00fcyoruz, s\u00fcrd\u00fcrece\u011fiz.<\/p>\n<p>Filistin&#8217;deki geli\u015fmeleri bu minvalde yak\u0131ndan takip ediyoruz. G\u00fcn ge\u00e7tik\u00e7e artan can kay\u0131plar\u0131ndan, y\u0131k\u0131mlardan, yasa d\u0131\u015f\u0131 yerle\u015fimlerin geni\u015fletilmesinden ve yerle\u015fimci \u015fiddetinden derin endi\u015fe duyuyoruz. Bu vesileyle hayat\u0131n\u0131 kaybeden Filistinli karde\u015flerimize bir kez daha Allah&#8217;tan rahmet, Filistin devleti ve halk\u0131na ba\u015f sa\u011fl\u0131\u011f\u0131 diliyorum. B\u00f6lgede adil ve kal\u0131c\u0131 bir bar\u0131\u015f\u0131n tek yolu, iki devletli \u00e7\u00f6z\u00fcm vizyonunu savunmaktan ge\u00e7mektedir. Mescid-i Aksa ba\u015fta olmak \u00fczere kutsal mekanlar\u0131n tarihi stat\u00fckosunun de\u011fi\u015ftirilmesine y\u00f6nelik eylemleri de kabul etmemiz m\u00fcmk\u00fcn de\u011fildir. Filistinli karde\u015flerimiz aras\u0131ndaki birlik ve uzla\u015f\u0131 bu s\u00fcre\u00e7teki temel unsurlardan biridir. Bu alanda \u00fczerimize d\u00fc\u015fen her t\u00fcrl\u00fc deste\u011fi sa\u011flamaya haz\u0131r oldu\u011fumuzu de\u011ferli karde\u015fimle bir kez daha payla\u015ft\u0131m.&#8221;<\/p>\n<p><img decoding=\"async\" alt=\"\" src=\"https:\/\/www.aa.com.tr\/uploads\/userFiles\/40b5e6df-807a-4c96-8fee-5e91cbea23a3\/2023%2FTemmuz%2Fbrk2.jpg\"\/><\/p>\n<h3>&#8220;T\u00fcm g\u00fcc\u00fcm\u00fczle desteklemeye devam edece\u011fiz&#8221;<\/h3>\n<p>T\u0130KA, T\u00fcrk K\u0131z\u0131lay ve T\u00fcrk sivil toplum kurulu\u015flar\u0131n\u0131n Filistin&#8217;e y\u00f6nelik insani ve kalk\u0131nma yard\u0131mlar\u0131n\u0131 s\u00fcrd\u00fcrd\u00fc\u011f\u00fcn\u00fc s\u00f6yleyen Erdo\u011fan, &#8220;Faaliyetlerine b\u00fcy\u00fck \u00f6nem atfetti\u011fimiz Birle\u015fmi\u015f Milletler Filistinli M\u00fcltecilere Yard\u0131m Ajans\u0131&#8217;na katk\u0131lar\u0131m\u0131z da \u00f6nceki y\u0131llarda oldu\u011fu gibi devam edecektir.&#8221; dedi.<\/p>\n<p>G\u00f6r\u00fc\u015fmelerde ikili m\u00fcnasebetlerin yan\u0131 s\u0131ra b\u00f6lgesel geli\u015fmeler hakk\u0131nda da g\u00f6r\u00fc\u015f al\u0131\u015fveri\u015finde bulunuldu\u011funu bildiren Cumhurba\u015fkan\u0131 Erdo\u011fan, \u015funlar\u0131 kaydetti:<\/p>\n<p>&#8220;Filistin davas\u0131n\u0131 en g\u00fc\u00e7l\u00fc \u015fekilde savunmaya, Filistin halk\u0131n\u0131n g\u00fcvenli\u011fini ve refah\u0131n\u0131 art\u0131rmaya y\u00f6nelik her gayreti t\u00fcm g\u00fcc\u00fcm\u00fczle desteklemeye devam edece\u011fiz. Birle\u015fmi\u015f Milletler parametreleri temelinde 1967 s\u0131n\u0131rlar\u0131nda ba\u015fkenti Do\u011fu Kud\u00fcs olan ba\u011f\u0131ms\u0131z bir Filistin devletinin kurulmas\u0131n\u0131n t\u00fcm b\u00f6lgemizin bar\u0131\u015f ve istikrar\u0131 i\u00e7in bir \u015fart oldu\u011funu ifade etmek istiyorum. Buradan t\u00fcm Filistin halk\u0131na ve Ramallah&#8217;ta bir meydana ad\u0131m\u0131n verilmi\u015f olmas\u0131ndan duydu\u011fum memnuniyeti de \u00f6zellikle ifade etmek istiyorum.&#8221;<\/p>\n<p>Konu\u015fmalar\u0131n ard\u0131ndan Filistin Devlet Ba\u015fkan\u0131 Mahmud Abbas, Cumhurba\u015fkan\u0131 Erdo\u011fan&#8217;a, Ramallah&#8217;ta bir meydana Erdo\u011fan&#8217;\u0131n isminin verildi\u011fi belgeyi takdim etti.<\/p>\n<h3>Cumhurba\u015fkan\u0131 Erdo\u011fan, Filistin Devlet Ba\u015fkan\u0131 Abbas onuruna yemek verdi<\/h3>\n<p>Cumhurba\u015fkan\u0131 Recep Tayyip Erdo\u011fan, Filistin Devlet Ba\u015fkan\u0131 Mahmud Abbas onuruna resmi ak\u015fam yeme\u011fi verdi.<\/p>\n<p>Cumhurba\u015fkanl\u0131\u011f\u0131 K\u00fclliyesi&#8217;ndeki yemek, bas\u0131na kapal\u0131 ger\u00e7ekle\u015ftirildi.<\/p>\n<p>                            <span class=\"detay-foto-editor\">&#13;<br \/>\n                                <a href=\"https:\/\/www.aa.com.tr\/tr\/p\/abonelik-talep-formu\/1001\" target=\"_blank\" style=\"font-size:12px; color:#444; text-decoration:none;\" rel=\"noopener\">&#13;<br \/>\n                                    Anadolu Ajans\u0131 web sitesinde, AA Haber Ak\u0131\u015f Sistemi (HAS) \u00fczerinden abonelere sunulan haberler, \u00f6zetlenerek yay\u0131mlanmaktad\u0131r. <b style=\"color:#1897F7\">Abonelik i\u00e7in l\u00fctfen ileti\u015fime ge\u00e7iniz.<\/b>&#13;<br \/>\n                                <\/a>&#13;<br \/>\n                            <\/span>\n                        <\/div>\n<p><script>\n\t  window.fbAsyncInit = function() {\n\t\tFB.init({\n\t\t  appId: '1855843514662870',\n\t\t  status : true, \/\/ check login status\n\t\t  cookie : true, \/\/ enable cookies to allow the server to access the session\n\t\t  xfbml  : true  \/\/ parse XFBML\n\t\t});\n\t  };<\/p>\n<p>\t  (function() {\n\t\tvar e = document.createElement('script');\n\t\te.src=\"https:\/\/connect.facebook.net\/tr_TR\/all.js\";\n\t\te.async = true;\n\t\tdocument.getElementById('fb-root').appendChild(e);\n\t  }());\n    <\/script><\/p>\n","protected":false},"excerpt":{"rendered":"<p>Cumhurba\u015fkan\u0131 Recep Tayyip Erdo\u011fan, &#8220;Mescid-i Aksa ba\u015fta olmak \u00fczere kutsal mekanlar\u0131n tarihi stat\u00fckosunun de\u011fi\u015ftirilmesine y\u00f6nelik eylemleri de kabul etmemiz m\u00fcmk\u00fcn de\u011fildir. Filistinli karde\u015flerimiz aras\u0131ndaki birlik ve uzla\u015f\u0131 bu s\u00fcre\u00e7teki temel unsurlardan biridir.&#8221; dedi Cumhurba\u015fkan\u0131 Erdo\u011fan ve Filistin Devlet Ba\u015fkan\u0131 Mahmud Abbas, Cumhurba\u015fkanl\u0131\u011f\u0131 K\u00fclliyesi&#8217;ndeki ba\u015f ba\u015fa g\u00f6r\u00fc\u015fmenin ard\u0131ndan ortak bas\u0131n toplant\u0131s\u0131 d\u00fczenledi. Konu\u015fmas\u0131na, Filistin Devlet Ba\u015fkan\u0131 [&hellip;]<\/p>\n","protected":false},"author":1,"featured_media":10402,"comment_status":"","ping_status":"","sticky":false,"template":"","format":"standard","meta":[],"categories":[47],"tags":[],"_links":{"self":[{"href":"https:\/\/kraios.app\/news\/wp-json\/wp\/v2\/posts\/10401"}],"collection":[{"href":"https:\/\/kraios.app\/news\/wp-json\/wp\/v2\/posts"}],"about":[{"href":"https:\/\/kraios.app\/news\/wp-json\/wp\/v2\/types\/post"}],"author":[{"embeddable":true,"href":"https:\/\/kraios.app\/news\/wp-json\/wp\/v2\/users\/1"}],"replies":[{"embeddable":true,"href":"https:\/\/kraios.app\/news\/wp-json\/wp\/v2\/comments?post=10401"}],"version-history":[{"count":0,"href":"https:\/\/kraios.app\/news\/wp-json\/wp\/v2\/posts\/10401\/revisions"}],"wp:featuredmedia":[{"embeddable":true,"href":"https:\/\/kraios.app\/news\/wp-json\/wp\/v2\/media\/10402"}],"wp:attachment":[{"href":"https:\/\/kraios.app\/news\/wp-json\/wp\/v2\/media?parent=10401"}],"wp:term":[{"taxonomy":"category","embeddable":true,"href":"https:\/\/kraios.app\/news\/wp-json\/wp\/v2\/categories?post=10401"},{"taxonomy":"post_tag","embeddable":true,"href":"https:\/\/kraios.app\/news\/wp-json\/wp\/v2\/tags?post=10401"}],"curies":[{"name":"wp","href":"https:\/\/api.w.org\/{rel}","templated":true}]}}