{"id":10399,"date":"2023-07-27T08:54:35","date_gmt":"2023-07-27T08:54:35","guid":{"rendered":"https:\/\/kraios.app\/news\/ekonomi\/2023\/07\/27\/yenilenebilir-enerji-gelecek-yil-dunyanin-en-buyuk-elektrik-uretim-kaynagi-olabilir\/"},"modified":"2023-07-27T08:54:35","modified_gmt":"2023-07-27T08:54:35","slug":"yenilenebilir-enerji-gelecek-yil-dunyanin-en-buyuk-elektrik-uretim-kaynagi-olabilir","status":"publish","type":"post","link":"https:\/\/kraios.app\/news\/ekonomi\/2023\/07\/27\/yenilenebilir-enerji-gelecek-yil-dunyanin-en-buyuk-elektrik-uretim-kaynagi-olabilir\/","title":{"rendered":"Yenilenebilir enerji gelecek y\u0131l d\u00fcnyan\u0131n en b\u00fcy\u00fck elektrik \u00fcretim kayna\u011f\u0131 olabilir"},"content":{"rendered":"<p> <br \/>\n<\/p>\n<div>\n<p>AA muhabirinin Uluslararas\u0131 Enerji Ajans\u0131n\u0131n (IEA) Elektrik Piyasas\u0131 Raporu&#8217;ndan derledi\u011fi bilgilere g\u00f6re, ge\u00e7en y\u0131l y\u00fczde 1,5 art\u0131\u015f g\u00f6steren k\u00f6m\u00fcrden elektrik \u00fcretimi bu y\u0131l ve gelecek y\u0131l azalacak.<\/p>\n<p>K\u00f6m\u00fcrden elektrik \u00fcretimi Asya&#8217;da artsa da Avrupa ve ABD&#8217;deki gerileme, bu art\u0131\u015f\u0131 dengeleyecek.<\/p>\n<p>Fosil yak\u0131tlardan elektrik \u00fcretiminin yap\u0131sal d\u00fc\u015f\u00fc\u015f e\u011filimine girdi\u011fi bu d\u00f6nemde, yenilenebilir enerji kaynaklar\u0131 2023 ve 2024&#8217;te k\u00fcresel elektrik talebindeki b\u00fcy\u00fcmenin tamam\u0131n\u0131 kar\u015f\u0131layacak.<\/p>\n<p>Yenilenebilir kaynaklardan \u00fcretimin artmas\u0131yla, bu kaynaklar\u0131n k\u00fcresel elektrik \u00fcretimindeki pay\u0131 2024&#8217;te y\u00fczde 33&#8217;\u00fc a\u015facak. Bu art\u0131\u015fla yenilenebilir kaynaklar\u0131n 2024&#8217;te d\u00fcnyan\u0131n en b\u00fcy\u00fck elektrik \u00fcretim kayna\u011f\u0131 olarak k\u00f6m\u00fcr\u00fcn yerini alabilece\u011fi \u00f6ng\u00f6r\u00fcl\u00fcyor. Bu b\u00fcy\u00fcmede hava ko\u015fullar\u0131 \u00f6nemli rol oynuyor.<\/p>\n<p>Yenilenebilir enerji kaynaklar\u0131n\u0131n k\u00fcresel elektrik \u00fcretimindeki pay\u0131n\u0131n 2014&#8217;teki y\u00fczde 22 seviyesine g\u00f6re y\u00fczde 50 art\u0131\u015f g\u00f6sterece\u011fi hesaplan\u0131yor.<\/p>\n<h3>&#8220;Yenilenebilir enerjideki b\u00fcy\u00fcme fosil yak\u0131tlara ihtiyac\u0131 azaltacak&#8221;<\/h3>\n<p>Raporun ba\u015fyazarlar\u0131ndan IEA Elektrik Analisti Eren \u00c7am, AA muhabirine yapt\u0131\u011f\u0131 a\u00e7\u0131klamada, k\u00f6m\u00fcrden elektrik \u00fcretiminde farkl\u0131 e\u011filimler g\u00f6r\u00fcld\u00fc\u011f\u00fcn\u00fc, Avrupa ve ABD&#8217;de k\u00f6m\u00fcrden elektrik \u00fcretiminin stabil \u015fekilde gerileyece\u011fini ifade etti.<\/p>\n<p>Asya b\u00f6lgesinde Hindistan ve \u00c7in&#8217;de k\u00f6m\u00fcrden elektrik \u00fcretiminin artt\u0131\u011f\u0131na dikkati \u00e7eken \u00c7am, \u00c7in&#8217;deki geli\u015fmelerin k\u00fcresel fosil yak\u0131t ve yenilenebilir enerji denkleminde belirleyici rol oynad\u0131\u011f\u0131n\u0131 s\u00f6yledi.<\/p>\n<p>\u00c7am, \u015fu an d\u00fcnyadaki en b\u00fcy\u00fck elektrik \u00fcretim kayna\u011f\u0131n\u0131n k\u00f6m\u00fcr oldu\u011funu belirterek \u015funlar\u0131 kaydetti:<\/p>\n<p>&#8220;Yenilenebilir enerji kaynaklar\u0131ndan \u00fcretim hava ko\u015fullar\u0131ndan etkileniyor ama hava ko\u015fullar\u0131n\u0131n da katk\u0131da bulunmas\u0131yla, yenilenebilir kaynaklar\u0131n elektrik \u00fcretimindeki pay\u0131n\u0131n 2024&#8217;te k\u00f6m\u00fcr\u00fc geride b\u0131rakmas\u0131 m\u00fcmk\u00fcn. Yenilenebilir kaynaklar\u0131n pay\u0131 2024&#8217;te k\u00f6m\u00fcr\u00fc ge\u00e7mese de aralar\u0131nda \u00e7ok az bir fark olabilir. Bu kaynaklar gelecek y\u0131l k\u00fcresel elektri\u011fin \u00fc\u00e7te birini kar\u015f\u0131layacak. D\u00fcnyada yenilenebilir enerji kapasitesi ciddi \u015fekilde art\u0131yor. Bu art\u0131\u015f, fosil yak\u0131tlara olan ihtiyac\u0131 zamanla daha da azaltacakt\u0131r.&#8221;<\/p>\n<h3>&#8220;Elektrik a\u011flar\u0131nda yat\u0131r\u0131mlar\u0131n gecikmesi, karbonsuzla\u015fmay\u0131 da geciktirir&#8221;<\/h3>\n<p>D\u00fcnyadaki elektrik iletim ve da\u011f\u0131t\u0131m \u015febekesinin \u015fu anda yenilenebilir kaynaklardan elektrik \u00fcretiminde 2023 ve 2024 i\u00e7in \u00f6ng\u00f6r\u00fclen b\u00fcy\u00fcmeyi kald\u0131rabilecek seviyede oldu\u011funu dile getiren \u00c7am, son y\u0131llarda yenilenebilir enerji santrallerinin in\u015fa edildi\u011fini ancak bunlar\u0131 \u015febekeye ba\u011flanmas\u0131nda gecikmeler g\u00f6r\u00fcld\u00fc\u011f\u00fcn\u00fc ifade etti.<\/p>\n<p>\u00c7am, uzun vadede elektrik iletim ve da\u011f\u0131t\u0131m a\u011flar\u0131na yeterli yat\u0131r\u0131m yap\u0131lmazsa, yenilenebilir kaynaklardan elektrik \u00fcretiminin artmas\u0131nda gecikme ya\u015fanabilece\u011fini vurgulayarak, &#8220;K\u00fcresel \u00e7apta elektrik a\u011flar\u0131na yat\u0131r\u0131m gecikirse karbonsuzla\u015fmada da gecikme ya\u015fayaca\u011f\u0131m\u0131z \u00e7ok net.&#8221; uyar\u0131s\u0131nda bulundu.<\/p>\n<h3>Geli\u015fmi\u015f \u00fclkelerin elektrik talebinde gerileme<\/h3>\n<p>IEA&#8217;n\u0131n raporunda yer alan k\u00fcresel elektrik talebine ili\u015fkin \u00f6ng\u00f6r\u00fcleri de de\u011ferlendiren \u00c7am, geli\u015fmekte olan \u00fclkelerde elektrik talebi b\u00fcy\u00fcmeye devam etmesine ra\u011fmen ABD, Japonya ve Avrupa Birli\u011fi \u00fclkeleri gibi geli\u015fmi\u015f ekonomilerde elektrik talebinde d\u00fc\u015f\u00fc\u015f g\u00f6r\u00fcld\u00fc\u011f\u00fcn\u00fc s\u00f6yledi.<\/p>\n<p>\u00c7am, geli\u015fmi\u015f ekonomilerin elektrik talebindeki d\u00fc\u015f\u00fc\u015f\u00fcn \u00e7o\u011funlukla end\u00fcstri talebindeki gerilemeden kaynakl\u0131 oldu\u011funu belirtti.<\/p>\n<p>Bu d\u00fc\u015f\u00fc\u015f\u00fcn ge\u00e7ici veya kal\u0131c\u0131 m\u0131 olaca\u011f\u0131n\u0131n gelecek y\u0131llarda anla\u015f\u0131laca\u011f\u0131n\u0131 dile getiren \u00c7am, &#8220;Al\u00fcminyum, demir \u00e7elik, ka\u011f\u0131t, cam gibi sekt\u00f6rler, \u00e7ok enerji t\u00fcketen sanayiler ve \u00f6rne\u011fin bu alanlarda Avrupa&#8217;da ne derece toparlanma g\u00f6r\u00fclece\u011fi \u00f6nemli. Analizimizde g\u00f6r\u00fcyoruz ki Avrupa&#8217;daki baz\u0131 \u015firketler tesislerini kapatma ve \u00fcretimlerini enerjinin daha ucuz oldu\u011fu \u00fclkelere ta\u015f\u0131ma karar\u0131 ald\u0131. Dolay\u0131s\u0131yla, bu t\u00fcr geli\u015fmeler talepteki e\u011filim a\u00e7\u0131s\u0131ndan belirleyici olabilir.&#8221; diye konu\u015ftu.<\/p>\n<p>IEA&#8217;n\u0131n \u00f6ng\u00f6r\u00fclerine g\u00f6re, k\u00fcresel elektrik talebindeki b\u00fcy\u00fcme bu y\u0131l y\u00fczde 2 ile ge\u00e7en y\u0131lki y\u00fczde 2,3&#8217;l\u00fck ve salg\u0131n \u00f6ncesi son 5 y\u0131ldaki y\u0131ll\u0131k ortalama olan y\u00fczde 2,4&#8217;l\u00fck art\u0131\u015f\u0131n alt\u0131nda kalacak.<\/p>\n<p>ABD ve Japonya&#8217;da elektrik talebi bu y\u0131l s\u0131ras\u0131yla y\u00fczde 2 ve y\u00fczde 3 d\u00fc\u015f\u00fc\u015f g\u00f6sterecek. Avrupa Birli\u011fi&#8217;nin elektrik talebi de \u00fcst \u00fcste ikinci y\u0131l y\u00fczde 3 gerileyecek.<\/p>\n<p>                            <span class=\"detay-foto-editor\">&#13;<br \/>\n                                <a href=\"https:\/\/www.aa.com.tr\/tr\/p\/abonelik-talep-formu\/1001\" target=\"_blank\" style=\"font-size:12px; color:#444; text-decoration:none;\" rel=\"noopener\">&#13;<br \/>\n                                    Anadolu Ajans\u0131 web sitesinde, AA Haber Ak\u0131\u015f Sistemi (HAS) \u00fczerinden abonelere sunulan haberler, \u00f6zetlenerek yay\u0131mlanmaktad\u0131r. <b style=\"color:#1897F7\">Abonelik i\u00e7in l\u00fctfen ileti\u015fime ge\u00e7iniz.<\/b>&#13;<br \/>\n                                <\/a>&#13;<br \/>\n                            <\/span>\n                        <\/div>\n<p><script>\n\t  window.fbAsyncInit = function() {\n\t\tFB.init({\n\t\t  appId: '1855843514662870',\n\t\t  status : true, \/\/ check login status\n\t\t  cookie : true, \/\/ enable cookies to allow the server to access the session\n\t\t  xfbml  : true  \/\/ parse XFBML\n\t\t});\n\t  };<\/p>\n<p>\t  (function() {\n\t\tvar e = document.createElement('script');\n\t\te.src=\"https:\/\/connect.facebook.net\/tr_TR\/all.js\";\n\t\te.async = true;\n\t\tdocument.getElementById('fb-root').appendChild(e);\n\t  }());\n    <\/script><br \/>\n<br \/><br \/>\n<br \/><a href=\"https:\/\/www.aa.com.tr\/tr\/ekonomi\/yenilenebilir-enerji-gelecek-yil-dunyanin-en-buyuk-elektrik-uretim-kaynagi-olabilir\/2955503\">Source link <\/a><\/p>\n","protected":false},"excerpt":{"rendered":"<p>AA muhabirinin Uluslararas\u0131 Enerji Ajans\u0131n\u0131n (IEA) Elektrik Piyasas\u0131 Raporu&#8217;ndan derledi\u011fi bilgilere g\u00f6re, ge\u00e7en y\u0131l y\u00fczde 1,5 art\u0131\u015f g\u00f6steren k\u00f6m\u00fcrden elektrik \u00fcretimi bu y\u0131l ve gelecek y\u0131l azalacak. K\u00f6m\u00fcrden elektrik \u00fcretimi Asya&#8217;da artsa da Avrupa ve ABD&#8217;deki gerileme, bu art\u0131\u015f\u0131 dengeleyecek. Fosil yak\u0131tlardan elektrik \u00fcretiminin yap\u0131sal d\u00fc\u015f\u00fc\u015f e\u011filimine girdi\u011fi bu d\u00f6nemde, yenilenebilir enerji kaynaklar\u0131 2023 ve [&hellip;]<\/p>\n","protected":false},"author":1,"featured_media":10400,"comment_status":"","ping_status":"","sticky":false,"template":"","format":"standard","meta":[],"categories":[44],"tags":[],"_links":{"self":[{"href":"https:\/\/kraios.app\/news\/wp-json\/wp\/v2\/posts\/10399"}],"collection":[{"href":"https:\/\/kraios.app\/news\/wp-json\/wp\/v2\/posts"}],"about":[{"href":"https:\/\/kraios.app\/news\/wp-json\/wp\/v2\/types\/post"}],"author":[{"embeddable":true,"href":"https:\/\/kraios.app\/news\/wp-json\/wp\/v2\/users\/1"}],"replies":[{"embeddable":true,"href":"https:\/\/kraios.app\/news\/wp-json\/wp\/v2\/comments?post=10399"}],"version-history":[{"count":0,"href":"https:\/\/kraios.app\/news\/wp-json\/wp\/v2\/posts\/10399\/revisions"}],"wp:featuredmedia":[{"embeddable":true,"href":"https:\/\/kraios.app\/news\/wp-json\/wp\/v2\/media\/10400"}],"wp:attachment":[{"href":"https:\/\/kraios.app\/news\/wp-json\/wp\/v2\/media?parent=10399"}],"wp:term":[{"taxonomy":"category","embeddable":true,"href":"https:\/\/kraios.app\/news\/wp-json\/wp\/v2\/categories?post=10399"},{"taxonomy":"post_tag","embeddable":true,"href":"https:\/\/kraios.app\/news\/wp-json\/wp\/v2\/tags?post=10399"}],"curies":[{"name":"wp","href":"https:\/\/api.w.org\/{rel}","templated":true}]}}