{"id":10381,"date":"2023-07-27T05:20:10","date_gmt":"2023-07-27T05:20:10","guid":{"rendered":"https:\/\/kraios.app\/news\/siyaset\/2023\/07\/27\/ak-partimizin-siyaseti-esasinda-hizmet-odaklidir\/"},"modified":"2023-07-27T05:20:10","modified_gmt":"2023-07-27T05:20:10","slug":"ak-partimizin-siyaseti-esasinda-hizmet-odaklidir","status":"publish","type":"post","link":"https:\/\/kraios.app\/news\/siyaset\/2023\/07\/27\/ak-partimizin-siyaseti-esasinda-hizmet-odaklidir\/","title":{"rendered":"AK Partimizin siyaseti esas\u0131nda hizmet odakl\u0131d\u0131r"},"content":{"rendered":"<p><\/p>\n<div>\n<p>Yenik\u00f6pr\u00fc-Y\u00fcksekova Yolu T-1 T\u00fcneli I\u015f\u0131k G\u00f6rme T\u00f6reni&#8217;nin ard\u0131ndan Hakkari&#8217;ye ge\u00e7en Bakan Uralo\u011flu, Vali ve Belediye Ba\u015fkan Vekili \u0130dris Akb\u0131y\u0131k&#8217;\u0131 ziyaret etti, \u00e7al\u0131\u015fmalar hakk\u0131nda bilgi ald\u0131.<\/p>\n<p>Ard\u0131ndan Valilikte d\u00fczenlenen koordinasyon toplant\u0131s\u0131na kat\u0131lan Uralo\u011flu, daha sonra Bulvar Caddesi&#8217;nde vatanda\u015flarla sohbet etti, AK Parti \u0130l Ba\u015fkanl\u0131\u011f\u0131nda partililerle bir araya geldi.<\/p>\n<p>Bakan Uralo\u011flu, burada yapt\u0131\u011f\u0131 konu\u015fmada, y\u00fcklerinin ve sorumluluklar\u0131n\u0131n ne kadar a\u011f\u0131r oldu\u011funun fark\u0131nda olduklar\u0131n\u0131 s\u00f6yledi.<\/p>\n<p><img decoding=\"async\" alt=\"\" src=\"https:\/\/www.aa.com.tr\/uploads\/userFiles\/88e4063b-7018-4331-b06e-f0cb513ac64c\/2023%2F07%2Fural26-1.jpg\"\/><\/p>\n<p>Vatanda\u015flara en iyi hizmeti vermenin gayreti i\u00e7inde olduklar\u0131n\u0131 belirten Uralo\u011flu, &#8220;\u00dclkemiz \u00e7ok s\u00fcre\u00e7lerden, a\u015famalardan ge\u00e7ti. Bu \u00fclke 15 Temmuz kalk\u0131\u015fmas\u0131n\u0131 maalesef g\u00f6rd\u00fc. Milletimiz gerekli iradeyi ortaya koydu. Cumhurba\u015fkan\u0131m\u0131z Recep Tayyip Erdo\u011fan gerekli talimatlar\u0131 verdi. Hep beraber meydanlara indik ve darbe giri\u015fimini p\u00fcsk\u00fcrtt\u00fck. 14 ve 28 May\u0131s se\u00e7imleri oldu. Zorlu se\u00e7imlerdi. Tabiri caizse yedi d\u00fcvel m\u00fccadele etti, u\u011fra\u015ft\u0131. Her t\u00fcrl\u00fc entrika \u00e7evrildi.&#8221; dedi.<\/p>\n<p>Cumhurba\u015fkan\u0131 ve milletvekili genel se\u00e7imlerine de de\u011finen Uralo\u011flu, \u015funlar\u0131 kaydetti:<\/p>\n<p>&#8220;Se\u00e7imde \u00fclke y\u00f6netimine talip olan birisi (CHP Genel Ba\u015fkan\u0131 Kemal K\u0131l\u0131\u00e7daro\u011flu) se\u00e7im s\u00fcrecinde \u00e7\u0131k\u0131p &#8216;Biz kazan\u0131rsak Rusya&#8217;ya yapt\u0131r\u0131mlar uygulayaca\u011f\u0131z&#8217; diyor. O a\u00e7\u0131klamadan sonra t\u00fcm Rus turistler \u00fclkeye giri\u015fi durdurdu. Rezervasyonlar\u0131n\u0131 iptal ettiler. \u015eimdi bu ki\u015fi \u00fclkenin y\u00f6netimine talip. Ya sen gelirsen, Allah nasip etmedi, etmeyecek in\u015fallah. Bu turistler sana da laz\u0131m de\u011fil mi? Ne oldu? 28 May\u0131s&#8217;ta se\u00e7imler belli oldu. Turist ak\u0131n\u0131 ba\u015fta Ruslar olmak \u00fczere tekrar hareketlendi. Onun i\u00e7in \u00e7ok s\u00fcre\u00e7lerden, a\u015famalardan ge\u00e7iyoruz.&#8221;<\/p>\n<p><img decoding=\"async\" alt=\"\" src=\"https:\/\/admin.aa.com.tr\/uploads\/userFiles\/88e4063b-7018-4331-b06e-f0cb513ac64c\/2023%2F07%2Fural26-2.jpg\"\/><\/p>\n<p>Cumhurba\u015fkanl\u0131\u011f\u0131 se\u00e7iminde Hakkari&#8217;de ciddi bir oy art\u0131\u015f\u0131n\u0131n oldu\u011funu an\u0131msatan Uralo\u011flu, &#8220;Burada 8 belediyemiz var. Hakkari&#8217;yi de almam\u0131z laz\u0131m. AK Partimizin siyaseti esas\u0131nda hizmet odakl\u0131d\u0131r. Hizmet edece\u011fiz ki vatanda\u015f\u0131m\u0131zdan oy isteyelim. \u00dclkemizde y\u0131k\u0131c\u0131 bir deprem ya\u015fand\u0131. \u00dclkeye getirdi\u011fi y\u00fckler var elbette. Biz bunlara s\u0131\u011f\u0131n\u0131p hizmetlerimizi aksatmayaca\u011f\u0131z. Bize verece\u011finiz g\u00fc\u00e7l\u00fc destekle Allah&#8217;\u0131n izniyle daha iyi hizmetleri yapma azmini kendimizde bulaca\u011f\u0131z.&#8221; diye konu\u015ftu.<\/p>\n<p><img decoding=\"async\" alt=\"\" src=\"https:\/\/admin.aa.com.tr\/uploads\/userFiles\/88e4063b-7018-4331-b06e-f0cb513ac64c\/2023%2F07%2Fural26-3.jpg\"\/><\/p>\n<p>Vali Akb\u0131y\u0131k ile Ticaret ve Sanayi Odas\u0131&#8217;n\u0131 ziyaret eden Uralo\u011flu, sivil toplum kurulu\u015flar\u0131 temsilcileriyle g\u00f6r\u00fc\u015ft\u00fckten sonra kentten ayr\u0131ld\u0131.<\/p>\n<p>                            <span class=\"detay-foto-editor\">&#13;<br \/>\n                                <a href=\"https:\/\/www.aa.com.tr\/tr\/p\/abonelik-talep-formu\/1001\" target=\"_blank\" style=\"font-size:12px; color:#444; text-decoration:none;\" rel=\"noopener\">&#13;<br \/>\n                                    Anadolu Ajans\u0131 web sitesinde, AA Haber Ak\u0131\u015f Sistemi (HAS) \u00fczerinden abonelere sunulan haberler, \u00f6zetlenerek yay\u0131mlanmaktad\u0131r. <b style=\"color:#1897F7\">Abonelik i\u00e7in l\u00fctfen ileti\u015fime ge\u00e7iniz.<\/b>&#13;<br \/>\n                                <\/a>&#13;<br \/>\n                            <\/span>\n                        <\/div>\n<p><script>\n\t  window.fbAsyncInit = function() {\n\t\tFB.init({\n\t\t  appId: '1855843514662870',\n\t\t  status : true, \/\/ check login status\n\t\t  cookie : true, \/\/ enable cookies to allow the server to access the session\n\t\t  xfbml  : true  \/\/ parse XFBML\n\t\t});\n\t  };<\/p>\n<p>\t  (function() {\n\t\tvar e = document.createElement('script');\n\t\te.src=\"https:\/\/connect.facebook.net\/tr_TR\/all.js\";\n\t\te.async = true;\n\t\tdocument.getElementById('fb-root').appendChild(e);\n\t  }());\n    <\/script><\/p>\n","protected":false},"excerpt":{"rendered":"<p>Yenik\u00f6pr\u00fc-Y\u00fcksekova Yolu T-1 T\u00fcneli I\u015f\u0131k G\u00f6rme T\u00f6reni&#8217;nin ard\u0131ndan Hakkari&#8217;ye ge\u00e7en Bakan Uralo\u011flu, Vali ve Belediye Ba\u015fkan Vekili \u0130dris Akb\u0131y\u0131k&#8217;\u0131 ziyaret etti, \u00e7al\u0131\u015fmalar hakk\u0131nda bilgi ald\u0131. Ard\u0131ndan Valilikte d\u00fczenlenen koordinasyon toplant\u0131s\u0131na kat\u0131lan Uralo\u011flu, daha sonra Bulvar Caddesi&#8217;nde vatanda\u015flarla sohbet etti, AK Parti \u0130l Ba\u015fkanl\u0131\u011f\u0131nda partililerle bir araya geldi. Bakan Uralo\u011flu, burada yapt\u0131\u011f\u0131 konu\u015fmada, y\u00fcklerinin ve sorumluluklar\u0131n\u0131n [&hellip;]<\/p>\n","protected":false},"author":1,"featured_media":10382,"comment_status":"","ping_status":"","sticky":false,"template":"","format":"standard","meta":[],"categories":[47],"tags":[],"_links":{"self":[{"href":"https:\/\/kraios.app\/news\/wp-json\/wp\/v2\/posts\/10381"}],"collection":[{"href":"https:\/\/kraios.app\/news\/wp-json\/wp\/v2\/posts"}],"about":[{"href":"https:\/\/kraios.app\/news\/wp-json\/wp\/v2\/types\/post"}],"author":[{"embeddable":true,"href":"https:\/\/kraios.app\/news\/wp-json\/wp\/v2\/users\/1"}],"replies":[{"embeddable":true,"href":"https:\/\/kraios.app\/news\/wp-json\/wp\/v2\/comments?post=10381"}],"version-history":[{"count":0,"href":"https:\/\/kraios.app\/news\/wp-json\/wp\/v2\/posts\/10381\/revisions"}],"wp:featuredmedia":[{"embeddable":true,"href":"https:\/\/kraios.app\/news\/wp-json\/wp\/v2\/media\/10382"}],"wp:attachment":[{"href":"https:\/\/kraios.app\/news\/wp-json\/wp\/v2\/media?parent=10381"}],"wp:term":[{"taxonomy":"category","embeddable":true,"href":"https:\/\/kraios.app\/news\/wp-json\/wp\/v2\/categories?post=10381"},{"taxonomy":"post_tag","embeddable":true,"href":"https:\/\/kraios.app\/news\/wp-json\/wp\/v2\/tags?post=10381"}],"curies":[{"name":"wp","href":"https:\/\/api.w.org\/{rel}","templated":true}]}}