{"id":10369,"date":"2023-07-27T00:20:05","date_gmt":"2023-07-27T00:20:05","guid":{"rendered":"https:\/\/kraios.app\/news\/siyaset\/2023\/07\/27\/disisleri-bakani-fidandan-yunan-mevkidasina-yanginlar-nedeniyle-gecmis-olsun-mesaji\/"},"modified":"2023-07-27T00:20:05","modified_gmt":"2023-07-27T00:20:05","slug":"disisleri-bakani-fidandan-yunan-mevkidasina-yanginlar-nedeniyle-gecmis-olsun-mesaji","status":"publish","type":"post","link":"https:\/\/kraios.app\/news\/siyaset\/2023\/07\/27\/disisleri-bakani-fidandan-yunan-mevkidasina-yanginlar-nedeniyle-gecmis-olsun-mesaji\/","title":{"rendered":"D\u0131\u015fi\u015fleri Bakan\u0131 Fidan&#8217;dan Yunan mevkida\u015f\u0131na yang\u0131nlar nedeniyle &#8220;ge\u00e7mi\u015f olsun&#8221; mesaj\u0131"},"content":{"rendered":"<p><\/p>\n<div>\n<p>D\u0131\u015fi\u015fleri Bakan\u0131 <strong>Hakan Fidan<\/strong>, Yunanistan D\u0131\u015fi\u015fleri Bakan\u0131 <strong>Yorgos Gerapetritis<\/strong>&#8216;e bir mesaj g\u00f6ndererek Yunanistan\u2019da devam eden yang\u0131nlar i\u00e7in ge\u00e7mi\u015f olsun dileklerini ve yang\u0131n s\u00f6nd\u00fcrme u\u00e7a\u011f\u0131n\u0131n d\u00fc\u015fmesi sonucu hayat\u0131n\u0131 kaybeden iki pilot i\u00e7in de taziyelerini iletti.<\/p>\n<p>D\u0131\u015fi\u015fleri Bakanl\u0131\u011f\u0131ndan yap\u0131lan bilgilendirmeye g\u00f6re, Bakan Fidan, Yunan mevkida\u015f\u0131 Gerapetritis&#8217;e <strong>Yunanistan<\/strong>&#8216;daki yang\u0131nlarla ilgili mesaj g\u00f6nderdi.<\/p>\n<p>Fidan, mesaj\u0131nda Yunanistan&#8217;da devam eden yang\u0131nlar nedeniyle ge\u00e7mi\u015f olsun dileklerini ve yang\u0131n s\u00f6nd\u00fcrme u\u00e7a\u011f\u0131n\u0131n d\u00fc\u015fmesi neticesinde hayat\u0131n\u0131 kaybeden iki pilot i\u00e7in de taziyelerini iletti.<\/p>\n<h3>Yunanistan&#8217;da yang\u0131nlar<\/h3>\n<p>Kavurucu s\u0131caklar\u0131n etkisi alt\u0131ndaki Yunanistan, ba\u015fta Rodos Adas\u0131 olmak \u00fczere g\u00fcnlerdir kontrol alt\u0131na al\u0131namayan orman yang\u0131nlar\u0131yla m\u00fccadele ediyor.<\/p>\n<p>Yunanistan \u0130klim Krizi ve Sivil Koruma Bakan\u0131 Vasilis Kikilyas, son 13 g\u00fcnde \u00fclke genelinde 600&#8217;den fazla yang\u0131n \u00e7\u0131kt\u0131\u011f\u0131n\u0131 s\u00f6ylemi\u015fti.<\/p>\n<p>Yunanistan&#8217;\u0131n ba\u015fkenti Atina&#8217;ya yakla\u015f\u0131k 200 kilometre uzakl\u0131kta bulunan E\u011friboz&#8217;daki Platanistos b\u00f6lgesinde, yang\u0131n s\u00f6nd\u00fcrme u\u00e7a\u011f\u0131n\u0131n d\u00fc\u015fmesi sonucu 2 ki\u015finin hayat\u0131n\u0131 kaybetti\u011fi bildirilmi\u015fti.<\/p>\n<h3>T\u00fcrkiye de s\u00f6nd\u00fcrme \u00e7al\u0131\u015fmalar\u0131na destek veriyor<\/h3>\n<p>Yunanistan\u2019da devam eden orman yang\u0131nlar\u0131na yard\u0131m amac\u0131yla T\u00fcrkiye, \u0130srail, M\u0131s\u0131r, Bulgaristan, \u0130talya, Malta, Fransa, \u00dcrd\u00fcn, Polonya, Romanya ve Slovakya yard\u0131m g\u00f6ndermi\u015fti.<\/p>\n<p>Cumhurba\u015fkan\u0131 Recep Tayyip Erdo\u011fan&#8217;\u0131n talimat\u0131yla Tar\u0131m ve Orman Bakanl\u0131\u011f\u0131na ait iki amfibik yang\u0131n s\u00f6nd\u00fcrme u\u00e7a\u011f\u0131 ve bir yang\u0131n s\u00f6nd\u00fcrme helikopteri, dokuz ki\u015filik u\u00e7u\u015f ekibiyle 22 Temmuz&#8217;da Atina&#8217;ya varm\u0131\u015ft\u0131.<\/p>\n<p>T\u00fcrkiye&#8217;den g\u00f6nderilen u\u00e7aklar Rodos Adas\u0131&#8217;ndaki yang\u0131nlarda g\u00f6rev yap\u0131yor.<\/p>\n<p>                            <span class=\"detay-foto-editor\">&#13;<br \/>\n                                <a href=\"https:\/\/www.aa.com.tr\/tr\/p\/abonelik-talep-formu\/1001\" target=\"_blank\" style=\"font-size:12px; color:#444; text-decoration:none;\" rel=\"noopener\">&#13;<br \/>\n                                    Anadolu Ajans\u0131 web sitesinde, AA Haber Ak\u0131\u015f Sistemi (HAS) \u00fczerinden abonelere sunulan haberler, \u00f6zetlenerek yay\u0131mlanmaktad\u0131r. <b style=\"color:#1897F7\">Abonelik i\u00e7in l\u00fctfen ileti\u015fime ge\u00e7iniz.<\/b>&#13;<br \/>\n                                <\/a>&#13;<br \/>\n                            <\/span>\n                        <\/div>\n<p><script>\n\t  window.fbAsyncInit = function() {\n\t\tFB.init({\n\t\t  appId: '1855843514662870',\n\t\t  status : true, \/\/ check login status\n\t\t  cookie : true, \/\/ enable cookies to allow the server to access the session\n\t\t  xfbml  : true  \/\/ parse XFBML\n\t\t});\n\t  };<\/p>\n<p>\t  (function() {\n\t\tvar e = document.createElement('script');\n\t\te.src=\"https:\/\/connect.facebook.net\/tr_TR\/all.js\";\n\t\te.async = true;\n\t\tdocument.getElementById('fb-root').appendChild(e);\n\t  }());\n    <\/script><\/p>\n","protected":false},"excerpt":{"rendered":"<p>D\u0131\u015fi\u015fleri Bakan\u0131 Hakan Fidan, Yunanistan D\u0131\u015fi\u015fleri Bakan\u0131 Yorgos Gerapetritis&#8216;e bir mesaj g\u00f6ndererek Yunanistan\u2019da devam eden yang\u0131nlar i\u00e7in ge\u00e7mi\u015f olsun dileklerini ve yang\u0131n s\u00f6nd\u00fcrme u\u00e7a\u011f\u0131n\u0131n d\u00fc\u015fmesi sonucu hayat\u0131n\u0131 kaybeden iki pilot i\u00e7in de taziyelerini iletti. D\u0131\u015fi\u015fleri Bakanl\u0131\u011f\u0131ndan yap\u0131lan bilgilendirmeye g\u00f6re, Bakan Fidan, Yunan mevkida\u015f\u0131 Gerapetritis&#8217;e Yunanistan&#8216;daki yang\u0131nlarla ilgili mesaj g\u00f6nderdi. Fidan, mesaj\u0131nda Yunanistan&#8217;da devam eden yang\u0131nlar [&hellip;]<\/p>\n","protected":false},"author":1,"featured_media":10370,"comment_status":"","ping_status":"","sticky":false,"template":"","format":"standard","meta":[],"categories":[47],"tags":[],"_links":{"self":[{"href":"https:\/\/kraios.app\/news\/wp-json\/wp\/v2\/posts\/10369"}],"collection":[{"href":"https:\/\/kraios.app\/news\/wp-json\/wp\/v2\/posts"}],"about":[{"href":"https:\/\/kraios.app\/news\/wp-json\/wp\/v2\/types\/post"}],"author":[{"embeddable":true,"href":"https:\/\/kraios.app\/news\/wp-json\/wp\/v2\/users\/1"}],"replies":[{"embeddable":true,"href":"https:\/\/kraios.app\/news\/wp-json\/wp\/v2\/comments?post=10369"}],"version-history":[{"count":0,"href":"https:\/\/kraios.app\/news\/wp-json\/wp\/v2\/posts\/10369\/revisions"}],"wp:featuredmedia":[{"embeddable":true,"href":"https:\/\/kraios.app\/news\/wp-json\/wp\/v2\/media\/10370"}],"wp:attachment":[{"href":"https:\/\/kraios.app\/news\/wp-json\/wp\/v2\/media?parent=10369"}],"wp:term":[{"taxonomy":"category","embeddable":true,"href":"https:\/\/kraios.app\/news\/wp-json\/wp\/v2\/categories?post=10369"},{"taxonomy":"post_tag","embeddable":true,"href":"https:\/\/kraios.app\/news\/wp-json\/wp\/v2\/tags?post=10369"}],"curies":[{"name":"wp","href":"https:\/\/api.w.org\/{rel}","templated":true}]}}