{"id":10365,"date":"2023-07-26T23:33:54","date_gmt":"2023-07-26T23:33:54","guid":{"rendered":"https:\/\/kraios.app\/news\/spor\/2023\/07\/26\/milli-yuzucu-tuncer-berk-erturk-eyofta-altin-madalya-kazandi\/"},"modified":"2023-07-26T23:33:54","modified_gmt":"2023-07-26T23:33:54","slug":"milli-yuzucu-tuncer-berk-erturk-eyofta-altin-madalya-kazandi","status":"publish","type":"post","link":"https:\/\/kraios.app\/news\/spor\/2023\/07\/26\/milli-yuzucu-tuncer-berk-erturk-eyofta-altin-madalya-kazandi\/","title":{"rendered":"Milli y\u00fcz\u00fcc\u00fc Tuncer Berk Ert\u00fcrk, EYOF&#039;ta alt\u0131n madalya kazand\u0131"},"content":{"rendered":"<p>Milli y\u00fcz\u00fcc\u00fc Tuncer Berk Ert\u00fcrk, Slovenya&#8217;da d\u00fczenlenen 2023 Avrupa Gen\u00e7lik Olimpik Yaz Festivali&#8217;nde (EYOF) alt\u0131n madalya elde etti.<\/p>\n","protected":false},"excerpt":{"rendered":"<p>Milli y\u00fcz\u00fcc\u00fc Tuncer Berk Ert\u00fcrk, Slovenya&#8217;da d\u00fczenlenen 2023 Avrupa Gen\u00e7lik Olimpik Yaz Festivali&#8217;nde (EYOF) alt\u0131n madalya elde etti.<\/p>\n","protected":false},"author":1,"featured_media":10366,"comment_status":"","ping_status":"","sticky":false,"template":"","format":"standard","meta":[],"categories":[48],"tags":[],"_links":{"self":[{"href":"https:\/\/kraios.app\/news\/wp-json\/wp\/v2\/posts\/10365"}],"collection":[{"href":"https:\/\/kraios.app\/news\/wp-json\/wp\/v2\/posts"}],"about":[{"href":"https:\/\/kraios.app\/news\/wp-json\/wp\/v2\/types\/post"}],"author":[{"embeddable":true,"href":"https:\/\/kraios.app\/news\/wp-json\/wp\/v2\/users\/1"}],"replies":[{"embeddable":true,"href":"https:\/\/kraios.app\/news\/wp-json\/wp\/v2\/comments?post=10365"}],"version-history":[{"count":0,"href":"https:\/\/kraios.app\/news\/wp-json\/wp\/v2\/posts\/10365\/revisions"}],"wp:featuredmedia":[{"embeddable":true,"href":"https:\/\/kraios.app\/news\/wp-json\/wp\/v2\/media\/10366"}],"wp:attachment":[{"href":"https:\/\/kraios.app\/news\/wp-json\/wp\/v2\/media?parent=10365"}],"wp:term":[{"taxonomy":"category","embeddable":true,"href":"https:\/\/kraios.app\/news\/wp-json\/wp\/v2\/categories?post=10365"},{"taxonomy":"post_tag","embeddable":true,"href":"https:\/\/kraios.app\/news\/wp-json\/wp\/v2\/tags?post=10365"}],"curies":[{"name":"wp","href":"https:\/\/api.w.org\/{rel}","templated":true}]}}