{"id":10357,"date":"2023-07-26T20:59:43","date_gmt":"2023-07-26T20:59:43","guid":{"rendered":"https:\/\/kraios.app\/news\/ekonomi\/2023\/07\/26\/abd-merkez-bankasi-politika-faizini-25-baz-puan-artirarak-22-yilin-en-yuksek-seviyesine-yukseltti\/"},"modified":"2023-07-26T20:59:43","modified_gmt":"2023-07-26T20:59:43","slug":"abd-merkez-bankasi-politika-faizini-25-baz-puan-artirarak-22-yilin-en-yuksek-seviyesine-yukseltti","status":"publish","type":"post","link":"https:\/\/kraios.app\/news\/ekonomi\/2023\/07\/26\/abd-merkez-bankasi-politika-faizini-25-baz-puan-artirarak-22-yilin-en-yuksek-seviyesine-yukseltti\/","title":{"rendered":"ABD Merkez Bankas\u0131, politika faizini 25 baz puan art\u0131rarak 22 y\u0131l\u0131n en y\u00fcksek seviyesine y\u00fckseltti"},"content":{"rendered":"<p> <br \/>\n<\/p>\n<div>\n<p>ABD Merkez Bankas\u0131 (Fed), politika faizini beklentiler do\u011frultusunda 25 baz puan art\u0131rarak 22 y\u0131l\u0131n en y\u00fcksek seviyesi olan y\u00fczde 5,25-5,50 aral\u0131\u011f\u0131na y\u00fckseltti.<\/p>\n<p>Fed&#8217;den yap\u0131lan a\u00e7\u0131klamada, faiz oran\u0131n\u0131n art\u0131r\u0131lmas\u0131 karar\u0131n\u0131n oy birli\u011fiyle al\u0131nd\u0131\u011f\u0131 belirtildi.<\/p>\n<p>Federal A\u00e7\u0131k Piyasa Komitesi&#8217;nin (FOMC) maksimum istihdam ve uzun vadede y\u00fczde 2 enflasyon elde etmeyi ama\u00e7lad\u0131\u011f\u0131 vurgulanan a\u00e7\u0131klamada, bu hedeflerin desteklenmesi i\u00e7in federal fon oran\u0131n\u0131n y\u00fczde 5,25-5,50 aral\u0131\u011f\u0131na y\u00fckseltilmesine karar verildi\u011fi bildirildi.<\/p>\n<p>A\u00e7\u0131klamada, son g\u00f6stergelerin ekonomik aktivitenin \u0131l\u0131ml\u0131 bir h\u0131zda geni\u015fledi\u011fine i\u015faret etti\u011fi belirtilerek, i\u015f kazan\u0131mlar\u0131n\u0131n son aylarda g\u00fc\u00e7l\u00fc oldu\u011fu, i\u015fsizlik oran\u0131n\u0131n d\u00fc\u015f\u00fck kald\u0131\u011f\u0131 ancak enflasyonun y\u00fcksek kalmaya devam etti\u011fi aktar\u0131ld\u0131.<\/p>\n<p>ABD bankac\u0131l\u0131k sisteminin sa\u011flam ve dayan\u0131kl\u0131 oldu\u011funa dikkati \u00e7ekilen a\u00e7\u0131klamada, &#8220;Hanehalklar\u0131 ve i\u015fletmeler i\u00e7in daha s\u0131k\u0131 kredi ko\u015fullar\u0131n\u0131n ekonomik aktivite, i\u015fe al\u0131m ve enflasyon \u00fczerinde bask\u0131 olu\u015fturmas\u0131 muhtemeldir.&#8221; denildi.<\/p>\n<p>A\u00e7\u0131klamada, bu etkilerin boyutunun belirsizli\u011fini korudu\u011fu, FOMC&#8217;nin enflasyon risklerine kar\u015f\u0131 son derece dikkatli olmaya devam etti\u011fi belirtildi.<\/p>\n<p>Komite&#8217;nin, ek bilgileri ve bunun para politikas\u0131 \u00fczerindeki etkilerini de\u011ferlendirmeye devam edece\u011fi vurgulanan a\u00e7\u0131klamada, enflasyonu zaman i\u00e7inde y\u00fczde 2&#8217;ye d\u00f6nd\u00fcrmek i\u00e7in uygun olabilecek ek politika s\u0131k\u0131la\u015ft\u0131rmas\u0131n\u0131n boyutu belirlenirken, para politikas\u0131ndaki k\u00fcm\u00fclatif s\u0131k\u0131la\u015ft\u0131rma, para politikas\u0131n\u0131n iktisadi faaliyet ve enflasyona etkisindeki gecikmeler ile ekonomik ve finansal geli\u015fmelerin dikkate al\u0131naca\u011f\u0131 bildirildi.<\/p>\n<p>A\u00e7\u0131klamada, Komite&#8217;nin, enflasyonu y\u00fczde 2 hedefine geri d\u00f6nd\u00fcrme konusunda kararl\u0131 oldu\u011fu vurguland\u0131.<\/p>\n<h3>Faiz oran\u0131 2001&#8217;den bu yana en y\u00fcksek aral\u0131kta<\/h3>\n<p>ABD&#8217;de y\u00fcksek enflasyon kar\u015f\u0131s\u0131nda ge\u00e7en y\u0131l varl\u0131k al\u0131m operasyonunu tamamlayarak faiz art\u0131\u015flar\u0131na ba\u015flayan Fed, Mart 2022&#8217;deki toplant\u0131s\u0131nda 25 baz puan art\u0131\u015fla 2018&#8217;den itibaren ilk kez faiz art\u0131r\u0131m\u0131na gitme karar\u0131 alm\u0131\u015ft\u0131.<\/p>\n<p>Fed, ge\u00e7en y\u0131l may\u0131s toplant\u0131s\u0131nda 50 baz puan ile 2000 y\u0131l\u0131ndan itibaren en h\u0131zl\u0131 faiz art\u0131\u015f\u0131n\u0131 ger\u00e7ekle\u015ftirmesinin ard\u0131ndan haziran toplant\u0131s\u0131nda 75 baz puanla 1994&#8217;ten itibaren en g\u00fc\u00e7l\u00fc faiz art\u0131r\u0131m\u0131na gitmi\u015f, temmuz, eyl\u00fcl ve kas\u0131m toplant\u0131lar\u0131nda da politika faizini ayn\u0131 oranda art\u0131rm\u0131\u015ft\u0131.<\/p>\n<p>Ge\u00e7en y\u0131l art arda 4 toplant\u0131s\u0131nda 75 puanl\u0131k faiz art\u0131r\u0131m\u0131na giden Fed, ge\u00e7en y\u0131l\u0131n son toplant\u0131s\u0131nda tekrar 50 baz puanl\u0131k art\u0131\u015fa giderek faiz art\u0131\u015f h\u0131z\u0131n\u0131 yava\u015flatmaya ba\u015flam\u0131\u015ft\u0131.<\/p>\n<p>Banka, 2023&#8217;\u00fcn ilk toplant\u0131s\u0131nda 25 puanl\u0131k art\u0131\u015fla faiz art\u0131\u015f h\u0131z\u0131n\u0131 yava\u015flatmaya devam etmi\u015fti. Fed, mart ve may\u0131s aylar\u0131ndaki toplant\u0131lar\u0131nda da faiz oran\u0131n\u0131 25 puan y\u00fckseltmi\u015fti.<\/p>\n<p>Hazirandaki toplant\u0131s\u0131nda politika faizini 15 ay sonra ilk kez sabit tutan Fed, faiz oran\u0131n\u0131 y\u00fczde 5-5,25 aral\u0131\u011f\u0131nda b\u0131rakm\u0131\u015ft\u0131.<\/p>\n<p>Bu ayki art\u0131\u015fla birlikte Fed, politika faizini 2001&#8217;den bu yana kaydedilen en y\u00fcksek aral\u0131\u011fa \u00e7\u0131kard\u0131.<\/p>\n<p>Ge\u00e7en y\u0131l\u0131n mart ay\u0131ndan bu yana 11. faiz art\u0131r\u0131m\u0131n\u0131 ger\u00e7ekle\u015ftiren Banka, faiz oran\u0131n\u0131 toplam 525 puan y\u00fckseltmi\u015f oldu.<\/p>\n<p>ABD&#8217;de enflasyon, ge\u00e7en y\u0131l haziranda y\u0131ll\u0131k bazda y\u00fczde 9 ile 1981&#8217;den itibaren en y\u00fcksek seviyeyi g\u00f6rmesinin ard\u0131ndan son olarak haziranda y\u00fczde 3 olarak kaydedilmi\u015fti.<\/p>\n<h3>Fed Ba\u015fkan\u0131 Powell<\/h3>\n<p>Fed Ba\u015fkan\u0131 Powell, &#8220;Veriler gerektirirse eyl\u00fclde faiz oran\u0131n\u0131 yeniden art\u0131rmam\u0131z\u0131n m\u00fcmk\u00fcn oldu\u011funu s\u00f6yleyebilirim ancak sabit de b\u0131rakabiliriz. Dikkatli \u015fekilde karar verece\u011fiz.&#8221; ifadesini kulland\u0131.<\/p>\n<p>                            <span class=\"detay-foto-editor\">&#13;<br \/>\n                                <a href=\"https:\/\/www.aa.com.tr\/tr\/p\/abonelik-talep-formu\/1001\" target=\"_blank\" style=\"font-size:12px; color:#444; text-decoration:none;\" rel=\"noopener\">&#13;<br \/>\n                                    Anadolu Ajans\u0131 web sitesinde, AA Haber Ak\u0131\u015f Sistemi (HAS) \u00fczerinden abonelere sunulan haberler, \u00f6zetlenerek yay\u0131mlanmaktad\u0131r. <b style=\"color:#1897F7\">Abonelik i\u00e7in l\u00fctfen ileti\u015fime ge\u00e7iniz.<\/b>&#13;<br \/>\n                                <\/a>&#13;<br \/>\n                            <\/span>\n                        <\/div>\n<p><script>\n\t  window.fbAsyncInit = function() {\n\t\tFB.init({\n\t\t  appId: '1855843514662870',\n\t\t  status : true, \/\/ check login status\n\t\t  cookie : true, \/\/ enable cookies to allow the server to access the session\n\t\t  xfbml  : true  \/\/ parse XFBML\n\t\t});\n\t  };<\/p>\n<p>\t  (function() {\n\t\tvar e = document.createElement('script');\n\t\te.src=\"https:\/\/connect.facebook.net\/tr_TR\/all.js\";\n\t\te.async = true;\n\t\tdocument.getElementById('fb-root').appendChild(e);\n\t  }());\n    <\/script><br \/>\n<br \/><br \/>\n<br \/><a href=\"https:\/\/www.aa.com.tr\/tr\/ekonomi\/abd-merkez-bankasi-politika-faizini-25-baz-puan-artirarak-22-yilin-en-yuksek-seviyesine-yukseltti\/2955196\">Source link <\/a><\/p>\n","protected":false},"excerpt":{"rendered":"<p>ABD Merkez Bankas\u0131 (Fed), politika faizini beklentiler do\u011frultusunda 25 baz puan art\u0131rarak 22 y\u0131l\u0131n en y\u00fcksek seviyesi olan y\u00fczde 5,25-5,50 aral\u0131\u011f\u0131na y\u00fckseltti. Fed&#8217;den yap\u0131lan a\u00e7\u0131klamada, faiz oran\u0131n\u0131n art\u0131r\u0131lmas\u0131 karar\u0131n\u0131n oy birli\u011fiyle al\u0131nd\u0131\u011f\u0131 belirtildi. Federal A\u00e7\u0131k Piyasa Komitesi&#8217;nin (FOMC) maksimum istihdam ve uzun vadede y\u00fczde 2 enflasyon elde etmeyi ama\u00e7lad\u0131\u011f\u0131 vurgulanan a\u00e7\u0131klamada, bu hedeflerin desteklenmesi i\u00e7in [&hellip;]<\/p>\n","protected":false},"author":1,"featured_media":10358,"comment_status":"","ping_status":"","sticky":false,"template":"","format":"standard","meta":[],"categories":[44],"tags":[],"_links":{"self":[{"href":"https:\/\/kraios.app\/news\/wp-json\/wp\/v2\/posts\/10357"}],"collection":[{"href":"https:\/\/kraios.app\/news\/wp-json\/wp\/v2\/posts"}],"about":[{"href":"https:\/\/kraios.app\/news\/wp-json\/wp\/v2\/types\/post"}],"author":[{"embeddable":true,"href":"https:\/\/kraios.app\/news\/wp-json\/wp\/v2\/users\/1"}],"replies":[{"embeddable":true,"href":"https:\/\/kraios.app\/news\/wp-json\/wp\/v2\/comments?post=10357"}],"version-history":[{"count":0,"href":"https:\/\/kraios.app\/news\/wp-json\/wp\/v2\/posts\/10357\/revisions"}],"wp:featuredmedia":[{"embeddable":true,"href":"https:\/\/kraios.app\/news\/wp-json\/wp\/v2\/media\/10358"}],"wp:attachment":[{"href":"https:\/\/kraios.app\/news\/wp-json\/wp\/v2\/media?parent=10357"}],"wp:term":[{"taxonomy":"category","embeddable":true,"href":"https:\/\/kraios.app\/news\/wp-json\/wp\/v2\/categories?post=10357"},{"taxonomy":"post_tag","embeddable":true,"href":"https:\/\/kraios.app\/news\/wp-json\/wp\/v2\/tags?post=10357"}],"curies":[{"name":"wp","href":"https:\/\/api.w.org\/{rel}","templated":true}]}}