{"id":10355,"date":"2023-07-26T20:20:05","date_gmt":"2023-07-26T20:20:05","guid":{"rendered":"https:\/\/kraios.app\/news\/spor\/2023\/07\/26\/fenerbahce-avrupa-mucadelesine-iyi-basladi\/"},"modified":"2023-07-26T20:20:05","modified_gmt":"2023-07-26T20:20:05","slug":"fenerbahce-avrupa-mucadelesine-iyi-basladi","status":"publish","type":"post","link":"https:\/\/kraios.app\/news\/spor\/2023\/07\/26\/fenerbahce-avrupa-mucadelesine-iyi-basladi\/","title":{"rendered":"Fenerbah\u00e7e Avrupa m\u00fccadelesine iyi ba\u015flad\u0131"},"content":{"rendered":"<p>UEFA Konferans Ligi 2. eleme turu ilk ma\u00e7\u0131nda Moldova ekibi Zimbru&#8217;yu 5-0 yenerek teknik direkt\u00f6r \u0130smail Kartal y\u00f6netiminde sezona iyi bir ba\u015flang\u0131\u00e7 yapt\u0131.<\/p>\n","protected":false},"excerpt":{"rendered":"<p>UEFA Konferans Ligi 2. eleme turu ilk ma\u00e7\u0131nda Moldova ekibi Zimbru&#8217;yu 5-0 yenerek teknik direkt\u00f6r \u0130smail Kartal y\u00f6netiminde sezona iyi bir ba\u015flang\u0131\u00e7 yapt\u0131.<\/p>\n","protected":false},"author":1,"featured_media":10356,"comment_status":"","ping_status":"","sticky":false,"template":"","format":"standard","meta":[],"categories":[48],"tags":[],"_links":{"self":[{"href":"https:\/\/kraios.app\/news\/wp-json\/wp\/v2\/posts\/10355"}],"collection":[{"href":"https:\/\/kraios.app\/news\/wp-json\/wp\/v2\/posts"}],"about":[{"href":"https:\/\/kraios.app\/news\/wp-json\/wp\/v2\/types\/post"}],"author":[{"embeddable":true,"href":"https:\/\/kraios.app\/news\/wp-json\/wp\/v2\/users\/1"}],"replies":[{"embeddable":true,"href":"https:\/\/kraios.app\/news\/wp-json\/wp\/v2\/comments?post=10355"}],"version-history":[{"count":0,"href":"https:\/\/kraios.app\/news\/wp-json\/wp\/v2\/posts\/10355\/revisions"}],"wp:featuredmedia":[{"embeddable":true,"href":"https:\/\/kraios.app\/news\/wp-json\/wp\/v2\/media\/10356"}],"wp:attachment":[{"href":"https:\/\/kraios.app\/news\/wp-json\/wp\/v2\/media?parent=10355"}],"wp:term":[{"taxonomy":"category","embeddable":true,"href":"https:\/\/kraios.app\/news\/wp-json\/wp\/v2\/categories?post=10355"},{"taxonomy":"post_tag","embeddable":true,"href":"https:\/\/kraios.app\/news\/wp-json\/wp\/v2\/tags?post=10355"}],"curies":[{"name":"wp","href":"https:\/\/api.w.org\/{rel}","templated":true}]}}