{"id":10339,"date":"2023-07-26T15:54:15","date_gmt":"2023-07-26T15:54:15","guid":{"rendered":"https:\/\/kraios.app\/news\/gundem\/2023\/07\/26\/cumhurbaskani-erdogan-sehit-ozlerin-ailesine-bassagligi-diledi\/"},"modified":"2023-07-26T15:54:15","modified_gmt":"2023-07-26T15:54:15","slug":"cumhurbaskani-erdogan-sehit-ozlerin-ailesine-bassagligi-diledi","status":"publish","type":"post","link":"https:\/\/kraios.app\/news\/gundem\/2023\/07\/26\/cumhurbaskani-erdogan-sehit-ozlerin-ailesine-bassagligi-diledi\/","title":{"rendered":"Cumhurba\u015fkan\u0131 Erdo\u011fan, \u015fehit \u00d6zler&#039;in ailesine ba\u015fsa\u011fl\u0131\u011f\u0131 diledi"},"content":{"rendered":"<p>Cumhurba\u015fkan\u0131 Recep Tayyip Erdo\u011fan, askeri ara\u00e7 kazas\u0131 sonucu \u015fehit olan Piyade Astsubay K\u0131demli \u00c7avu\u015f Mehmet \u00d6zler&#8217;in ailesine taziyelerini iletti.<\/p>\n","protected":false},"excerpt":{"rendered":"<p>Cumhurba\u015fkan\u0131 Recep Tayyip Erdo\u011fan, askeri ara\u00e7 kazas\u0131 sonucu \u015fehit olan Piyade Astsubay K\u0131demli \u00c7avu\u015f Mehmet \u00d6zler&#8217;in ailesine taziyelerini iletti.<\/p>\n","protected":false},"author":1,"featured_media":10340,"comment_status":"","ping_status":"","sticky":false,"template":"","format":"standard","meta":[],"categories":[1],"tags":[],"_links":{"self":[{"href":"https:\/\/kraios.app\/news\/wp-json\/wp\/v2\/posts\/10339"}],"collection":[{"href":"https:\/\/kraios.app\/news\/wp-json\/wp\/v2\/posts"}],"about":[{"href":"https:\/\/kraios.app\/news\/wp-json\/wp\/v2\/types\/post"}],"author":[{"embeddable":true,"href":"https:\/\/kraios.app\/news\/wp-json\/wp\/v2\/users\/1"}],"replies":[{"embeddable":true,"href":"https:\/\/kraios.app\/news\/wp-json\/wp\/v2\/comments?post=10339"}],"version-history":[{"count":0,"href":"https:\/\/kraios.app\/news\/wp-json\/wp\/v2\/posts\/10339\/revisions"}],"wp:featuredmedia":[{"embeddable":true,"href":"https:\/\/kraios.app\/news\/wp-json\/wp\/v2\/media\/10340"}],"wp:attachment":[{"href":"https:\/\/kraios.app\/news\/wp-json\/wp\/v2\/media?parent=10339"}],"wp:term":[{"taxonomy":"category","embeddable":true,"href":"https:\/\/kraios.app\/news\/wp-json\/wp\/v2\/categories?post=10339"},{"taxonomy":"post_tag","embeddable":true,"href":"https:\/\/kraios.app\/news\/wp-json\/wp\/v2\/tags?post=10339"}],"curies":[{"name":"wp","href":"https:\/\/api.w.org\/{rel}","templated":true}]}}