{"id":10328,"date":"2023-07-26T13:20:08","date_gmt":"2023-07-26T13:20:08","guid":{"rendered":"https:\/\/kraios.app\/news\/gundem\/2023\/07\/26\/dunyada-320-milyon-kisinin-hepatit-b-ve-c-hastasi-oldugu-tahmin-ediliyor\/"},"modified":"2023-07-26T13:20:08","modified_gmt":"2023-07-26T13:20:08","slug":"dunyada-320-milyon-kisinin-hepatit-b-ve-c-hastasi-oldugu-tahmin-ediliyor","status":"publish","type":"post","link":"https:\/\/kraios.app\/news\/gundem\/2023\/07\/26\/dunyada-320-milyon-kisinin-hepatit-b-ve-c-hastasi-oldugu-tahmin-ediliyor\/","title":{"rendered":"D\u00fcnyada 320 milyon ki\u015finin hepatit B ve C hastas\u0131 oldu\u011fu tahmin ediliyor"},"content":{"rendered":"<p><\/p>\n<div>\n<p>Viral Hepatitle Sava\u015f\u0131m Derne\u011fi ile T\u00fcrk Karaci\u011fer Ara\u015ft\u0131rmalar\u0131 Derne\u011fi, &#8220;28 Temmuz D\u00fcnya Hepatit G\u00fcn\u00fc&#8221; kapsam\u0131nda Beyo\u011flu&#8217;ndaki bir otelde bas\u0131n toplant\u0131s\u0131 d\u00fczenledi.<\/p>\n<p>Toplant\u0131da konu\u015fan T\u00fcrk Karaci\u011fer Ara\u015ft\u0131rmalar\u0131 Derne\u011fi Ba\u015fkan\u0131 Prof. Dr. Zeki Karasu, viral hepatitlerin t\u00fcm d\u00fcnyada ve \u00fclkede \u00f6nemli halk sa\u011fl\u0131\u011f\u0131 sorunlar\u0131ndan bir tanesi oldu\u011funu s\u00f6yledi.<\/p>\n<p>Bu vir\u00fcslerin t\u00fcm d\u00fcnyada \u00e7ok say\u0131da insan\u0131 etkileyerek hasta etti\u011fini ve ciddi sa\u011fl\u0131k sorunlar\u0131na yol a\u00e7t\u0131\u011f\u0131n\u0131 belirten Karasu, &#8220;D\u00fcnyada yakla\u015f\u0131k 250 milyon ki\u015finin Hepatit B, 70 milyon ki\u015finin de Hepatit C hastas\u0131 oldu\u011fu tahmin edilmektedir. Bizim \u00fclkemizde de Hepatit B&#8217;lerin toplumda g\u00f6r\u00fclme s\u0131kl\u0131\u011f\u0131 y\u00fczde 4 civar\u0131ndad\u0131r. Hepatit C i\u00e7in bu rakam y\u00fczde 0,5 ile 1 aras\u0131nda de\u011fi\u015fmektedir. Bu g\u00f6zle bak\u0131ld\u0131\u011f\u0131nda y\u00fczde 4 Hepatit B, y\u00fczde 1 Hepatit C kabaca y\u00fczde 5 civar\u0131nda insan\u0131m\u0131z hepatitlerle hasta edilmi\u015f durumdad\u0131r.&#8221;<\/p>\n<p>Bula\u015ftan korunman\u0131n \u00f6nemine vurgu yapan Karasu, kuaf\u00f6r, berber, d\u00f6vme salonlar\u0131 gibi yerlerde birden \u00e7ok ki\u015fide ayn\u0131 materyallerin kullan\u0131ld\u0131\u011f\u0131 uygulamalarda sterilizasyona kar\u015f\u0131 dikkatli olunmas\u0131 uyar\u0131s\u0131nda bulundu.<\/p>\n<h3>&#8220;Viral hepatitler \u00e7ok sessiz, sinsi seyredebiliyorlar&#8221;<\/h3>\n<p>Prof. Dr. Karasu, toplu ya\u015fam alanlar\u0131nda da bula\u015f riskinin y\u00fcksek oldu\u011funa dikkati \u00e7ekerek, bu alanlarda \u00e7al\u0131\u015fan ve ya\u015fayan ki\u015filerin \u00e7ok dikkatli davranmalar\u0131 gerekti\u011fini vurgulad\u0131.<\/p>\n<p>Yapt\u0131r\u0131lan herhangi bir manik\u00fcr veya piercing i\u015fleminin ard\u0131ndan bula\u015f ya\u015fanabilece\u011fini kaydeden Karasu, &#8220;\u0130nsanlar\u0131n bir k\u0131sm\u0131nda sar\u0131l\u0131k, halsizlik, yorgunluk gibi belirtiler ortaya \u00e7\u0131kabilirken \u00f6nemli bir k\u0131sm\u0131nda bu belirtilerin hi\u00e7birisi ortaya \u00e7\u0131kmayabiliyor. Viral hepatitler \u00e7ok sessiz, sinsi seyredebiliyorlar. Bu da bunlar\u0131n insanlar taraf\u0131ndan tan\u0131nmas\u0131n\u0131 g\u00fc\u00e7le\u015ftiren durumlar.&#8221; diye konu\u015ftu.<\/p>\n<p>Karasu, T\u00fcrkiye&#8217;nin viral hepatitlerle sava\u015f\u0131m konusunda devlet politikas\u0131 geli\u015ftirmi\u015f d\u00fcnyadaki say\u0131l\u0131 \u00fclkelerden bir tanesi oldu\u011funu s\u00f6zlerine ekledi.<\/p>\n<p>Viral Hepatitle Sava\u015f\u0131m Derne\u011fi Ba\u015fkan\u0131 Prof. Dr. Rahmet G\u00fcner de T\u00fcrkiye&#8217;de tedaviye eri\u015fiminin \u00f6n\u00fcn\u00fcn a\u00e7\u0131k oldu\u011funu belirterek, &#8220;Hem Hepatit B&#8217;de hem de Hepatit C&#8217;de tedaviye eri\u015fim \u00fccretsiz bir \u015fekilde devlet taraf\u0131ndan kar\u015f\u0131lan\u0131yor. Dolay\u0131s\u0131yla yeter ki biz hastalar\u0131m\u0131za tan\u0131 koyabilelim. Tedaviyle onlar\u0131 bulu\u015fturmam\u0131z\u0131n \u00f6n\u00fcnde herhangi bir engel yok.&#8221; ifadelerini kulland\u0131.<\/p>\n<p>                            <span class=\"detay-foto-editor\">&#13;<br \/>\n                                <a href=\"https:\/\/www.aa.com.tr\/tr\/p\/abonelik-talep-formu\/1001\" target=\"_blank\" style=\"font-size:12px; color:#444; text-decoration:none;\" rel=\"noopener\">&#13;<br \/>\n                                    Anadolu Ajans\u0131 web sitesinde, AA Haber Ak\u0131\u015f Sistemi (HAS) \u00fczerinden abonelere sunulan haberler, \u00f6zetlenerek yay\u0131mlanmaktad\u0131r. <b style=\"color:#1897F7\">Abonelik i\u00e7in l\u00fctfen ileti\u015fime ge\u00e7iniz.<\/b>&#13;<br \/>\n                                <\/a>&#13;<br \/>\n                            <\/span>\n                        <\/div>\n<p><script>\n\t  window.fbAsyncInit = function() {\n\t\tFB.init({\n\t\t  appId: '1855843514662870',\n\t\t  status : true, \/\/ check login status\n\t\t  cookie : true, \/\/ enable cookies to allow the server to access the session\n\t\t  xfbml  : true  \/\/ parse XFBML\n\t\t});\n\t  };<\/p>\n<p>\t  (function() {\n\t\tvar e = document.createElement('script');\n\t\te.src=\"https:\/\/connect.facebook.net\/tr_TR\/all.js\";\n\t\te.async = true;\n\t\tdocument.getElementById('fb-root').appendChild(e);\n\t  }());\n    <\/script><\/p>\n","protected":false},"excerpt":{"rendered":"<p>Viral Hepatitle Sava\u015f\u0131m Derne\u011fi ile T\u00fcrk Karaci\u011fer Ara\u015ft\u0131rmalar\u0131 Derne\u011fi, &#8220;28 Temmuz D\u00fcnya Hepatit G\u00fcn\u00fc&#8221; kapsam\u0131nda Beyo\u011flu&#8217;ndaki bir otelde bas\u0131n toplant\u0131s\u0131 d\u00fczenledi. Toplant\u0131da konu\u015fan T\u00fcrk Karaci\u011fer Ara\u015ft\u0131rmalar\u0131 Derne\u011fi Ba\u015fkan\u0131 Prof. Dr. Zeki Karasu, viral hepatitlerin t\u00fcm d\u00fcnyada ve \u00fclkede \u00f6nemli halk sa\u011fl\u0131\u011f\u0131 sorunlar\u0131ndan bir tanesi oldu\u011funu s\u00f6yledi. Bu vir\u00fcslerin t\u00fcm d\u00fcnyada \u00e7ok say\u0131da insan\u0131 etkileyerek hasta [&hellip;]<\/p>\n","protected":false},"author":1,"featured_media":10329,"comment_status":"","ping_status":"","sticky":false,"template":"","format":"standard","meta":[],"categories":[1],"tags":[],"_links":{"self":[{"href":"https:\/\/kraios.app\/news\/wp-json\/wp\/v2\/posts\/10328"}],"collection":[{"href":"https:\/\/kraios.app\/news\/wp-json\/wp\/v2\/posts"}],"about":[{"href":"https:\/\/kraios.app\/news\/wp-json\/wp\/v2\/types\/post"}],"author":[{"embeddable":true,"href":"https:\/\/kraios.app\/news\/wp-json\/wp\/v2\/users\/1"}],"replies":[{"embeddable":true,"href":"https:\/\/kraios.app\/news\/wp-json\/wp\/v2\/comments?post=10328"}],"version-history":[{"count":0,"href":"https:\/\/kraios.app\/news\/wp-json\/wp\/v2\/posts\/10328\/revisions"}],"wp:featuredmedia":[{"embeddable":true,"href":"https:\/\/kraios.app\/news\/wp-json\/wp\/v2\/media\/10329"}],"wp:attachment":[{"href":"https:\/\/kraios.app\/news\/wp-json\/wp\/v2\/media?parent=10328"}],"wp:term":[{"taxonomy":"category","embeddable":true,"href":"https:\/\/kraios.app\/news\/wp-json\/wp\/v2\/categories?post=10328"},{"taxonomy":"post_tag","embeddable":true,"href":"https:\/\/kraios.app\/news\/wp-json\/wp\/v2\/tags?post=10328"}],"curies":[{"name":"wp","href":"https:\/\/api.w.org\/{rel}","templated":true}]}}