{"id":10318,"date":"2023-07-26T07:20:04","date_gmt":"2023-07-26T07:20:04","guid":{"rendered":"https:\/\/kraios.app\/news\/gundem\/2023\/07\/26\/bati-afrikada-yilin-ilk-6-ayinda-teror-nedeniyle-yaklasik-4-bin-600-kisi-hayatini-kaybetti\/"},"modified":"2023-07-26T07:20:04","modified_gmt":"2023-07-26T07:20:04","slug":"bati-afrikada-yilin-ilk-6-ayinda-teror-nedeniyle-yaklasik-4-bin-600-kisi-hayatini-kaybetti","status":"publish","type":"post","link":"https:\/\/kraios.app\/news\/gundem\/2023\/07\/26\/bati-afrikada-yilin-ilk-6-ayinda-teror-nedeniyle-yaklasik-4-bin-600-kisi-hayatini-kaybetti\/","title":{"rendered":"Bat\u0131 Afrika&#039;da y\u0131l\u0131n ilk 6 ay\u0131nda ter\u00f6r nedeniyle yakla\u015f\u0131k 4 bin 600 ki\u015fi hayat\u0131n\u0131 kaybetti"},"content":{"rendered":"<p>Bat\u0131 Afrika \u00fclkelerinde ya\u015fanan ter\u00f6r sald\u0131r\u0131lar\u0131 nedeniyle ocak ila haziran aylar\u0131 aras\u0131nda yakla\u015f\u0131k 4 bin 600 ki\u015finin ya\u015fam\u0131n\u0131 yitirdi\u011fi bildirildi.<\/p>\n","protected":false},"excerpt":{"rendered":"<p>Bat\u0131 Afrika \u00fclkelerinde ya\u015fanan ter\u00f6r sald\u0131r\u0131lar\u0131 nedeniyle ocak ila haziran aylar\u0131 aras\u0131nda yakla\u015f\u0131k 4 bin 600 ki\u015finin ya\u015fam\u0131n\u0131 yitirdi\u011fi bildirildi.<\/p>\n","protected":false},"author":1,"featured_media":10319,"comment_status":"","ping_status":"","sticky":false,"template":"","format":"standard","meta":[],"categories":[1],"tags":[],"_links":{"self":[{"href":"https:\/\/kraios.app\/news\/wp-json\/wp\/v2\/posts\/10318"}],"collection":[{"href":"https:\/\/kraios.app\/news\/wp-json\/wp\/v2\/posts"}],"about":[{"href":"https:\/\/kraios.app\/news\/wp-json\/wp\/v2\/types\/post"}],"author":[{"embeddable":true,"href":"https:\/\/kraios.app\/news\/wp-json\/wp\/v2\/users\/1"}],"replies":[{"embeddable":true,"href":"https:\/\/kraios.app\/news\/wp-json\/wp\/v2\/comments?post=10318"}],"version-history":[{"count":0,"href":"https:\/\/kraios.app\/news\/wp-json\/wp\/v2\/posts\/10318\/revisions"}],"wp:featuredmedia":[{"embeddable":true,"href":"https:\/\/kraios.app\/news\/wp-json\/wp\/v2\/media\/10319"}],"wp:attachment":[{"href":"https:\/\/kraios.app\/news\/wp-json\/wp\/v2\/media?parent=10318"}],"wp:term":[{"taxonomy":"category","embeddable":true,"href":"https:\/\/kraios.app\/news\/wp-json\/wp\/v2\/categories?post=10318"},{"taxonomy":"post_tag","embeddable":true,"href":"https:\/\/kraios.app\/news\/wp-json\/wp\/v2\/tags?post=10318"}],"curies":[{"name":"wp","href":"https:\/\/api.w.org\/{rel}","templated":true}]}}