{"id":10314,"date":"2023-07-26T06:13:18","date_gmt":"2023-07-26T06:13:18","guid":{"rendered":"https:\/\/kraios.app\/news\/ekonomi\/2023\/07\/26\/ekonomimizde-bu-yilki-buyume-gecen-yili-tumuyle-telafi-edecek\/"},"modified":"2023-07-26T06:13:18","modified_gmt":"2023-07-26T06:13:18","slug":"ekonomimizde-bu-yilki-buyume-gecen-yili-tumuyle-telafi-edecek","status":"publish","type":"post","link":"https:\/\/kraios.app\/news\/ekonomi\/2023\/07\/26\/ekonomimizde-bu-yilki-buyume-gecen-yili-tumuyle-telafi-edecek\/","title":{"rendered":"Ekonomimizde bu y\u0131lki b\u00fcy\u00fcme ge\u00e7en y\u0131l\u0131 t\u00fcm\u00fcyle telafi edecek"},"content":{"rendered":"<p> <br \/>\n<\/p>\n<div>\n<p><strong>Putin<\/strong>, Rus yetkililerle \u00fclke ekonomisine ili\u015fkin yapt\u0131\u011f\u0131 toplant\u0131da, reel, mali ve hizmet sekt\u00f6rlerin istikrarl\u0131 bir \u015fekilde b\u00fcy\u00fcd\u00fc\u011f\u00fcn\u00fc s\u00f6yledi.<\/p>\n<p>Rus ekonomisinin ge\u00e7en y\u0131l\u0131n ikinci \u00e7eyre\u011finin sonundan itibaren b\u00fcy\u00fcmeye ge\u00e7ti\u011fini anlatan Putin, \u201c<strong>Ekonomi<\/strong> ge\u00e7en y\u0131l y\u00fczde 2,1 k\u00fc\u00e7\u00fcl\u00fcrken, bu y\u0131l\u0131n ocak-may\u0131s d\u00f6neminde y\u00fczde 0,6 b\u00fcy\u00fcd\u00fc. B\u00fcy\u00fcme h\u0131z\u0131 giderek artarak may\u0131sta y\u00fczde 5,4\u2019e ula\u015ft\u0131.\u201d \u015feklinde konu\u015ftu.<\/p>\n<p>Putin, <strong>Rusya<\/strong>\u2019da \u00fcretim, in\u015faat ve perakende sekt\u00f6rlerinin istikrarl\u0131 bir b\u00fcy\u00fcme s\u00fcrecinde olduklar\u0131n\u0131 vurgulayarak, \u201cRus ekonomisinin bu y\u0131l y\u00fczde 2\u2019den fazla b\u00fcy\u00fcmesini bekliyoruz. Yani, ekonomimizde bu y\u0131lki b\u00fcy\u00fcme ge\u00e7en y\u0131l ya\u015fanan k\u00fc\u00e7\u00fclmeyi t\u00fcm\u00fcyle telafi edecek.\u201d ifadelerini kulland\u0131.<\/p>\n<h3>Rusya\u2019da enflasyon tehlikesi art\u0131yor<\/h3>\n<p>\u00dclkede i\u015fsizli\u011fin y\u00fczde 3,2 seviyesine d\u00fc\u015ft\u00fc\u011f\u00fcn\u00fc, reel gelirlerdeki art\u0131\u015f\u0131n 2018\u2019den bu yana ilk defa \u00e7ift hanelere ula\u015ft\u0131\u011f\u0131n\u0131 belirten Putin, \u201cNisanda y\u00fczde 10&#8217;dan fazla artt\u0131. Genel olarak, sonu\u00e7lar iyi ve beklenenden ve \u00f6n hesaplamalardan bile daha y\u00fcksek.\u201d diye konu\u015ftu.<\/p>\n<p>Federal b\u00fct\u00e7e a\u00e7\u0131\u011f\u0131n\u0131n bu y\u0131l\u0131n ikinci \u00e7eyre\u011finde azalarak 510 milyar rubleye d\u00fc\u015ft\u00fc\u011f\u00fcn\u00fc kaydeden Putin, \u201cB\u00fct\u00e7e a\u00e7\u0131\u011f\u0131 ocak-haziran d\u00f6nemi itibar\u0131yla 2,6 trilyon ruble d\u00fczeyinde. Bu da bu y\u0131l\u0131n beklenen ekonomik b\u00fcy\u00fcmenin y\u00fczde 1,6&#8217;s\u0131na tekab\u00fcl ediyor.\u201d dedi.<\/p>\n<p>Putin, petrol ve do\u011fal gaz d\u0131\u015f\u0131 gelirlerin de bu y\u0131l\u0131n ilk yar\u0131s\u0131nda y\u00fczde 17,8 artt\u0131\u011f\u0131n\u0131 s\u00f6yledi.<\/p>\n<p>Sosyo-ekonomik ko\u015fullara y\u00f6nelik tehlikelerin fark\u0131nda olduklar\u0131n\u0131 vurgulayan Putin, \u201cBu tehlikelerden birisi enflasyon art\u0131\u015f\u0131. \u015eu anda \u0131l\u0131ml\u0131 durumda ancak enflasyonun h\u0131zland\u0131\u011f\u0131na y\u00f6nelik emareler var. Ekonomimizdeki fiyat istikrar\u0131n\u0131n korunmas\u0131 \u00f6nemli.\u201d ifadelerini kulland\u0131.<\/p>\n<p>                            <span class=\"detay-foto-editor\">&#13;<br \/>\n                                <a href=\"https:\/\/www.aa.com.tr\/tr\/p\/abonelik-talep-formu\/1001\" target=\"_blank\" style=\"font-size:12px; color:#444; text-decoration:none;\" rel=\"noopener\">&#13;<br \/>\n                                    Anadolu Ajans\u0131 web sitesinde, AA Haber Ak\u0131\u015f Sistemi (HAS) \u00fczerinden abonelere sunulan haberler, \u00f6zetlenerek yay\u0131mlanmaktad\u0131r. <b style=\"color:#1897F7\">Abonelik i\u00e7in l\u00fctfen ileti\u015fime ge\u00e7iniz.<\/b>&#13;<br \/>\n                                <\/a>&#13;<br \/>\n                            <\/span>\n                        <\/div>\n<p><script>\n\t  window.fbAsyncInit = function() {\n\t\tFB.init({\n\t\t  appId: '1855843514662870',\n\t\t  status : true, \/\/ check login status\n\t\t  cookie : true, \/\/ enable cookies to allow the server to access the session\n\t\t  xfbml  : true  \/\/ parse XFBML\n\t\t});\n\t  };<\/p>\n<p>\t  (function() {\n\t\tvar e = document.createElement('script');\n\t\te.src=\"https:\/\/connect.facebook.net\/tr_TR\/all.js\";\n\t\te.async = true;\n\t\tdocument.getElementById('fb-root').appendChild(e);\n\t  }());\n    <\/script><br \/>\n<br \/><br \/>\n<br \/><a href=\"https:\/\/www.aa.com.tr\/tr\/ekonomi\/putin-ekonomimizde-bu-yilki-buyume-gecen-yili-tumuyle-telafi-edecek\/2954141\">Source link <\/a><\/p>\n","protected":false},"excerpt":{"rendered":"<p>Putin, Rus yetkililerle \u00fclke ekonomisine ili\u015fkin yapt\u0131\u011f\u0131 toplant\u0131da, reel, mali ve hizmet sekt\u00f6rlerin istikrarl\u0131 bir \u015fekilde b\u00fcy\u00fcd\u00fc\u011f\u00fcn\u00fc s\u00f6yledi. Rus ekonomisinin ge\u00e7en y\u0131l\u0131n ikinci \u00e7eyre\u011finin sonundan itibaren b\u00fcy\u00fcmeye ge\u00e7ti\u011fini anlatan Putin, \u201cEkonomi ge\u00e7en y\u0131l y\u00fczde 2,1 k\u00fc\u00e7\u00fcl\u00fcrken, bu y\u0131l\u0131n ocak-may\u0131s d\u00f6neminde y\u00fczde 0,6 b\u00fcy\u00fcd\u00fc. B\u00fcy\u00fcme h\u0131z\u0131 giderek artarak may\u0131sta y\u00fczde 5,4\u2019e ula\u015ft\u0131.\u201d \u015feklinde konu\u015ftu. Putin, Rusya\u2019da [&hellip;]<\/p>\n","protected":false},"author":1,"featured_media":10315,"comment_status":"","ping_status":"","sticky":false,"template":"","format":"standard","meta":[],"categories":[44],"tags":[],"_links":{"self":[{"href":"https:\/\/kraios.app\/news\/wp-json\/wp\/v2\/posts\/10314"}],"collection":[{"href":"https:\/\/kraios.app\/news\/wp-json\/wp\/v2\/posts"}],"about":[{"href":"https:\/\/kraios.app\/news\/wp-json\/wp\/v2\/types\/post"}],"author":[{"embeddable":true,"href":"https:\/\/kraios.app\/news\/wp-json\/wp\/v2\/users\/1"}],"replies":[{"embeddable":true,"href":"https:\/\/kraios.app\/news\/wp-json\/wp\/v2\/comments?post=10314"}],"version-history":[{"count":0,"href":"https:\/\/kraios.app\/news\/wp-json\/wp\/v2\/posts\/10314\/revisions"}],"wp:featuredmedia":[{"embeddable":true,"href":"https:\/\/kraios.app\/news\/wp-json\/wp\/v2\/media\/10315"}],"wp:attachment":[{"href":"https:\/\/kraios.app\/news\/wp-json\/wp\/v2\/media?parent=10314"}],"wp:term":[{"taxonomy":"category","embeddable":true,"href":"https:\/\/kraios.app\/news\/wp-json\/wp\/v2\/categories?post=10314"},{"taxonomy":"post_tag","embeddable":true,"href":"https:\/\/kraios.app\/news\/wp-json\/wp\/v2\/tags?post=10314"}],"curies":[{"name":"wp","href":"https:\/\/api.w.org\/{rel}","templated":true}]}}