{"id":10312,"date":"2023-07-26T05:20:08","date_gmt":"2023-07-26T05:20:08","guid":{"rendered":"https:\/\/kraios.app\/news\/spor\/2023\/07\/26\/trabzonspor-hazirlik-macinda-rabotnickiyi-4-golle-gecti\/"},"modified":"2023-07-26T05:20:08","modified_gmt":"2023-07-26T05:20:08","slug":"trabzonspor-hazirlik-macinda-rabotnickiyi-4-golle-gecti","status":"publish","type":"post","link":"https:\/\/kraios.app\/news\/spor\/2023\/07\/26\/trabzonspor-hazirlik-macinda-rabotnickiyi-4-golle-gecti\/","title":{"rendered":"Trabzonspor haz\u0131rl\u0131k ma\u00e7\u0131nda Rabotnicki&#8217;yi 4 golle ge\u00e7ti"},"content":{"rendered":"<p><\/p>\n<div>\n<p>\u0130lk haz\u0131rl\u0131k ma\u00e7\u0131nda H\u0131rvatistan&#8217;\u0131n Hajduk Split tak\u0131m\u0131na 2-0 ma\u011flup olan, MOL Fehervar ve NK Celje ile 2-2 berabere kalan bordo-mavililer, oynad\u0131\u011f\u0131 d\u00f6rd\u00fcnc\u00fc haz\u0131rl\u0131k ma\u00e7\u0131nda ilk galibiyetini ald\u0131.<\/p>\n<p>8. dakikada Trabzonspor \u00f6ne ge\u00e7ti. Sol kanattan ilerleyen Eren Elmal\u0131&#8217;n\u0131n ceza sahas\u0131 i\u00e7erisine g\u00f6nderdi\u011fi ortaya d\u00fczg\u00fcn kafa vuru\u015fu yapan Gomez, topu kaleci Aleksovski&#8217;nin sol taraf\u0131ndan filelere g\u00f6nderdi: 1-0<\/p>\n<p>17. dakikada Rabotnicki beraberli\u011fi sa\u011flad\u0131. Orta sahadan gelen pas ile sa\u011f kanatta ilerleyen Murati, ceza sahas\u0131 i\u00e7erisine orta yapt\u0131. Denswil&#8217;in kar\u015f\u0131layamad\u0131\u011f\u0131 top, kaleci U\u011furcan \u00c7ak\u0131r&#8217;\u0131n eline \u00e7arparak filelerle bulu\u015ftu: 1-1<\/p>\n<p>40. dakikada ceza sahas\u0131 i\u00e7erisinde Visca&#8217;n\u0131n sert vuru\u015fu sonras\u0131nda kaleci Aleksovski&#8217;den d\u00f6nen topa kayarak vuru\u015f yapan Bakasetas, me\u015fin yuvarla\u011f\u0131 filelerle bulu\u015fturdu: 2-1<\/p>\n<p>\u0130lk yar\u0131 Trabzonspor&#8217;un 2-1&#8217;lik \u00fcst\u00fcnl\u00fc\u011f\u00fcyle sona erdi.<\/p>\n<p>63. dakikada Bakasetas&#8217;\u0131n ceza sahas\u0131 yay\u0131na yak\u0131n b\u00f6lgeden yapt\u0131\u011f\u0131 ortada Gomez&#8217;in kafa vuru\u015fu, kaleci Aleksovski&#8217;den sekti. D\u00f6nen topu takip eden Eren Elmal\u0131 me\u015fin yuvarl\u0131\u011f\u0131 filelere g\u00f6nderdi: 3-1<\/p>\n<p>88. dakikada Eren Elmal\u0131&#8217;n\u0131n yerden ortas\u0131nda ceza sahas\u0131 i\u00e7erisinde me\u015fin yuvarla\u011f\u0131 kontrol ederek d\u00fczg\u00fcn bir vuru\u015f yapan Enis Destan, topu kaleye g\u00f6nderdi: 4-1<\/p>\n<p>Kar\u015f\u0131la\u015fma Trabzonspor&#8217;un 4-1&#8217;lik \u00fcst\u00fcnl\u00fc\u011f\u00fcyle sona erdi.<\/p>\n<h3>Ma\u00e7 kadrosunda 12 oyuncu yer almad\u0131<\/h3>\n<p>Trabzonspor&#8217;da sakatl\u0131klar\u0131 bulunan Mislav Orsic, Siopis ve Fernandes&#8217;in yan\u0131 s\u0131ra Umut Bozok, Do\u011fucan Haspolat, Kerem \u015een, Bardhi, Serkan Asan, Emirhan Zaman, H\u00fcseyin T\u00fcrkmen, kaleciler Muhammet Taha Tepe, Erol Can \u00c7olak ve Ka\u011fan Moradao\u011flu ma\u00e7 kadrosunda yer almad\u0131.<\/p>\n<p>Teknik Direkt\u00f6r Nenad Bjelica yeni transferlerden G\u00f6ktan G\u00fcrp\u00fcz ile Teklic&#8217;e ise ikinci yar\u0131da \u015fans verdi.<\/p>\n<h3>Son haz\u0131rl\u0131k ma\u00e7\u0131 yar\u0131n<\/h3>\n<p>Bordo-mavili tak\u0131m\u0131n 4 Temmuz&#8217;da ba\u015flad\u0131\u011f\u0131 Slovenya kamp\u0131 yar\u0131n sona erecek.<\/p>\n<p>Slovenya&#8217;n\u0131n Kranj tak\u0131m\u0131 ile TS\u0130 12.00&#8217;da kar\u015f\u0131la\u015facak Trabzonspor, kamp\u0131 tamamlay\u0131p ak\u015fam saatlerinde Trabzon&#8217;a hareket edecek.<\/p>\n<p>                            <span class=\"detay-foto-editor\">&#13;<br \/>\n                                <a href=\"https:\/\/www.aa.com.tr\/tr\/p\/abonelik-talep-formu\/1001\" target=\"_blank\" style=\"font-size:12px; color:#444; text-decoration:none;\" rel=\"noopener\">&#13;<br \/>\n                                    Anadolu Ajans\u0131 web sitesinde, AA Haber Ak\u0131\u015f Sistemi (HAS) \u00fczerinden abonelere sunulan haberler, \u00f6zetlenerek yay\u0131mlanmaktad\u0131r. <b style=\"color:#1897F7\">Abonelik i\u00e7in l\u00fctfen ileti\u015fime ge\u00e7iniz.<\/b>&#13;<br \/>\n                                <\/a>&#13;<br \/>\n                            <\/span>\n                        <\/div>\n<p><script>\n\t  window.fbAsyncInit = function() {\n\t\tFB.init({\n\t\t  appId: '1855843514662870',\n\t\t  status : true, \/\/ check login status\n\t\t  cookie : true, \/\/ enable cookies to allow the server to access the session\n\t\t  xfbml  : true  \/\/ parse XFBML\n\t\t});\n\t  };<\/p>\n<p>\t  (function() {\n\t\tvar e = document.createElement('script');\n\t\te.src=\"https:\/\/connect.facebook.net\/tr_TR\/all.js\";\n\t\te.async = true;\n\t\tdocument.getElementById('fb-root').appendChild(e);\n\t  }());\n    <\/script><\/p>\n","protected":false},"excerpt":{"rendered":"<p>\u0130lk haz\u0131rl\u0131k ma\u00e7\u0131nda H\u0131rvatistan&#8217;\u0131n Hajduk Split tak\u0131m\u0131na 2-0 ma\u011flup olan, MOL Fehervar ve NK Celje ile 2-2 berabere kalan bordo-mavililer, oynad\u0131\u011f\u0131 d\u00f6rd\u00fcnc\u00fc haz\u0131rl\u0131k ma\u00e7\u0131nda ilk galibiyetini ald\u0131. 8. dakikada Trabzonspor \u00f6ne ge\u00e7ti. Sol kanattan ilerleyen Eren Elmal\u0131&#8217;n\u0131n ceza sahas\u0131 i\u00e7erisine g\u00f6nderdi\u011fi ortaya d\u00fczg\u00fcn kafa vuru\u015fu yapan Gomez, topu kaleci Aleksovski&#8217;nin sol taraf\u0131ndan filelere g\u00f6nderdi: 1-0 [&hellip;]<\/p>\n","protected":false},"author":1,"featured_media":10313,"comment_status":"","ping_status":"","sticky":false,"template":"","format":"standard","meta":[],"categories":[48],"tags":[],"_links":{"self":[{"href":"https:\/\/kraios.app\/news\/wp-json\/wp\/v2\/posts\/10312"}],"collection":[{"href":"https:\/\/kraios.app\/news\/wp-json\/wp\/v2\/posts"}],"about":[{"href":"https:\/\/kraios.app\/news\/wp-json\/wp\/v2\/types\/post"}],"author":[{"embeddable":true,"href":"https:\/\/kraios.app\/news\/wp-json\/wp\/v2\/users\/1"}],"replies":[{"embeddable":true,"href":"https:\/\/kraios.app\/news\/wp-json\/wp\/v2\/comments?post=10312"}],"version-history":[{"count":0,"href":"https:\/\/kraios.app\/news\/wp-json\/wp\/v2\/posts\/10312\/revisions"}],"wp:featuredmedia":[{"embeddable":true,"href":"https:\/\/kraios.app\/news\/wp-json\/wp\/v2\/media\/10313"}],"wp:attachment":[{"href":"https:\/\/kraios.app\/news\/wp-json\/wp\/v2\/media?parent=10312"}],"wp:term":[{"taxonomy":"category","embeddable":true,"href":"https:\/\/kraios.app\/news\/wp-json\/wp\/v2\/categories?post=10312"},{"taxonomy":"post_tag","embeddable":true,"href":"https:\/\/kraios.app\/news\/wp-json\/wp\/v2\/tags?post=10312"}],"curies":[{"name":"wp","href":"https:\/\/api.w.org\/{rel}","templated":true}]}}