{"id":10294,"date":"2023-07-26T00:49:31","date_gmt":"2023-07-26T00:49:31","guid":{"rendered":"https:\/\/kraios.app\/news\/spor\/2023\/07\/26\/uefa-avrupa-konferans-ligi-2-eleme-turunun-ilk-ayagi-5-macla-basladi\/"},"modified":"2023-07-26T00:49:31","modified_gmt":"2023-07-26T00:49:31","slug":"uefa-avrupa-konferans-ligi-2-eleme-turunun-ilk-ayagi-5-macla-basladi","status":"publish","type":"post","link":"https:\/\/kraios.app\/news\/spor\/2023\/07\/26\/uefa-avrupa-konferans-ligi-2-eleme-turunun-ilk-ayagi-5-macla-basladi\/","title":{"rendered":"UEFA Avrupa Konferans Ligi 2. eleme turunun ilk aya\u011f\u0131, 5 ma\u00e7la ba\u015flad\u0131"},"content":{"rendered":"<p>Organizasyonun 2. eleme turunda 5 ma\u00e7 tamamlan\u0131rken, eleme turunun r\u00f6van\u015flar\u0131, 1-3 A\u011fustos tarihlerinde oynanacak.<\/p>\n","protected":false},"excerpt":{"rendered":"<p>Organizasyonun 2. eleme turunda 5 ma\u00e7 tamamlan\u0131rken, eleme turunun r\u00f6van\u015flar\u0131, 1-3 A\u011fustos tarihlerinde oynanacak.<\/p>\n","protected":false},"author":1,"featured_media":10295,"comment_status":"","ping_status":"","sticky":false,"template":"","format":"standard","meta":[],"categories":[48],"tags":[],"_links":{"self":[{"href":"https:\/\/kraios.app\/news\/wp-json\/wp\/v2\/posts\/10294"}],"collection":[{"href":"https:\/\/kraios.app\/news\/wp-json\/wp\/v2\/posts"}],"about":[{"href":"https:\/\/kraios.app\/news\/wp-json\/wp\/v2\/types\/post"}],"author":[{"embeddable":true,"href":"https:\/\/kraios.app\/news\/wp-json\/wp\/v2\/users\/1"}],"replies":[{"embeddable":true,"href":"https:\/\/kraios.app\/news\/wp-json\/wp\/v2\/comments?post=10294"}],"version-history":[{"count":0,"href":"https:\/\/kraios.app\/news\/wp-json\/wp\/v2\/posts\/10294\/revisions"}],"wp:featuredmedia":[{"embeddable":true,"href":"https:\/\/kraios.app\/news\/wp-json\/wp\/v2\/media\/10295"}],"wp:attachment":[{"href":"https:\/\/kraios.app\/news\/wp-json\/wp\/v2\/media?parent=10294"}],"wp:term":[{"taxonomy":"category","embeddable":true,"href":"https:\/\/kraios.app\/news\/wp-json\/wp\/v2\/categories?post=10294"},{"taxonomy":"post_tag","embeddable":true,"href":"https:\/\/kraios.app\/news\/wp-json\/wp\/v2\/tags?post=10294"}],"curies":[{"name":"wp","href":"https:\/\/api.w.org\/{rel}","templated":true}]}}