{"id":10284,"date":"2023-07-25T23:20:06","date_gmt":"2023-07-25T23:20:06","guid":{"rendered":"https:\/\/kraios.app\/news\/gundem\/2023\/07\/25\/oyuncu-yilmaz-gruda-hayatini-kaybetti\/"},"modified":"2023-07-25T23:20:06","modified_gmt":"2023-07-25T23:20:06","slug":"oyuncu-yilmaz-gruda-hayatini-kaybetti","status":"publish","type":"post","link":"https:\/\/kraios.app\/news\/gundem\/2023\/07\/25\/oyuncu-yilmaz-gruda-hayatini-kaybetti\/","title":{"rendered":"Oyuncu Y\u0131lmaz Gruda hayat\u0131n\u0131 kaybetti"},"content":{"rendered":"<p>Bir s\u00fcredir sa\u011fl\u0131k sorunlar\u0131 ya\u015fayan tiyatro, sinema ve dizi oyuncusu, \u015fair, oyun yazar\u0131 ve tiyatro y\u00f6netmeni Y\u0131lmaz Gruda, 93 ya\u015f\u0131nda hayat\u0131n\u0131 kaybetti.<\/p>\n","protected":false},"excerpt":{"rendered":"<p>Bir s\u00fcredir sa\u011fl\u0131k sorunlar\u0131 ya\u015fayan tiyatro, sinema ve dizi oyuncusu, \u015fair, oyun yazar\u0131 ve tiyatro y\u00f6netmeni Y\u0131lmaz Gruda, 93 ya\u015f\u0131nda hayat\u0131n\u0131 kaybetti.<\/p>\n","protected":false},"author":1,"featured_media":10285,"comment_status":"","ping_status":"","sticky":false,"template":"","format":"standard","meta":[],"categories":[1],"tags":[],"_links":{"self":[{"href":"https:\/\/kraios.app\/news\/wp-json\/wp\/v2\/posts\/10284"}],"collection":[{"href":"https:\/\/kraios.app\/news\/wp-json\/wp\/v2\/posts"}],"about":[{"href":"https:\/\/kraios.app\/news\/wp-json\/wp\/v2\/types\/post"}],"author":[{"embeddable":true,"href":"https:\/\/kraios.app\/news\/wp-json\/wp\/v2\/users\/1"}],"replies":[{"embeddable":true,"href":"https:\/\/kraios.app\/news\/wp-json\/wp\/v2\/comments?post=10284"}],"version-history":[{"count":0,"href":"https:\/\/kraios.app\/news\/wp-json\/wp\/v2\/posts\/10284\/revisions"}],"wp:featuredmedia":[{"embeddable":true,"href":"https:\/\/kraios.app\/news\/wp-json\/wp\/v2\/media\/10285"}],"wp:attachment":[{"href":"https:\/\/kraios.app\/news\/wp-json\/wp\/v2\/media?parent=10284"}],"wp:term":[{"taxonomy":"category","embeddable":true,"href":"https:\/\/kraios.app\/news\/wp-json\/wp\/v2\/categories?post=10284"},{"taxonomy":"post_tag","embeddable":true,"href":"https:\/\/kraios.app\/news\/wp-json\/wp\/v2\/tags?post=10284"}],"curies":[{"name":"wp","href":"https:\/\/api.w.org\/{rel}","templated":true}]}}