{"id":10280,"date":"2023-07-25T21:20:41","date_gmt":"2023-07-25T21:20:41","guid":{"rendered":"https:\/\/kraios.app\/news\/ekonomi\/2023\/07\/25\/moodys-yargi-duzenlemesinin-israil-ekonomisine-zarar-verdigi-uyarisi-yapti\/"},"modified":"2023-07-25T21:20:41","modified_gmt":"2023-07-25T21:20:41","slug":"moodys-yargi-duzenlemesinin-israil-ekonomisine-zarar-verdigi-uyarisi-yapti","status":"publish","type":"post","link":"https:\/\/kraios.app\/news\/ekonomi\/2023\/07\/25\/moodys-yargi-duzenlemesinin-israil-ekonomisine-zarar-verdigi-uyarisi-yapti\/","title":{"rendered":"Moody&#8217;s, yarg\u0131 d\u00fczenlemesinin \u0130srail ekonomisine zarar verdi\u011fi uyar\u0131s\u0131 yapt\u0131"},"content":{"rendered":"<p> <br \/>\n<\/p>\n<div>\n<p>Uluslararas\u0131 kredi derecelendirme kurulu\u015fu <strong>Moody\u2019s<\/strong>, \u0130srail\u2019de Y\u00fcksek Mahkeme&#8217;nin y\u00fcr\u00fctme \u00fczerindeki denetimini s\u0131n\u0131rland\u0131ran yasa tasar\u0131s\u0131n\u0131n d\u00fcn mecliste onaylanmas\u0131na ili\u015fkin yay\u0131mlad\u0131\u011f\u0131 raporda, \u0130srail ekonomisi hakk\u0131nda endi\u015felerin somutla\u015fmaya ba\u015flad\u0131\u011f\u0131 uyar\u0131s\u0131nda bulundu.<\/p>\n<p>\u0130srail Kamu Yay\u0131n Kurulu\u015funun (KAN) haberine g\u00f6re, Moody\u2019s\u2019in raporunda \u0130srail\u2019de anayasal bir kriz riskinin artt\u0131\u011f\u0131 ifade edildi.<\/p>\n<p>Raporda, &#8220;H\u00fck\u00fcmetin kapsaml\u0131 planlar\u0131n\u0131n i\u00e7eri\u011finin, yarg\u0131n\u0131n ba\u011f\u0131ms\u0131zl\u0131\u011f\u0131n\u0131 \u00f6nemli \u00f6l\u00e7\u00fcde zay\u0131flatabilece\u011fine ve \u00e7e\u015fitli otoriteler aras\u0131ndaki etkili denetim ve dengeleri bozabilece\u011fine inan\u0131yoruz.&#8221; ifadelerine yer verildi.<\/p>\n<p>Yarg\u0131 d\u00fczenlemesinin \u0130srail ekonomisi \u00fczerindeki olumsuz etkisinin ba\u015flad\u0131\u011f\u0131 belirtilen raporda, \u0130srail\u2019in teknoloji alan\u0131nda k\u00fcresel e\u011filimlerden uzakla\u015ft\u0131\u011f\u0131na dair g\u00f6stergelerin mevcut oldu\u011fu uyar\u0131s\u0131 yap\u0131ld\u0131.<\/p>\n<p>Raporda, &#8220;Risk sermayesi ve yeni \u0130srail y\u00fcksek teknoloji \u015firketlerinin yat\u0131r\u0131mlar\u0131, bu y\u0131l\u0131n ilk yar\u0131s\u0131nda \u00f6nemli \u00f6l\u00e7\u00fcde d\u00fc\u015ferek 2019&#8217;dan bu yana en d\u00fc\u015f\u00fck rakam olan 3,7 milyar dolara geriledi.&#8221; ifadesi kullan\u0131ld\u0131.<\/p>\n<h3>Netanyahu ile Smotrich, Moody&#8217;s&#8217;in raporuna cevaben a\u00e7\u0131klama yapt\u0131<\/h3>\n<p>\u0130srail Ba\u015fbakan Binyamin Netanyahu ile Maliye Bakan\u0131 Bezalel Smotrich, Moody\u2019s\u2019in raporuna ili\u015fkin ortak a\u00e7\u0131klama yay\u0131nlad\u0131.<\/p>\n<p>Moody\u2019s\u2019in \u00f6zel raporuna cevaben yap\u0131lan a\u00e7\u0131klamada, &#8220;Bu anl\u0131k bir yan\u0131tt\u0131r; ortal\u0131k yat\u0131\u015f\u0131nca \u0130srail ekonomisinin \u00e7ok g\u00fc\u00e7l\u00fc oldu\u011fu g\u00f6r\u00fclecektir.&#8221; de\u011ferlendirmesinde bulunuldu.<\/p>\n<p>A\u00e7\u0131klamada, \u0130srail\u2019in ihracat verileri, teknoloji alan\u0131ndaki geli\u015fmeler ve \u00fclkeye y\u00f6nelik yat\u0131r\u0131mlar hat\u0131rlat\u0131larak, &#8220;\u0130srail ekonomisi g\u00fc\u00e7l\u00fc temellere dayanmaktad\u0131r ve sorumlu bir ekonomi politikas\u0131 uygulayan deneyimli liderlik alt\u0131nda b\u00fcy\u00fcmeye devam edecektir.&#8221; ifadesi kullan\u0131ld\u0131.<\/p>\n<h3>Tart\u0131\u015fmal\u0131 yarg\u0131 d\u00fczenlemesi<\/h3>\n<p>\u0130srail Adalet Bakan\u0131 Yariv Levin&#8217;in, 5 Ocak&#8217;ta duyurdu\u011fu &#8220;yarg\u0131 reformu&#8221; Y\u00fcksek Mahkeme&#8217;nin yetkilerini s\u0131n\u0131rland\u0131rma ve iktidar\u0131n yarg\u0131 atamalar\u0131nda s\u00f6z sahibi olmas\u0131 gibi de\u011fi\u015fiklikler i\u00e7eriyor.<\/p>\n<p>Ba\u015fbakan Binyamin Netanyahu, 27 Mart&#8217;ta, \u00fclke \u00e7ap\u0131nda giderek artan kitlesel protestolara ve grevlere neden olan yarg\u0131 d\u00fczenlemesini erteledi\u011fini a\u00e7\u0131klam\u0131\u015f ancak 2023-2024 b\u00fct\u00e7esinin may\u0131s sonunda Meclisten ge\u00e7mesinin ard\u0131ndan yarg\u0131 d\u00fczenlemesini tekrar g\u00fcndeme getireceklerini duyurmu\u015ftu.<\/p>\n<p>H\u00fck\u00fcmet, muhalefetle m\u00fczakerelerin t\u0131kanmas\u0131n\u0131n ard\u0131ndan yak\u0131n zamanda yarg\u0131 d\u00fczenlemesi i\u00e7in yeniden d\u00fc\u011fmeye basm\u0131\u015ft\u0131.<\/p>\n<p>H\u00fck\u00fcmetin &#8220;yarg\u0131 reformuna&#8221; kar\u015f\u0131 \u00e7\u0131kan aralar\u0131nda sava\u015f pilotlar\u0131, denizalt\u0131 subaylar\u0131 ve di\u011fer elit birliklerin yer ald\u0131\u011f\u0131 binlerce \u0130srailli, g\u00f6n\u00fcll\u00fc yedek askerlik g\u00f6revini b\u0131rakma karar\u0131 alm\u0131\u015ft\u0131.<\/p>\n<p>\u0130srail&#8217;de siyaset, ordu, g\u00fcvenlik, ekonomi ve yarg\u0131da \u00fcst d\u00fczey g\u00f6revlerde bulunmu\u015f isimler ve \u00e7e\u015fitli meslek kurulu\u015flar\u0131 h\u00fck\u00fcmetin yarg\u0131 d\u00fczenlemesine kar\u015f\u0131 olduklar\u0131n\u0131 a\u00e7\u0131klam\u0131\u015ft\u0131.<\/p>\n<p>                            <span class=\"detay-foto-editor\">&#13;<br \/>\n                                <a href=\"https:\/\/www.aa.com.tr\/tr\/p\/abonelik-talep-formu\/1001\" target=\"_blank\" style=\"font-size:12px; color:#444; text-decoration:none;\" rel=\"noopener\">&#13;<br \/>\n                                    Anadolu Ajans\u0131 web sitesinde, AA Haber Ak\u0131\u015f Sistemi (HAS) \u00fczerinden abonelere sunulan haberler, \u00f6zetlenerek yay\u0131mlanmaktad\u0131r. <b style=\"color:#1897F7\">Abonelik i\u00e7in l\u00fctfen ileti\u015fime ge\u00e7iniz.<\/b>&#13;<br \/>\n                                <\/a>&#13;<br \/>\n                            <\/span>\n                        <\/div>\n<p><script>\n\t  window.fbAsyncInit = function() {\n\t\tFB.init({\n\t\t  appId: '1855843514662870',\n\t\t  status : true, \/\/ check login status\n\t\t  cookie : true, \/\/ enable cookies to allow the server to access the session\n\t\t  xfbml  : true  \/\/ parse XFBML\n\t\t});\n\t  };<\/p>\n<p>\t  (function() {\n\t\tvar e = document.createElement('script');\n\t\te.src=\"https:\/\/connect.facebook.net\/tr_TR\/all.js\";\n\t\te.async = true;\n\t\tdocument.getElementById('fb-root').appendChild(e);\n\t  }());\n    <\/script><br \/>\n<br \/><br \/>\n<br \/><a href=\"https:\/\/www.aa.com.tr\/tr\/ekonomi\/moodys-yargi-duzenlemesinin-israil-ekonomisine-zarar-verdigi-uyarisi-yapti\/2954338\">Source link <\/a><\/p>\n","protected":false},"excerpt":{"rendered":"<p>Uluslararas\u0131 kredi derecelendirme kurulu\u015fu Moody\u2019s, \u0130srail\u2019de Y\u00fcksek Mahkeme&#8217;nin y\u00fcr\u00fctme \u00fczerindeki denetimini s\u0131n\u0131rland\u0131ran yasa tasar\u0131s\u0131n\u0131n d\u00fcn mecliste onaylanmas\u0131na ili\u015fkin yay\u0131mlad\u0131\u011f\u0131 raporda, \u0130srail ekonomisi hakk\u0131nda endi\u015felerin somutla\u015fmaya ba\u015flad\u0131\u011f\u0131 uyar\u0131s\u0131nda bulundu. \u0130srail Kamu Yay\u0131n Kurulu\u015funun (KAN) haberine g\u00f6re, Moody\u2019s\u2019in raporunda \u0130srail\u2019de anayasal bir kriz riskinin artt\u0131\u011f\u0131 ifade edildi. Raporda, &#8220;H\u00fck\u00fcmetin kapsaml\u0131 planlar\u0131n\u0131n i\u00e7eri\u011finin, yarg\u0131n\u0131n ba\u011f\u0131ms\u0131zl\u0131\u011f\u0131n\u0131 \u00f6nemli \u00f6l\u00e7\u00fcde zay\u0131flatabilece\u011fine [&hellip;]<\/p>\n","protected":false},"author":1,"featured_media":10281,"comment_status":"","ping_status":"","sticky":false,"template":"","format":"standard","meta":[],"categories":[44],"tags":[],"_links":{"self":[{"href":"https:\/\/kraios.app\/news\/wp-json\/wp\/v2\/posts\/10280"}],"collection":[{"href":"https:\/\/kraios.app\/news\/wp-json\/wp\/v2\/posts"}],"about":[{"href":"https:\/\/kraios.app\/news\/wp-json\/wp\/v2\/types\/post"}],"author":[{"embeddable":true,"href":"https:\/\/kraios.app\/news\/wp-json\/wp\/v2\/users\/1"}],"replies":[{"embeddable":true,"href":"https:\/\/kraios.app\/news\/wp-json\/wp\/v2\/comments?post=10280"}],"version-history":[{"count":0,"href":"https:\/\/kraios.app\/news\/wp-json\/wp\/v2\/posts\/10280\/revisions"}],"wp:featuredmedia":[{"embeddable":true,"href":"https:\/\/kraios.app\/news\/wp-json\/wp\/v2\/media\/10281"}],"wp:attachment":[{"href":"https:\/\/kraios.app\/news\/wp-json\/wp\/v2\/media?parent=10280"}],"wp:term":[{"taxonomy":"category","embeddable":true,"href":"https:\/\/kraios.app\/news\/wp-json\/wp\/v2\/categories?post=10280"},{"taxonomy":"post_tag","embeddable":true,"href":"https:\/\/kraios.app\/news\/wp-json\/wp\/v2\/tags?post=10280"}],"curies":[{"name":"wp","href":"https:\/\/api.w.org\/{rel}","templated":true}]}}