{"id":10264,"date":"2023-07-25T19:33:33","date_gmt":"2023-07-25T19:33:33","guid":{"rendered":"https:\/\/kraios.app\/news\/gundem\/2023\/07\/25\/ermenistan-uzun-sure-catisma-duzeni-icinde-yasayamaz\/"},"modified":"2023-07-25T19:33:33","modified_gmt":"2023-07-25T19:33:33","slug":"ermenistan-uzun-sure-catisma-duzeni-icinde-yasayamaz","status":"publish","type":"post","link":"https:\/\/kraios.app\/news\/gundem\/2023\/07\/25\/ermenistan-uzun-sure-catisma-duzeni-icinde-yasayamaz\/","title":{"rendered":"Ermenistan uzun s\u00fcre \u00e7at\u0131\u015fma d\u00fczeni i\u00e7inde ya\u015fayamaz"},"content":{"rendered":"<p><\/p>\n<div>\n<p><strong>Pa\u015finyan<\/strong>, Ermenistan&#8217;\u0131n ba\u015fkenti Erivan&#8217;da d\u00fczenledi\u011fi bas\u0131n toplant\u0131s\u0131nda g\u00fcncel geli\u015fmeleri de\u011ferlendirdi.<\/p>\n<p>Azerbaycan&#8217;la bar\u0131\u015f anla\u015fmas\u0131 g\u00f6r\u00fc\u015fmelerinin ve T\u00fcrkiye ile normalle\u015fme s\u00fcrecinin devam etti\u011fini anlatan Pa\u015finyan, Azerbaycan&#8217;la imzalanacak anla\u015fmaya Karaba\u011f ve b\u00f6lgedeki halk\u0131n g\u00fcvenli\u011finin de dahil edilmesini savunduklar\u0131n\u0131 ancak bu konuda net bir karar al\u0131nmad\u0131\u011f\u0131n\u0131 kaydetti.<\/p>\n<p>Azerbaycan ile <strong>Ermenistan<\/strong> aras\u0131ndaki g\u00f6r\u00fc\u015fmelerin ba\u015far\u0131ya ula\u015fmas\u0131na ihtiya\u00e7 duyduklar\u0131n\u0131 aktaran Pa\u015finyan, iki \u00fclke aras\u0131ndaki konular\u0131n de\u011fi\u015fmedi\u011fini ifade etti.<\/p>\n<p>D\u00fcnyada Karaba\u011f&#8217;\u0131 <strong>Azerbaycan<\/strong> topra\u011f\u0131 olarak tan\u0131mayan tek bir \u00fclke olmad\u0131\u011f\u0131na i\u015faret eden Pa\u015finyan, Avrupa G\u00fcvenlik ve \u0130\u015fbirli\u011fi Te\u015fkilat\u0131 (AG\u0130T) Minsk Grubu&#8217;nda da Karaba\u011f&#8217;\u0131n Azerbaycan&#8217;\u0131n hakimiyeti alt\u0131nda oldu\u011funun kabul edildi\u011fini an\u0131msatt\u0131.<\/p>\n<p>Uluslararas\u0131 toplumun Karaba\u011f i\u00e7in do\u011frudan \u00e7\u00f6z\u00fcm istedi\u011fine dikkati \u00e7eken Pa\u015finyan, d\u00fcnyada yaln\u0131z ya\u015famad\u0131klar\u0131n\u0131, uluslararas\u0131 toplumun \u00e7\u0131karlar\u0131na g\u00f6re hareket etmeleri gerekti\u011fini dile getirdi.<\/p>\n<p>Pa\u015finyan, &#8220;Biz bir devletiz ve kanunla, devlet d\u00fczeniyle zaten bir araday\u0131z. Ermenistan uzun bir s\u00fcre \u00e7at\u0131\u015fma d\u00fczeni i\u00e7inde ya\u015fayamaz. Ekmek, elektrik, yol de\u011fil, devletin yok oldu\u011fu bir duruma d\u00fc\u015febiliriz. Biz Avrupa ve Rusya&#8217;n\u0131n kom\u015fusu de\u011filiz. G\u00fcrcistan, Azerbaycan, T\u00fcrkiye ve \u0130ran&#8217;\u0131n kom\u015fusuyuz. Sorunlar\u0131n \u00e7\u00f6z\u00fcm\u00fcnde \u00f6ncelikle bu konuyu g\u00f6z \u00f6n\u00fcne almak zorunday\u0131z.&#8221; ifadelerini kulland\u0131.<\/p>\n<p>ABD&#8217;nin bar\u0131\u015f g\u00f6r\u00fc\u015fmelerine dair giri\u015fimlerine ili\u015fkin Pa\u015finyan, <strong>ABD<\/strong> D\u0131\u015fi\u015fleri Bakan\u0131 Antony Blinken ile bir\u00e7ok kez telefonda g\u00f6r\u00fc\u015ft\u00fc\u011f\u00fcn\u00fc ve bar\u0131\u015f anla\u015fmas\u0131 i\u00e7in harcad\u0131klar\u0131 \u00e7abay\u0131 takdirle kar\u015f\u0131lad\u0131\u011f\u0131n\u0131 s\u00f6yledi.<\/p>\n<p>Rusya&#8217;n\u0131n s\u00fcre\u00e7teki aktifli\u011finin, Ukrayna konusunun g\u00fcndemde olmas\u0131 nedeniyle bir miktar azald\u0131\u011f\u0131n\u0131 kaydeden Pa\u015finyan, Avrupa Birli\u011fi (AB) ile de durumun ayn\u0131 oldu\u011funu, meselenin Rusya&#8217;n\u0131n veya Bat\u0131&#8217;n\u0131n s\u00fcre\u00e7ten \u00e7\u0131kar\u0131lmas\u0131 olmad\u0131\u011f\u0131n\u0131 ve sonu\u00e7 elde etmek istediklerini vurgulad\u0131.<\/p>\n<p>                            <span class=\"detay-foto-editor\">&#13;<br \/>\n                                <a href=\"https:\/\/www.aa.com.tr\/tr\/p\/abonelik-talep-formu\/1001\" target=\"_blank\" style=\"font-size:12px; color:#444; text-decoration:none;\" rel=\"noopener\">&#13;<br \/>\n                                    Anadolu Ajans\u0131 web sitesinde, AA Haber Ak\u0131\u015f Sistemi (HAS) \u00fczerinden abonelere sunulan haberler, \u00f6zetlenerek yay\u0131mlanmaktad\u0131r. <b style=\"color:#1897F7\">Abonelik i\u00e7in l\u00fctfen ileti\u015fime ge\u00e7iniz.<\/b>&#13;<br \/>\n                                <\/a>&#13;<br \/>\n                            <\/span>\n                        <\/div>\n<p><script>\n\t  window.fbAsyncInit = function() {\n\t\tFB.init({\n\t\t  appId: '1855843514662870',\n\t\t  status : true, \/\/ check login status\n\t\t  cookie : true, \/\/ enable cookies to allow the server to access the session\n\t\t  xfbml  : true  \/\/ parse XFBML\n\t\t});\n\t  };<\/p>\n<p>\t  (function() {\n\t\tvar e = document.createElement('script');\n\t\te.src=\"https:\/\/connect.facebook.net\/tr_TR\/all.js\";\n\t\te.async = true;\n\t\tdocument.getElementById('fb-root').appendChild(e);\n\t  }());\n    <\/script><\/p>\n","protected":false},"excerpt":{"rendered":"<p>Pa\u015finyan, Ermenistan&#8217;\u0131n ba\u015fkenti Erivan&#8217;da d\u00fczenledi\u011fi bas\u0131n toplant\u0131s\u0131nda g\u00fcncel geli\u015fmeleri de\u011ferlendirdi. Azerbaycan&#8217;la bar\u0131\u015f anla\u015fmas\u0131 g\u00f6r\u00fc\u015fmelerinin ve T\u00fcrkiye ile normalle\u015fme s\u00fcrecinin devam etti\u011fini anlatan Pa\u015finyan, Azerbaycan&#8217;la imzalanacak anla\u015fmaya Karaba\u011f ve b\u00f6lgedeki halk\u0131n g\u00fcvenli\u011finin de dahil edilmesini savunduklar\u0131n\u0131 ancak bu konuda net bir karar al\u0131nmad\u0131\u011f\u0131n\u0131 kaydetti. Azerbaycan ile Ermenistan aras\u0131ndaki g\u00f6r\u00fc\u015fmelerin ba\u015far\u0131ya ula\u015fmas\u0131na ihtiya\u00e7 duyduklar\u0131n\u0131 aktaran Pa\u015finyan, iki [&hellip;]<\/p>\n","protected":false},"author":1,"featured_media":10265,"comment_status":"","ping_status":"","sticky":false,"template":"","format":"standard","meta":[],"categories":[1],"tags":[],"_links":{"self":[{"href":"https:\/\/kraios.app\/news\/wp-json\/wp\/v2\/posts\/10264"}],"collection":[{"href":"https:\/\/kraios.app\/news\/wp-json\/wp\/v2\/posts"}],"about":[{"href":"https:\/\/kraios.app\/news\/wp-json\/wp\/v2\/types\/post"}],"author":[{"embeddable":true,"href":"https:\/\/kraios.app\/news\/wp-json\/wp\/v2\/users\/1"}],"replies":[{"embeddable":true,"href":"https:\/\/kraios.app\/news\/wp-json\/wp\/v2\/comments?post=10264"}],"version-history":[{"count":0,"href":"https:\/\/kraios.app\/news\/wp-json\/wp\/v2\/posts\/10264\/revisions"}],"wp:featuredmedia":[{"embeddable":true,"href":"https:\/\/kraios.app\/news\/wp-json\/wp\/v2\/media\/10265"}],"wp:attachment":[{"href":"https:\/\/kraios.app\/news\/wp-json\/wp\/v2\/media?parent=10264"}],"wp:term":[{"taxonomy":"category","embeddable":true,"href":"https:\/\/kraios.app\/news\/wp-json\/wp\/v2\/categories?post=10264"},{"taxonomy":"post_tag","embeddable":true,"href":"https:\/\/kraios.app\/news\/wp-json\/wp\/v2\/tags?post=10264"}],"curies":[{"name":"wp","href":"https:\/\/api.w.org\/{rel}","templated":true}]}}