{"id":10232,"date":"2023-07-25T11:43:43","date_gmt":"2023-07-25T11:43:43","guid":{"rendered":"https:\/\/kraios.app\/news\/siyaset\/2023\/07\/25\/cumhurbaskani-yardimcisi-yilmazdan-korfez-ulkeleriyle-yapilan-anlasmalara-iliskin-aciklama\/"},"modified":"2023-07-25T11:43:43","modified_gmt":"2023-07-25T11:43:43","slug":"cumhurbaskani-yardimcisi-yilmazdan-korfez-ulkeleriyle-yapilan-anlasmalara-iliskin-aciklama","status":"publish","type":"post","link":"https:\/\/kraios.app\/news\/siyaset\/2023\/07\/25\/cumhurbaskani-yardimcisi-yilmazdan-korfez-ulkeleriyle-yapilan-anlasmalara-iliskin-aciklama\/","title":{"rendered":"Cumhurba\u015fkan\u0131 Yard\u0131mc\u0131s\u0131 Y\u0131lmaz&#8217;dan K\u00f6rfez \u00fclkeleriyle yap\u0131lan anla\u015fmalara ili\u015fkin a\u00e7\u0131klama"},"content":{"rendered":"<p><\/p>\n<div>\n<p>Y\u0131lmaz, Cumhurba\u015fkanl\u0131\u011f\u0131 K\u00fclliyesi&#8217;nde ger\u00e7ekle\u015fen Kabine Toplant\u0131s\u0131 sonras\u0131 gazetecilerin sorular\u0131n\u0131 yan\u0131tlad\u0131.<\/p>\n<p>Birle\u015fik Arap Emirlikleri, Katar ve Suudi Arabistan ziyaretlerinin ard\u0131ndan di\u011fer K\u00f6rfez \u00fclkelerine de bir ziyaretin ger\u00e7ekle\u015fme ihtimaline ili\u015fkin soruya Y\u0131lmaz, &#8220;K\u00f6rfez&#8217;den cidden iyi neticeler \u00e7\u0131kt\u0131. Altyap\u0131s\u0131 haz\u0131rlanm\u0131\u015f, belli bir olgunlu\u011fa getirilmi\u015f konular, Say\u0131n Cumhurba\u015fkan\u0131m\u0131z\u0131n ziyaretiyle sonuca ula\u015fm\u0131\u015f oldu. Dolay\u0131s\u0131yla ayn\u0131 anlay\u0131\u015fla ba\u015fka \u00fclkeler de olabilir tabii.&#8221; yan\u0131t\u0131n\u0131 verdi.<\/p>\n<p>Y\u0131lmaz, K\u00f6rfez \u00fclkeleriyle yap\u0131lan anla\u015fmalar \u00e7er\u00e7evesinde proje bazl\u0131 do\u011frudan yat\u0131r\u0131mlar\u0131n a\u011f\u0131rl\u0131kl\u0131 oldu\u011funu bildirerek, \u00f6zellikle yenilenebilir enerjiye yat\u0131r\u0131m yap\u0131laca\u011f\u0131n\u0131 ve bakanlar\u0131n kendi sekt\u00f6rlerindeki projeleri muhataplar\u0131yla \u00e7al\u0131\u015faca\u011f\u0131n\u0131 belirtti.<\/p>\n<p>Bir gazetecinin &#8220;Alsancak Liman\u0131&#8217;n\u0131n sat\u0131\u015f\u0131 \u00e7ok konu\u015fuldu, sosyal medyada \u00e7ok yer buldu&#8221; ifadeleri \u00fczerine Y\u0131lmaz, &#8220;Bu t\u00fcr \u015feylere girmeyi do\u011fru bulmuyorum. Her bakan\u0131m\u0131z kendi alan\u0131yla ilgili \u00e7al\u0131\u015f\u0131yor, \u00e7ok geni\u015f bir yelpaze bu. Sonu\u00e7ta kazan kazan ili\u015fkisi diyelim. T\u00fcrkiye&#8217;ye gelip yat\u0131r\u0131m yapacaklar. A\u011f\u0131rl\u0131kl\u0131 k\u0131sm\u0131 FDI dedi\u011fimiz do\u011frudan yat\u0131r\u0131m.&#8221; diye konu\u015ftu.<\/p>\n<p>Cumhurba\u015fkan\u0131 Yard\u0131mc\u0131s\u0131 Y\u0131lmaz, bu kapsamda bir takvimin bulunup bulunmad\u0131\u011f\u0131na y\u00f6nelik soruyu, \u015f\u00f6yle yan\u0131tlad\u0131:<\/p>\n<p>&#8220;De\u011fi\u015fik a\u015famada olan konular var. Bir k\u0131sm\u0131 hemen sonu\u00e7lanacak. Bir k\u0131sm\u0131 zaman istiyor. Mesela ihracat finansman\u0131 diyelim, o \u00e7ok kolay. Veya deprem tahvili hemen olabilecek \u015feyler. Bir de baz\u0131 projelerde, \u00f6teden beri m\u00fczakereyle olgunla\u015fm\u0131\u015f, belli bir seviyeye gelmi\u015f i\u015fler daha h\u0131zl\u0131 devreye girecek. \u00dczerinde \u00e7al\u0131\u015f\u0131lmas\u0131 gereken hususlar da zaman i\u00e7inde olgunla\u015ft\u0131r\u0131lacak ve hayata ge\u00e7irilecek.&#8221;<\/p>\n<p>Y\u0131lmaz, &#8220;K\u00f6rfez&#8217;den gelen kaynak nas\u0131l y\u00f6nlendirilecek?&#8221; sorusuna, &#8220;Bu kaynak \u00f6zellikle ihracat\u00e7\u0131lar\u0131m\u0131z\u0131 rahatlatacak, ihracat finansman\u0131 k\u0131sm\u0131, en \u00f6nemli meselelerimizden biri ihracat\u0131, turizmi her t\u00fcrl\u00fc d\u00f6viz kazand\u0131r\u0131c\u0131 faaliyeti te\u015fvik etmek, desteklemek. Bu a\u00e7\u0131dan \u00e7ok \u00f6nemli bir inisiyatif.&#8221; yan\u0131t\u0131n\u0131 verdi.<\/p>\n<p>                            <span class=\"detay-foto-editor\">&#13;<br \/>\n                                <a href=\"https:\/\/www.aa.com.tr\/tr\/p\/abonelik-talep-formu\/1001\" target=\"_blank\" style=\"font-size:12px; color:#444; text-decoration:none;\" rel=\"noopener\">&#13;<br \/>\n                                    Anadolu Ajans\u0131 web sitesinde, AA Haber Ak\u0131\u015f Sistemi (HAS) \u00fczerinden abonelere sunulan haberler, \u00f6zetlenerek yay\u0131mlanmaktad\u0131r. <b style=\"color:#1897F7\">Abonelik i\u00e7in l\u00fctfen ileti\u015fime ge\u00e7iniz.<\/b>&#13;<br \/>\n                                <\/a>&#13;<br \/>\n                            <\/span>\n                        <\/div>\n<p><script>\n\t  window.fbAsyncInit = function() {\n\t\tFB.init({\n\t\t  appId: '1855843514662870',\n\t\t  status : true, \/\/ check login status\n\t\t  cookie : true, \/\/ enable cookies to allow the server to access the session\n\t\t  xfbml  : true  \/\/ parse XFBML\n\t\t});\n\t  };<\/p>\n<p>\t  (function() {\n\t\tvar e = document.createElement('script');\n\t\te.src=\"https:\/\/connect.facebook.net\/tr_TR\/all.js\";\n\t\te.async = true;\n\t\tdocument.getElementById('fb-root').appendChild(e);\n\t  }());\n    <\/script><\/p>\n","protected":false},"excerpt":{"rendered":"<p>Y\u0131lmaz, Cumhurba\u015fkanl\u0131\u011f\u0131 K\u00fclliyesi&#8217;nde ger\u00e7ekle\u015fen Kabine Toplant\u0131s\u0131 sonras\u0131 gazetecilerin sorular\u0131n\u0131 yan\u0131tlad\u0131. Birle\u015fik Arap Emirlikleri, Katar ve Suudi Arabistan ziyaretlerinin ard\u0131ndan di\u011fer K\u00f6rfez \u00fclkelerine de bir ziyaretin ger\u00e7ekle\u015fme ihtimaline ili\u015fkin soruya Y\u0131lmaz, &#8220;K\u00f6rfez&#8217;den cidden iyi neticeler \u00e7\u0131kt\u0131. Altyap\u0131s\u0131 haz\u0131rlanm\u0131\u015f, belli bir olgunlu\u011fa getirilmi\u015f konular, Say\u0131n Cumhurba\u015fkan\u0131m\u0131z\u0131n ziyaretiyle sonuca ula\u015fm\u0131\u015f oldu. Dolay\u0131s\u0131yla ayn\u0131 anlay\u0131\u015fla ba\u015fka \u00fclkeler de olabilir [&hellip;]<\/p>\n","protected":false},"author":1,"featured_media":10233,"comment_status":"","ping_status":"","sticky":false,"template":"","format":"standard","meta":[],"categories":[47],"tags":[],"_links":{"self":[{"href":"https:\/\/kraios.app\/news\/wp-json\/wp\/v2\/posts\/10232"}],"collection":[{"href":"https:\/\/kraios.app\/news\/wp-json\/wp\/v2\/posts"}],"about":[{"href":"https:\/\/kraios.app\/news\/wp-json\/wp\/v2\/types\/post"}],"author":[{"embeddable":true,"href":"https:\/\/kraios.app\/news\/wp-json\/wp\/v2\/users\/1"}],"replies":[{"embeddable":true,"href":"https:\/\/kraios.app\/news\/wp-json\/wp\/v2\/comments?post=10232"}],"version-history":[{"count":0,"href":"https:\/\/kraios.app\/news\/wp-json\/wp\/v2\/posts\/10232\/revisions"}],"wp:featuredmedia":[{"embeddable":true,"href":"https:\/\/kraios.app\/news\/wp-json\/wp\/v2\/media\/10233"}],"wp:attachment":[{"href":"https:\/\/kraios.app\/news\/wp-json\/wp\/v2\/media?parent=10232"}],"wp:term":[{"taxonomy":"category","embeddable":true,"href":"https:\/\/kraios.app\/news\/wp-json\/wp\/v2\/categories?post=10232"},{"taxonomy":"post_tag","embeddable":true,"href":"https:\/\/kraios.app\/news\/wp-json\/wp\/v2\/tags?post=10232"}],"curies":[{"name":"wp","href":"https:\/\/api.w.org\/{rel}","templated":true}]}}