{"id":10220,"date":"2023-07-25T08:20:04","date_gmt":"2023-07-25T08:20:04","guid":{"rendered":"https:\/\/kraios.app\/news\/gundem\/2023\/07\/25\/galatasaray-yeni-transferi-bakambuyu-uefa-kadrosuna-ekledi\/"},"modified":"2023-07-25T08:20:04","modified_gmt":"2023-07-25T08:20:04","slug":"galatasaray-yeni-transferi-bakambuyu-uefa-kadrosuna-ekledi","status":"publish","type":"post","link":"https:\/\/kraios.app\/news\/gundem\/2023\/07\/25\/galatasaray-yeni-transferi-bakambuyu-uefa-kadrosuna-ekledi\/","title":{"rendered":"Galatasaray, yeni transferi Bakambu&#039;yu UEFA kadrosuna ekledi"},"content":{"rendered":"<p>UEFA \u015eampiyonlar Ligi 2. eleme turu ilk ma\u00e7\u0131nda bug\u00fcn Litvanya ekibi Zalgiris ile deplasmanda kar\u015f\u0131la\u015facak Galatasaray, yeni transferi Cedric Bakambu&#8217;yu kadroya dahil etti.<\/p>\n","protected":false},"excerpt":{"rendered":"<p>UEFA \u015eampiyonlar Ligi 2. eleme turu ilk ma\u00e7\u0131nda bug\u00fcn Litvanya ekibi Zalgiris ile deplasmanda kar\u015f\u0131la\u015facak Galatasaray, yeni transferi Cedric Bakambu&#8217;yu kadroya dahil etti.<\/p>\n","protected":false},"author":1,"featured_media":10221,"comment_status":"","ping_status":"","sticky":false,"template":"","format":"standard","meta":[],"categories":[1],"tags":[],"_links":{"self":[{"href":"https:\/\/kraios.app\/news\/wp-json\/wp\/v2\/posts\/10220"}],"collection":[{"href":"https:\/\/kraios.app\/news\/wp-json\/wp\/v2\/posts"}],"about":[{"href":"https:\/\/kraios.app\/news\/wp-json\/wp\/v2\/types\/post"}],"author":[{"embeddable":true,"href":"https:\/\/kraios.app\/news\/wp-json\/wp\/v2\/users\/1"}],"replies":[{"embeddable":true,"href":"https:\/\/kraios.app\/news\/wp-json\/wp\/v2\/comments?post=10220"}],"version-history":[{"count":0,"href":"https:\/\/kraios.app\/news\/wp-json\/wp\/v2\/posts\/10220\/revisions"}],"wp:featuredmedia":[{"embeddable":true,"href":"https:\/\/kraios.app\/news\/wp-json\/wp\/v2\/media\/10221"}],"wp:attachment":[{"href":"https:\/\/kraios.app\/news\/wp-json\/wp\/v2\/media?parent=10220"}],"wp:term":[{"taxonomy":"category","embeddable":true,"href":"https:\/\/kraios.app\/news\/wp-json\/wp\/v2\/categories?post=10220"},{"taxonomy":"post_tag","embeddable":true,"href":"https:\/\/kraios.app\/news\/wp-json\/wp\/v2\/tags?post=10220"}],"curies":[{"name":"wp","href":"https:\/\/api.w.org\/{rel}","templated":true}]}}