{"id":10187,"date":"2023-07-25T02:49:12","date_gmt":"2023-07-25T02:49:12","guid":{"rendered":"https:\/\/kraios.app\/news\/gundem\/2023\/07\/25\/merkez-bankasindan-secici-kredi-ve-miktarsal-sikilastirma-adimlari-2\/"},"modified":"2023-07-25T02:49:12","modified_gmt":"2023-07-25T02:49:12","slug":"merkez-bankasindan-secici-kredi-ve-miktarsal-sikilastirma-adimlari-2","status":"publish","type":"post","link":"https:\/\/kraios.app\/news\/gundem\/2023\/07\/25\/merkez-bankasindan-secici-kredi-ve-miktarsal-sikilastirma-adimlari-2\/","title":{"rendered":"Merkez Bankas\u0131&#8217;ndan se\u00e7ici kredi ve miktarsal s\u0131k\u0131la\u015ft\u0131rma ad\u0131mlar\u0131"},"content":{"rendered":"<p><\/p>\n<div>\n<p>Buna g\u00f6re, ihracat ve yat\u0131r\u0131m kredileri ile deprem b\u00f6lgesine y\u00f6nelik krediler, Merkez Bankas\u0131&#8217;n\u0131n kredileri s\u0131n\u0131rland\u0131r\u0131c\u0131 t\u00fcm tedbirlerinin d\u0131\u015f\u0131nda tutuldu.<\/p>\n<p>S\u0131k\u0131la\u015fma s\u00fcrecini destekleyen ad\u0131mlar\u0131 tamamlay\u0131c\u0131 olarak, kredi b\u00fcy\u00fcmesine g\u00f6re menkul k\u0131ymet tesisi kapsam\u0131nda y\u00fczde 3 olan TL ticari krediler i\u00e7in ayl\u0131k b\u00fcy\u00fcme s\u0131n\u0131r\u0131n\u0131n y\u00fczde 2,5 olarak belirlenmesine karar verildi.<\/p>\n<p>\u0130hracat, yat\u0131r\u0131m, tar\u0131m ve esnaf kredileri, bu s\u0131n\u0131rland\u0131rman\u0131n d\u0131\u015f\u0131nda tutuldu.<\/p>\n<p>Piyasa mekanizmas\u0131n\u0131n i\u015flevselli\u011fini art\u0131rmak i\u00e7in faiz oran\u0131na g\u00f6re menkul k\u0131ymet tesisi uygulamas\u0131 sadele\u015ftirildi. Buna g\u00f6re, ihracat ve yat\u0131r\u0131m kredileri hari\u00e7 TL ticari kredilerde birinci kademe kald\u0131r\u0131larak faiz s\u0131n\u0131r\u0131 tek kademe olarak uygulanacak.<\/p>\n<h3>\u0130htiya\u00e7 kredilerinde de\u011fi\u015fikli\u011fe gidilmedi<\/h3>\n<p>Finansal kaynaklar\u0131n verimli kullan\u0131m\u0131n\u0131n desteklenmesi amac\u0131yla ta\u015f\u0131t kredilerinde y\u00fczde 3 olan b\u00fcy\u00fcme s\u0131n\u0131r\u0131n\u0131n y\u00fczde 2 olarak belirlenmesine, ihtiya\u00e7 kredilerinde ise de\u011fi\u015fikli\u011fe gidilmeyerek y\u00fczde 3 s\u0131n\u0131r\u0131n\u0131n korunmas\u0131na karar verildi.<\/p>\n<h3>Enflasyon kontrol\u00fc ve i\u00e7 talebin dengelenmesine y\u00f6nelik kararlar y\u00fcr\u00fcrl\u00fckte<\/h3>\n<p>Ayr\u0131ca, enflasyonun kontrol\u00fc ve i\u00e7 talebin dengelenmesi kapsam\u0131nda kredi kart\u0131 nakit kullan\u0131mlar\u0131na ve kredili mevduat hesaplar\u0131na uygulanan ayl\u0131k azami faiz oran\u0131 y\u00fczde 2,89&#8217;a y\u00fckseltildi.<\/p>\n<p>S\u00f6z konusu oran, 25 Temmuz&#8217;da Merkez Bankas\u0131&#8217;n\u0131n resmi internet sitesinde yay\u0131mlanarak 1 A\u011fustos 2023&#8217;ten itibaren ge\u00e7erli olacak.<\/p>\n<h3>\u0130hracat\u00e7\u0131lar\u0131n finansmana eri\u015fimi kolayla\u015ft\u0131r\u0131larak ihracat deste\u011fi art\u0131r\u0131ld\u0131<\/h3>\n<p>Merkez Bankas\u0131, ayr\u0131ca, ihracat\u00e7\u0131lar\u0131n finansmana eri\u015fimini desteklemek ve ihracat deste\u011fini art\u0131rmak amac\u0131yla ald\u0131\u011f\u0131 kararlar\u0131 da duyurdu.<\/p>\n<p>Buna g\u00f6re, reeskont kredilerinin g\u00fcnl\u00fck limiti 1,5 milyar TL&#8217;ye y\u00fckseltildi.<\/p>\n<p>Reeskont kredilerinde KOB\u0130 pay\u0131n\u0131n art\u0131r\u0131lmas\u0131na ve kulland\u0131r\u0131mlarda ihracat art\u0131\u015f performans\u0131n\u0131n dikkate al\u0131nmas\u0131na karar verildi.<\/p>\n<p>Sadele\u015fme s\u00fcreci kapsam\u0131nda reeskont kredilerine eri\u015fim \u015fartlar\u0131 kolayla\u015ft\u0131r\u0131ld\u0131. Reeskont kredisi kullan\u0131m\u0131nda y\u00fczde 30 ilave ihracat bedeli sat\u0131\u015f ko\u015fulu kald\u0131r\u0131ld\u0131.<\/p>\n<p>Reeskont kredi vadesi boyunca verilen d\u00f6viz almama taahh\u00fcd\u00fcnden, ithalat \u00f6demeleri kapsam\u0131ndaki d\u00f6viz al\u0131mlar\u0131 istisna tutuldu.<\/p>\n<p>                            <span class=\"detay-foto-editor\">&#13;<br \/>\n                                <a href=\"https:\/\/www.aa.com.tr\/tr\/p\/abonelik-talep-formu\/1001\" target=\"_blank\" style=\"font-size:12px; color:#444; text-decoration:none;\" rel=\"noopener\">&#13;<br \/>\n                                    Anadolu Ajans\u0131 web sitesinde, AA Haber Ak\u0131\u015f Sistemi (HAS) \u00fczerinden abonelere sunulan haberler, \u00f6zetlenerek yay\u0131mlanmaktad\u0131r. <b style=\"color:#1897F7\">Abonelik i\u00e7in l\u00fctfen ileti\u015fime ge\u00e7iniz.<\/b>&#13;<br \/>\n                                <\/a>&#13;<br \/>\n                            <\/span>\n                        <\/div>\n<p><script>\n\t  window.fbAsyncInit = function() {\n\t\tFB.init({\n\t\t  appId: '1855843514662870',\n\t\t  status : true, \/\/ check login status\n\t\t  cookie : true, \/\/ enable cookies to allow the server to access the session\n\t\t  xfbml  : true  \/\/ parse XFBML\n\t\t});\n\t  };<\/p>\n<p>\t  (function() {\n\t\tvar e = document.createElement('script');\n\t\te.src=\"https:\/\/connect.facebook.net\/tr_TR\/all.js\";\n\t\te.async = true;\n\t\tdocument.getElementById('fb-root').appendChild(e);\n\t  }());\n    <\/script><\/p>\n","protected":false},"excerpt":{"rendered":"<p>Buna g\u00f6re, ihracat ve yat\u0131r\u0131m kredileri ile deprem b\u00f6lgesine y\u00f6nelik krediler, Merkez Bankas\u0131&#8217;n\u0131n kredileri s\u0131n\u0131rland\u0131r\u0131c\u0131 t\u00fcm tedbirlerinin d\u0131\u015f\u0131nda tutuldu. S\u0131k\u0131la\u015fma s\u00fcrecini destekleyen ad\u0131mlar\u0131 tamamlay\u0131c\u0131 olarak, kredi b\u00fcy\u00fcmesine g\u00f6re menkul k\u0131ymet tesisi kapsam\u0131nda y\u00fczde 3 olan TL ticari krediler i\u00e7in ayl\u0131k b\u00fcy\u00fcme s\u0131n\u0131r\u0131n\u0131n y\u00fczde 2,5 olarak belirlenmesine karar verildi. \u0130hracat, yat\u0131r\u0131m, tar\u0131m ve esnaf kredileri, bu [&hellip;]<\/p>\n","protected":false},"author":1,"featured_media":10172,"comment_status":"","ping_status":"","sticky":false,"template":"","format":"standard","meta":[],"categories":[1],"tags":[],"_links":{"self":[{"href":"https:\/\/kraios.app\/news\/wp-json\/wp\/v2\/posts\/10187"}],"collection":[{"href":"https:\/\/kraios.app\/news\/wp-json\/wp\/v2\/posts"}],"about":[{"href":"https:\/\/kraios.app\/news\/wp-json\/wp\/v2\/types\/post"}],"author":[{"embeddable":true,"href":"https:\/\/kraios.app\/news\/wp-json\/wp\/v2\/users\/1"}],"replies":[{"embeddable":true,"href":"https:\/\/kraios.app\/news\/wp-json\/wp\/v2\/comments?post=10187"}],"version-history":[{"count":0,"href":"https:\/\/kraios.app\/news\/wp-json\/wp\/v2\/posts\/10187\/revisions"}],"wp:featuredmedia":[{"embeddable":true,"href":"https:\/\/kraios.app\/news\/wp-json\/wp\/v2\/media\/10172"}],"wp:attachment":[{"href":"https:\/\/kraios.app\/news\/wp-json\/wp\/v2\/media?parent=10187"}],"wp:term":[{"taxonomy":"category","embeddable":true,"href":"https:\/\/kraios.app\/news\/wp-json\/wp\/v2\/categories?post=10187"},{"taxonomy":"post_tag","embeddable":true,"href":"https:\/\/kraios.app\/news\/wp-json\/wp\/v2\/tags?post=10187"}],"curies":[{"name":"wp","href":"https:\/\/api.w.org\/{rel}","templated":true}]}}