{"id":10175,"date":"2023-07-25T01:24:27","date_gmt":"2023-07-25T01:24:27","guid":{"rendered":"https:\/\/kraios.app\/news\/gundem\/2023\/07\/25\/israilin-guneyinde-yargi-duzenlemesi-karsiti-ve-destekcisi-gruplar-karsilasinca-havaya-ates-acildi\/"},"modified":"2023-07-25T01:24:27","modified_gmt":"2023-07-25T01:24:27","slug":"israilin-guneyinde-yargi-duzenlemesi-karsiti-ve-destekcisi-gruplar-karsilasinca-havaya-ates-acildi","status":"publish","type":"post","link":"https:\/\/kraios.app\/news\/gundem\/2023\/07\/25\/israilin-guneyinde-yargi-duzenlemesi-karsiti-ve-destekcisi-gruplar-karsilasinca-havaya-ates-acildi\/","title":{"rendered":"\u0130srail&#8217;in g\u00fcneyinde yarg\u0131 d\u00fczenlemesi kar\u015f\u0131t\u0131 ve destek\u00e7isi gruplar kar\u015f\u0131la\u015f\u0131nca havaya ate\u015f a\u00e7\u0131ld\u0131"},"content":{"rendered":"<p><\/p>\n<div>\n<p>\u0130srail polisinden yap\u0131lan a\u00e7\u0131klamaya g\u00f6re, \u0130srail&#8217;in g\u00fcneyindeki Necef b\u00f6lgesinde bir yerle\u015fim yeri yak\u0131n\u0131nda b\u00f6lge sakinleri aras\u0131nda yarg\u0131 d\u00fczenlemesi destek\u00e7isi ve kar\u015f\u0131t gruplar aras\u0131nda olay \u00e7\u0131kt\u0131 ve yerle\u015fim yeri yerle\u015fim yerinin g\u00fcvenlik g\u00f6revlisi silah\u0131n\u0131 havaya ate\u015f etti.<\/p>\n<p>Polisin olay yerine geldi\u011fi ve 7 ki\u015fiyi g\u00f6zalt\u0131na ald\u0131\u011f\u0131 payla\u015f\u0131ld\u0131.<\/p>\n<p>\u0130srail bas\u0131n\u0131ndaki habere g\u00f6re, yarg\u0131 d\u00fczenlemesine kar\u015f\u0131 \u00e7\u0131kan bir grup g\u00f6stericinin b\u00f6lgedeki yolu kapatt\u0131\u011f\u0131 belirtildi.<\/p>\n<p>\u0130srail Meclisinin, Y\u00fcksek Mahkeme&#8217;nin h\u00fck\u00fcmet \u00fczerindeki denetimini kald\u0131racak tart\u0131\u015fmal\u0131 yasa tasar\u0131s\u0131n\u0131 onaylamas\u0131n\u0131n ard\u0131ndan \u00fclke genelinde sivil itaatsizlik eylemleri ve protestolar devam ediyor.<\/p>\n<p>H\u00fck\u00fcmetin yarg\u0131 d\u00fczenlemesi kar\u015f\u0131t\u0131 g\u00f6sterilerinin odak noktas\u0131 haline gelen ba\u015fkent Tel Aviv&#8217;in Kaplan Caddesi \u00f6n\u00fcnde on binler topland\u0131.<\/p>\n<p>Ba\u015fkent Tel Aviv&#8217;in ana arteri Ayalon Otoyolu&#8217;nu kapatan y\u00fczlerce g\u00f6sterici slogan att\u0131, d\u00fcd\u00fck \u00e7ald\u0131 ve ate\u015f yakt\u0131. \u0130srail polisi, atl\u0131 birlikler, TOMA ve g\u00fc\u00e7 kullanarak saatlerce kapal\u0131 kalan yoldaki g\u00f6stericilere m\u00fcdahale etti.<\/p>\n<p>\u0130srail Meclisi \u00e7evresinde cumartesiden beri devam eden g\u00f6sterilere yasan\u0131n onaylanmas\u0131n\u0131n ard\u0131ndan kat\u0131l\u0131m artt\u0131. \u0130srail polisi, Meclis binas\u0131 yak\u0131n\u0131ndaki g\u00f6sterileri TOMA, atl\u0131 birlikler ve g\u00fc\u00e7 kullanarak da\u011f\u0131tmaya \u00e7al\u0131\u015ft\u0131.<\/p>\n<p>\u0130ki noktada da sa\u011fl\u0131k ekipleri yaral\u0131lara m\u00fcdahale etti.<\/p>\n<p>Tel Aviv Ayalon Otoyolu&#8217;nda 15 \u00fclke genelinde en az 50 ki\u015finin g\u00f6zalt\u0131na al\u0131nd\u0131\u011f\u0131 bildirildi<\/p>\n<h3>\u0130srailli \u015fof\u00f6r yolu kapatan protestocular\u0131n \u00fczerine s\u00fcrd\u00fc<\/h3>\n<p>Netanyahu kar\u015f\u0131t\u0131 protesto hareketi, \u00fclkenin kuzeydeki 531 numaral\u0131 otoyolda bir \u0130srailli \u015fof\u00f6r\u00fcn protesto i\u00e7in otoyolu kapatan g\u00f6stericilerin \u00fczerine arac\u0131n\u0131 s\u00fcrmesinin &#8220;ter\u00f6r sald\u0131r\u0131s\u0131 olarak de\u011ferlendirilmesi&#8221; \u00e7a\u011fr\u0131s\u0131 yapt\u0131.<\/p>\n<p>\u0130srail polisinin a\u00e7\u0131klamas\u0131na g\u00f6re, olayda 3 ki\u015fi yaralanm\u0131\u015f, arac\u0131n \u015fof\u00f6r\u00fcn\u00fc g\u00f6zalt\u0131na al\u0131nm\u0131\u015ft\u0131.<\/p>\n<p>Sosyal medyada da bir arac\u0131n otoyolu kapatan ki\u015filerin \u00fczerine do\u011fru gitti\u011fi g\u00f6r\u00fcnt\u00fcler payla\u015f\u0131lm\u0131\u015ft\u0131.<\/p>\n<h3>Tart\u0131\u015fmal\u0131 yarg\u0131 d\u00fczenlemesi<\/h3>\n<p>\u0130srail Adalet Bakan\u0131 Yariv Levin&#8217;in 5 Ocak&#8217;ta duyurdu\u011fu &#8220;yarg\u0131 reformu&#8221; Y\u00fcksek Mahkeme&#8217;nin yetkilerini s\u0131n\u0131rland\u0131rma ve iktidar\u0131n yarg\u0131 atamalar\u0131nda s\u00f6z sahibi olmas\u0131 gibi \u00e7e\u015fitli yasa tasar\u0131lar\u0131 i\u00e7eriyor.<\/p>\n<p>Ba\u015fbakan Netanyahu, 27 Mart&#8217;ta, \u00fclke \u00e7ap\u0131nda giderek artan kitlesel protestolara ve grevlere neden olan yarg\u0131 d\u00fczenlemesini erteledi\u011fini a\u00e7\u0131klam\u0131\u015f ancak 2023-2024 b\u00fct\u00e7esinin may\u0131s sonunda Meclisten ge\u00e7mesinin ard\u0131ndan yarg\u0131 d\u00fczenlemesini tekrar g\u00fcndeme getireceklerini duyurmu\u015ftu.<\/p>\n<p>H\u00fck\u00fcmet, muhalefetle m\u00fczakerelerin t\u0131kanmas\u0131n\u0131n ard\u0131ndan yak\u0131n zamanda yarg\u0131 d\u00fczenlemesi i\u00e7in yeniden d\u00fc\u011fmeye basm\u0131\u015ft\u0131.<\/p>\n<p>Tart\u0131\u015fmal\u0131 yarg\u0131 d\u00fczenlemesi kapsam\u0131nda Y\u00fcksek Mahkeme&#8217;nin h\u00fck\u00fcmet \u00fczerindeki denetimini kald\u0131racak yasa tasar\u0131s\u0131, siyasi ve toplumsal muhalefetin t\u00fcm tepkilerine ra\u011fmen bug\u00fcn Mecliste kabul edilmi\u015fti.<\/p>\n<p>\u0130srail&#8217;de 10 binlerce yedek asker h\u00fck\u00fcmetin yarg\u0131 d\u00fczenlemesini protesto i\u00e7in g\u00f6n\u00fcll\u00fc ordu g\u00f6revini b\u0131rakacaklar\u0131n\u0131 a\u00e7\u0131klam\u0131\u015ft\u0131.<\/p>\n<p>\u0130srail&#8217;de siyaset, ordu, g\u00fcvenlik, ekonomi ve yarg\u0131da \u00fcst d\u00fczey g\u00f6revlerde bulunmu\u015f isimler, h\u00fck\u00fcmetin yarg\u0131 d\u00fczenlemesine kar\u015f\u0131 olduklar\u0131n\u0131 a\u00e7\u0131klam\u0131\u015ft\u0131.<\/p>\n<p>\u0130srail&#8217;de Netanyahu h\u00fck\u00fcmetinin yarg\u0131 d\u00fczenlemesi kar\u015f\u0131t\u0131 protestolar\u0131 7 ayd\u0131r devam ediyor.<\/p>\n<p>                            <span class=\"detay-foto-editor\">&#13;<br \/>\n                                <a href=\"https:\/\/www.aa.com.tr\/tr\/p\/abonelik-talep-formu\/1001\" target=\"_blank\" style=\"font-size:12px; color:#444; text-decoration:none;\" rel=\"noopener\">&#13;<br \/>\n                                    Anadolu Ajans\u0131 web sitesinde, AA Haber Ak\u0131\u015f Sistemi (HAS) \u00fczerinden abonelere sunulan haberler, \u00f6zetlenerek yay\u0131mlanmaktad\u0131r. <b style=\"color:#1897F7\">Abonelik i\u00e7in l\u00fctfen ileti\u015fime ge\u00e7iniz.<\/b>&#13;<br \/>\n                                <\/a>&#13;<br \/>\n                            <\/span>\n                        <\/div>\n<p><script>\n\t  window.fbAsyncInit = function() {\n\t\tFB.init({\n\t\t  appId: '1855843514662870',\n\t\t  status : true, \/\/ check login status\n\t\t  cookie : true, \/\/ enable cookies to allow the server to access the session\n\t\t  xfbml  : true  \/\/ parse XFBML\n\t\t});\n\t  };<\/p>\n<p>\t  (function() {\n\t\tvar e = document.createElement('script');\n\t\te.src=\"https:\/\/connect.facebook.net\/tr_TR\/all.js\";\n\t\te.async = true;\n\t\tdocument.getElementById('fb-root').appendChild(e);\n\t  }());\n    <\/script><\/p>\n","protected":false},"excerpt":{"rendered":"<p>\u0130srail polisinden yap\u0131lan a\u00e7\u0131klamaya g\u00f6re, \u0130srail&#8217;in g\u00fcneyindeki Necef b\u00f6lgesinde bir yerle\u015fim yeri yak\u0131n\u0131nda b\u00f6lge sakinleri aras\u0131nda yarg\u0131 d\u00fczenlemesi destek\u00e7isi ve kar\u015f\u0131t gruplar aras\u0131nda olay \u00e7\u0131kt\u0131 ve yerle\u015fim yeri yerle\u015fim yerinin g\u00fcvenlik g\u00f6revlisi silah\u0131n\u0131 havaya ate\u015f etti. Polisin olay yerine geldi\u011fi ve 7 ki\u015fiyi g\u00f6zalt\u0131na ald\u0131\u011f\u0131 payla\u015f\u0131ld\u0131. \u0130srail bas\u0131n\u0131ndaki habere g\u00f6re, yarg\u0131 d\u00fczenlemesine kar\u015f\u0131 \u00e7\u0131kan bir [&hellip;]<\/p>\n","protected":false},"author":1,"featured_media":10176,"comment_status":"","ping_status":"","sticky":false,"template":"","format":"standard","meta":[],"categories":[1],"tags":[],"_links":{"self":[{"href":"https:\/\/kraios.app\/news\/wp-json\/wp\/v2\/posts\/10175"}],"collection":[{"href":"https:\/\/kraios.app\/news\/wp-json\/wp\/v2\/posts"}],"about":[{"href":"https:\/\/kraios.app\/news\/wp-json\/wp\/v2\/types\/post"}],"author":[{"embeddable":true,"href":"https:\/\/kraios.app\/news\/wp-json\/wp\/v2\/users\/1"}],"replies":[{"embeddable":true,"href":"https:\/\/kraios.app\/news\/wp-json\/wp\/v2\/comments?post=10175"}],"version-history":[{"count":0,"href":"https:\/\/kraios.app\/news\/wp-json\/wp\/v2\/posts\/10175\/revisions"}],"wp:featuredmedia":[{"embeddable":true,"href":"https:\/\/kraios.app\/news\/wp-json\/wp\/v2\/media\/10176"}],"wp:attachment":[{"href":"https:\/\/kraios.app\/news\/wp-json\/wp\/v2\/media?parent=10175"}],"wp:term":[{"taxonomy":"category","embeddable":true,"href":"https:\/\/kraios.app\/news\/wp-json\/wp\/v2\/categories?post=10175"},{"taxonomy":"post_tag","embeddable":true,"href":"https:\/\/kraios.app\/news\/wp-json\/wp\/v2\/tags?post=10175"}],"curies":[{"name":"wp","href":"https:\/\/api.w.org\/{rel}","templated":true}]}}