{"id":10163,"date":"2023-07-24T21:20:04","date_gmt":"2023-07-24T21:20:04","guid":{"rendered":"https:\/\/kraios.app\/news\/gundem\/2023\/07\/24\/abd-putin-ile-erdoganin-tahil-anlasmasina-iliskin-olumlu-sonuca-varacagindan-umutlu\/"},"modified":"2023-07-24T21:20:04","modified_gmt":"2023-07-24T21:20:04","slug":"abd-putin-ile-erdoganin-tahil-anlasmasina-iliskin-olumlu-sonuca-varacagindan-umutlu","status":"publish","type":"post","link":"https:\/\/kraios.app\/news\/gundem\/2023\/07\/24\/abd-putin-ile-erdoganin-tahil-anlasmasina-iliskin-olumlu-sonuca-varacagindan-umutlu\/","title":{"rendered":"ABD, Putin ile Erdo\u011fan&#8217;\u0131n tah\u0131l anla\u015fmas\u0131na ili\u015fkin olumlu sonuca varaca\u011f\u0131ndan umutlu"},"content":{"rendered":"<p><\/p>\n<div>\n<p>D\u0131\u015fi\u015fleri Bakanl\u0131\u011f\u0131 S\u00f6zc\u00fcs\u00fc Matthew Miller, g\u00fcnl\u00fck bas\u0131n toplant\u0131s\u0131nda bas\u0131n mensuplar\u0131n\u0131n sorular\u0131n\u0131 cevaplad\u0131.<\/p>\n<p>Miller, Erdo\u011fan&#8217;\u0131n Putin&#8217;le tah\u0131l anla\u015fmas\u0131yla ilgili g\u00f6r\u00fc\u015f belirtti\u011fi a\u00e7\u0131klamas\u0131na at\u0131f yaparak, \u00f6ng\u00f6r\u00fclen g\u00f6r\u00fc\u015fmeden &#8220;ba\u015far\u0131 \u00e7\u0131kaca\u011f\u0131na&#8221; inand\u0131klar\u0131n\u0131 belirtti.<\/p>\n<p>Miller, soru \u00fczerine, &#8220;Bildi\u011finiz gibi, Cumhurba\u015fkan\u0131 Recep Tayyip Erdo\u011fan cuma g\u00fcn\u00fc Ba\u015fkan Putin&#8217;i Karadeniz Tah\u0131l Giri\u015fimi&#8217;ne yeniden kat\u0131lmaya te\u015fvik etmek i\u00e7in daha fazla g\u00f6r\u00fc\u015fme yapmak istedi\u011fini s\u00f6yledi.&#8221; dedi.<\/p>\n<p>ABD D\u0131\u015fi\u015fleri Bakan\u0131 Anthony Blinken&#8217;in, Karadeniz Tah\u0131l Giri\u015fimi konusunda &#8220;b\u00f6lgedeki t\u00fcm m\u00fcttefiklerin ve ortaklar\u0131n deste\u011fini memnuniyetle kar\u015f\u0131layaca\u011f\u0131n\u0131&#8221; belirten Miller, T\u00fcrk ve Rus liderin bu konudaki g\u00f6r\u00fc\u015fmesi hakk\u0131nda, &#8220;Bu tart\u0131\u015fmalardan bir miktar ba\u015far\u0131 \u00e7\u0131kaca\u011f\u0131na dair umutlu olaca\u011f\u0131z.&#8221; dedi.<\/p>\n<p>S\u00f6zc\u00fc, deniz hatt\u0131n\u0131n d\u0131\u015f\u0131nda, di\u011fer yollarla Ukrayna&#8217;dan yap\u0131lacak tah\u0131l sevkiyat\u0131nda eski hacimlerin yakalanmas\u0131n\u0131n zor olaca\u011f\u0131n\u0131 kaydetti.<\/p>\n<p>Miller ayr\u0131ca, Rusya&#8217;n\u0131n Karadeniz tah\u0131l giri\u015fiminden \u00e7ekilmesinin ard\u0131ndan ge\u00e7en hafta ba\u015flatt\u0131\u011f\u0131 f\u00fcze ve insans\u0131z hava ara\u00e7lar\u0131 sald\u0131r\u0131lar\u0131n\u0131n \u00e7ok say\u0131da sivili \u00f6ld\u00fcrd\u00fc\u011f\u00fc ve yaralad\u0131\u011f\u0131n\u0131, Ruslar\u0131n Tuna Nehri&#8217;ndeki tah\u0131l gemilerini de hedef ald\u0131\u011f\u0131n\u0131 ifade etti.<\/p>\n<h3>\u0130srail Meclisi&#8217;nde bug\u00fcn yap\u0131lan oylamaya de\u011findi<\/h3>\n<p>Miller, \u0130srail Meclisinin, Y\u00fcksek Mahkeme&#8217;nin h\u00fck\u00fcmet \u00fczerindeki denetimini kald\u0131racak tart\u0131\u015fmal\u0131 yasa tasar\u0131s\u0131n\u0131 onaylamas\u0131 konusunda &#8220;talihsizlik&#8221; ifadesini kulland\u0131.<\/p>\n<p>Miller, tart\u0131\u015fmal\u0131 Meclis karar\u0131n\u0131n &#8220;m\u00fcmk\u00fcn olan en az \u00e7o\u011funlukla ger\u00e7ekle\u015fmesinin talihsizlik oldu\u011funu&#8221; vurgulad\u0131.<\/p>\n<p>S\u00f6zc\u00fc, \u0130srail&#8217;in bug\u00fcn Knesset&#8217;teki denetim yasas\u0131n\u0131n olduk\u00e7a az farkla kabul edilmesi konusunda, ABD Ba\u015fkan\u0131 Joe Biden&#8217;\u0131n, &#8220;Demokraside b\u00fcy\u00fck de\u011fi\u015fikliklerin m\u00fcmk\u00fcn oldu\u011funca geni\u015f bir fikir birli\u011fi \u00e7er\u00e7evesinde yap\u0131lmas\u0131 durumunda kal\u0131c\u0131 olabilece\u011fi&#8221; y\u00f6n\u00fcndeki ifadelerini an\u0131msatt\u0131.<\/p>\n<h3>Tart\u0131\u015fmal\u0131 yarg\u0131 d\u00fczenlemesi<\/h3>\n<p>\u0130srail Adalet Bakan\u0131 Yariv Levin&#8217;in, 5 Ocak&#8217;ta duyurdu\u011fu &#8220;yarg\u0131 reformu&#8221; Y\u00fcksek Mahkeme&#8217;nin yetkilerini s\u0131n\u0131rland\u0131rma ve iktidar\u0131n yarg\u0131 atamalar\u0131nda s\u00f6z sahibi olmas\u0131 gibi de\u011fi\u015fiklikler i\u00e7eriyor.<\/p>\n<p>Ba\u015fbakan Binyamin Netanyahu, 27 Mart&#8217;ta, \u00fclke \u00e7ap\u0131nda giderek artan kitlesel protestolara ve grevlere neden olan yarg\u0131 d\u00fczenlemesini erteledi\u011fini a\u00e7\u0131klam\u0131\u015f ancak 2023-2024 b\u00fct\u00e7esinin may\u0131s sonunda meclisten ge\u00e7mesinin ard\u0131ndan yarg\u0131 d\u00fczenlemesini tekrar g\u00fcndeme getireceklerini duyurmu\u015ftu.<\/p>\n<p>H\u00fck\u00fcmet, muhalefetle m\u00fczakerelerin t\u0131kanmas\u0131n\u0131n ard\u0131ndan yak\u0131n zamanda yarg\u0131 d\u00fczenlemesi i\u00e7in yeniden d\u00fc\u011fmeye basm\u0131\u015ft\u0131.<\/p>\n<p>Tart\u0131\u015fmal\u0131 yarg\u0131 d\u00fczenlemesi kapsam\u0131nda Y\u00fcksek Mahkeme&#8217;nin h\u00fck\u00fcmet \u00fczerindeki denetimini kald\u0131racak yasa tasar\u0131s\u0131 bug\u00fcn Mecliste kabul edilmi\u015fti.<\/p>\n<p>                            <span class=\"detay-foto-editor\">&#13;<br \/>\n                                <a href=\"https:\/\/www.aa.com.tr\/tr\/p\/abonelik-talep-formu\/1001\" target=\"_blank\" style=\"font-size:12px; color:#444; text-decoration:none;\" rel=\"noopener\">&#13;<br \/>\n                                    Anadolu Ajans\u0131 web sitesinde, AA Haber Ak\u0131\u015f Sistemi (HAS) \u00fczerinden abonelere sunulan haberler, \u00f6zetlenerek yay\u0131mlanmaktad\u0131r. <b style=\"color:#1897F7\">Abonelik i\u00e7in l\u00fctfen ileti\u015fime ge\u00e7iniz.<\/b>&#13;<br \/>\n                                <\/a>&#13;<br \/>\n                            <\/span>\n                        <\/div>\n<p><script>\n\t  window.fbAsyncInit = function() {\n\t\tFB.init({\n\t\t  appId: '1855843514662870',\n\t\t  status : true, \/\/ check login status\n\t\t  cookie : true, \/\/ enable cookies to allow the server to access the session\n\t\t  xfbml  : true  \/\/ parse XFBML\n\t\t});\n\t  };<\/p>\n<p>\t  (function() {\n\t\tvar e = document.createElement('script');\n\t\te.src=\"https:\/\/connect.facebook.net\/tr_TR\/all.js\";\n\t\te.async = true;\n\t\tdocument.getElementById('fb-root').appendChild(e);\n\t  }());\n    <\/script><\/p>\n","protected":false},"excerpt":{"rendered":"<p>D\u0131\u015fi\u015fleri Bakanl\u0131\u011f\u0131 S\u00f6zc\u00fcs\u00fc Matthew Miller, g\u00fcnl\u00fck bas\u0131n toplant\u0131s\u0131nda bas\u0131n mensuplar\u0131n\u0131n sorular\u0131n\u0131 cevaplad\u0131. Miller, Erdo\u011fan&#8217;\u0131n Putin&#8217;le tah\u0131l anla\u015fmas\u0131yla ilgili g\u00f6r\u00fc\u015f belirtti\u011fi a\u00e7\u0131klamas\u0131na at\u0131f yaparak, \u00f6ng\u00f6r\u00fclen g\u00f6r\u00fc\u015fmeden &#8220;ba\u015far\u0131 \u00e7\u0131kaca\u011f\u0131na&#8221; inand\u0131klar\u0131n\u0131 belirtti. Miller, soru \u00fczerine, &#8220;Bildi\u011finiz gibi, Cumhurba\u015fkan\u0131 Recep Tayyip Erdo\u011fan cuma g\u00fcn\u00fc Ba\u015fkan Putin&#8217;i Karadeniz Tah\u0131l Giri\u015fimi&#8217;ne yeniden kat\u0131lmaya te\u015fvik etmek i\u00e7in daha fazla g\u00f6r\u00fc\u015fme yapmak istedi\u011fini [&hellip;]<\/p>\n","protected":false},"author":1,"featured_media":10164,"comment_status":"","ping_status":"","sticky":false,"template":"","format":"standard","meta":[],"categories":[1],"tags":[],"_links":{"self":[{"href":"https:\/\/kraios.app\/news\/wp-json\/wp\/v2\/posts\/10163"}],"collection":[{"href":"https:\/\/kraios.app\/news\/wp-json\/wp\/v2\/posts"}],"about":[{"href":"https:\/\/kraios.app\/news\/wp-json\/wp\/v2\/types\/post"}],"author":[{"embeddable":true,"href":"https:\/\/kraios.app\/news\/wp-json\/wp\/v2\/users\/1"}],"replies":[{"embeddable":true,"href":"https:\/\/kraios.app\/news\/wp-json\/wp\/v2\/comments?post=10163"}],"version-history":[{"count":0,"href":"https:\/\/kraios.app\/news\/wp-json\/wp\/v2\/posts\/10163\/revisions"}],"wp:featuredmedia":[{"embeddable":true,"href":"https:\/\/kraios.app\/news\/wp-json\/wp\/v2\/media\/10164"}],"wp:attachment":[{"href":"https:\/\/kraios.app\/news\/wp-json\/wp\/v2\/media?parent=10163"}],"wp:term":[{"taxonomy":"category","embeddable":true,"href":"https:\/\/kraios.app\/news\/wp-json\/wp\/v2\/categories?post=10163"},{"taxonomy":"post_tag","embeddable":true,"href":"https:\/\/kraios.app\/news\/wp-json\/wp\/v2\/tags?post=10163"}],"curies":[{"name":"wp","href":"https:\/\/api.w.org\/{rel}","templated":true}]}}