{"id":10154,"date":"2023-07-24T15:20:04","date_gmt":"2023-07-24T15:20:04","guid":{"rendered":"https:\/\/kraios.app\/news\/gundem\/2023\/07\/24\/borsa-gunu-rekorlarla-tamamladi-11\/"},"modified":"2023-07-24T15:20:04","modified_gmt":"2023-07-24T15:20:04","slug":"borsa-gunu-rekorlarla-tamamladi-11","status":"publish","type":"post","link":"https:\/\/kraios.app\/news\/gundem\/2023\/07\/24\/borsa-gunu-rekorlarla-tamamladi-11\/","title":{"rendered":"Borsa g\u00fcn\u00fc rekorlarla tamamlad\u0131"},"content":{"rendered":"<p><\/p>\n<div>\n<p>BIST 100 endeksi, \u00f6nceki kapan\u0131\u015fa g\u00f6re 7,35 puan artarken, toplam i\u015flem hacmi 136,4 milyar lira d\u00fczeyinde ger\u00e7ekle\u015fti.<\/p>\n<p>Bankac\u0131l\u0131k endeksi y\u00fczde 0,56 de\u011fer kazan\u0131rken, holding endeksi y\u00fczde 0,59 de\u011fer kaybetti. Sekt\u00f6r endeksleri aras\u0131nda en \u00e7ok kazand\u0131ran y\u00fczde 6,17 ile elektrik, en \u00e7ok gerileyen ise y\u00fczde 2,90 ile menkul k\u0131ymet, yat\u0131r\u0131m ortakl\u0131\u011f\u0131 oldu.<\/p>\n<p>Analistler, k\u00fcresel pay piyasalar\u0131n\u0131n, ABD, Avrupa ve Japonya merkez bankalar\u0131n\u0131n para politikas\u0131 kararlar\u0131n\u0131n a\u00e7\u0131klanaca\u011f\u0131 haftaya temkinli ba\u015flad\u0131\u011f\u0131n\u0131, enflasyon ve resesyon ikileminin varl\u0131k fiyatlar\u0131 \u00fczerindeki etkisinin s\u00fcrd\u00fc\u011f\u00fcn\u00fc ifade belirterek, bug\u00fcn ABD, Japonya ve Avrupa&#8217;da a\u00e7\u0131klanan imalat sanayi Sat\u0131nalma Y\u00f6neticileri Endeksi (PMI) verilerinin 50 seviyesinin alt\u0131nda gelmesinin de resesyon endi\u015felerini tetikleyebilece\u011fini kaydetti.<\/p>\n<p>ABD Merkez Bankas\u0131&#8217;n\u0131n (Fed) \u00e7ar\u015famba g\u00fcn\u00fc a\u00e7\u0131klayaca\u011f\u0131 para politikas\u0131 kararlar\u0131 ve Fed Ba\u015fkan\u0131 Jerome Powell&#8217;\u0131n toplant\u0131 sonras\u0131 yapaca\u011f\u0131 s\u00f6zle y\u00f6nlendirmelerin yat\u0131r\u0131mc\u0131lar\u0131n oda\u011f\u0131na yerle\u015fti\u011fini aktaran analistler, Banka&#8217;n\u0131n &#8220;\u015fahin&#8221; ad\u0131mlar\u0131na bu toplant\u0131 itibar\u0131yla son verip vermeyece\u011fine ili\u015fkin soru i\u015faretlerinin varl\u0131\u011f\u0131n\u0131 korudu\u011funu s\u00f6yledi.<\/p>\n<p>Para piyasalar\u0131ndaki fiyatlamalarda, Fed&#8217;in politika faizini 25 baz puan art\u0131rmas\u0131na kesin g\u00f6z\u00fcyle bak\u0131l\u0131rken, 20 Eyl\u00fcl&#8217;deki toplant\u0131da y\u00fczde 86 ihtimalle politika faizinin sabit b\u0131rak\u0131laca\u011f\u0131 \u00f6ng\u00f6r\u00fcl\u00fcyor.<\/p>\n<p>Analistler, bu hafta yurt i\u00e7inde g\u00f6zlerin T\u00fcrkiye Cumhuriyet Merkez Bankas\u0131 (TCMB) Ba\u015fkan\u0131 Hafize Gaye Erkan&#8217;\u0131n a\u00e7\u0131klayaca\u011f\u0131 y\u0131l\u0131n 3. Enflasyon Raporu&#8217;na \u00e7evrildi\u011fini belirterek, Erkan&#8217;\u0131n yapaca\u011f\u0131 s\u00f6zle y\u00f6nlendirmelerden al\u0131nacak mesajlar\u0131n yurt i\u00e7i piyasalarda oynakl\u0131\u011f\u0131 art\u0131rabilece\u011fini vurgulad\u0131.<\/p>\n<p>Yar\u0131n yurt i\u00e7inde reel kesim g\u00fcven endeksi ve kapasite kullan\u0131m oran\u0131, yurt d\u0131\u015f\u0131nda ise Almanya&#8217;da Ifo \u0130\u015f Ortam\u0131 G\u00fcven Endeksi, ABD&#8217;de t\u00fcketici g\u00fcven endeksi ve Richmond Fed sanayi endeksinin takip edilece\u011fini bildiren analistler, teknik a\u00e7\u0131dan BIST 100 endeksinde 6.800 ve 6.900 seviyesinin diren\u00e7, 6.600 ve 6.500 puan\u0131n destek konumunda oldu\u011funu kaydetti.<\/p>\n<p>                            <span class=\"detay-foto-editor\">&#13;<br \/>\n                                <a href=\"https:\/\/www.aa.com.tr\/tr\/p\/abonelik-talep-formu\/1001\" target=\"_blank\" style=\"font-size:12px; color:#444; text-decoration:none;\" rel=\"noopener\">&#13;<br \/>\n                                    Anadolu Ajans\u0131 web sitesinde, AA Haber Ak\u0131\u015f Sistemi (HAS) \u00fczerinden abonelere sunulan haberler, \u00f6zetlenerek yay\u0131mlanmaktad\u0131r. <b style=\"color:#1897F7\">Abonelik i\u00e7in l\u00fctfen ileti\u015fime ge\u00e7iniz.<\/b>&#13;<br \/>\n                                <\/a>&#13;<br \/>\n                            <\/span>\n                        <\/div>\n<p><script>\n\t  window.fbAsyncInit = function() {\n\t\tFB.init({\n\t\t  appId: '1855843514662870',\n\t\t  status : true, \/\/ check login status\n\t\t  cookie : true, \/\/ enable cookies to allow the server to access the session\n\t\t  xfbml  : true  \/\/ parse XFBML\n\t\t});\n\t  };<\/p>\n<p>\t  (function() {\n\t\tvar e = document.createElement('script');\n\t\te.src=\"https:\/\/connect.facebook.net\/tr_TR\/all.js\";\n\t\te.async = true;\n\t\tdocument.getElementById('fb-root').appendChild(e);\n\t  }());\n    <\/script><\/p>\n","protected":false},"excerpt":{"rendered":"<p>BIST 100 endeksi, \u00f6nceki kapan\u0131\u015fa g\u00f6re 7,35 puan artarken, toplam i\u015flem hacmi 136,4 milyar lira d\u00fczeyinde ger\u00e7ekle\u015fti. Bankac\u0131l\u0131k endeksi y\u00fczde 0,56 de\u011fer kazan\u0131rken, holding endeksi y\u00fczde 0,59 de\u011fer kaybetti. Sekt\u00f6r endeksleri aras\u0131nda en \u00e7ok kazand\u0131ran y\u00fczde 6,17 ile elektrik, en \u00e7ok gerileyen ise y\u00fczde 2,90 ile menkul k\u0131ymet, yat\u0131r\u0131m ortakl\u0131\u011f\u0131 oldu. Analistler, k\u00fcresel pay piyasalar\u0131n\u0131n, [&hellip;]<\/p>\n","protected":false},"author":1,"featured_media":0,"comment_status":"","ping_status":"","sticky":false,"template":"","format":"standard","meta":[],"categories":[1],"tags":[],"_links":{"self":[{"href":"https:\/\/kraios.app\/news\/wp-json\/wp\/v2\/posts\/10154"}],"collection":[{"href":"https:\/\/kraios.app\/news\/wp-json\/wp\/v2\/posts"}],"about":[{"href":"https:\/\/kraios.app\/news\/wp-json\/wp\/v2\/types\/post"}],"author":[{"embeddable":true,"href":"https:\/\/kraios.app\/news\/wp-json\/wp\/v2\/users\/1"}],"replies":[{"embeddable":true,"href":"https:\/\/kraios.app\/news\/wp-json\/wp\/v2\/comments?post=10154"}],"version-history":[{"count":0,"href":"https:\/\/kraios.app\/news\/wp-json\/wp\/v2\/posts\/10154\/revisions"}],"wp:attachment":[{"href":"https:\/\/kraios.app\/news\/wp-json\/wp\/v2\/media?parent=10154"}],"wp:term":[{"taxonomy":"category","embeddable":true,"href":"https:\/\/kraios.app\/news\/wp-json\/wp\/v2\/categories?post=10154"},{"taxonomy":"post_tag","embeddable":true,"href":"https:\/\/kraios.app\/news\/wp-json\/wp\/v2\/tags?post=10154"}],"curies":[{"name":"wp","href":"https:\/\/api.w.org\/{rel}","templated":true}]}}