{"id":10124,"date":"2023-07-24T07:20:06","date_gmt":"2023-07-24T07:20:06","guid":{"rendered":"https:\/\/kraios.app\/news\/ekonomi\/2023\/07\/24\/kirklarelinde-bahar-yagmurlariyla-rekoltesi-artan-bugday-ureticisini-sevindirdi\/"},"modified":"2023-07-24T07:20:06","modified_gmt":"2023-07-24T07:20:06","slug":"kirklarelinde-bahar-yagmurlariyla-rekoltesi-artan-bugday-ureticisini-sevindirdi","status":"publish","type":"post","link":"https:\/\/kraios.app\/news\/ekonomi\/2023\/07\/24\/kirklarelinde-bahar-yagmurlariyla-rekoltesi-artan-bugday-ureticisini-sevindirdi\/","title":{"rendered":"K\u0131rklareli&#8217;nde bahar ya\u011fmurlar\u0131yla rekoltesi artan bu\u011fday \u00fcreticisini sevindirdi"},"content":{"rendered":"<p> <br \/>\n<\/p>\n<div>\n<p>K\u0131rklarelili \u00e7ift\u00e7iler, hasad\u0131n\u0131n y\u00fczde 80&#8217;i tamamlanan bu\u011fdayda bu y\u0131l y\u00fcksek rekolte alman\u0131n sevincini ya\u015f\u0131yor.<\/p>\n<p>T\u00fcrkiye&#8217;nin tah\u0131l \u00fcretiminde \u00f6nemli kentleri aras\u0131nda yer alan K\u0131rklareli&#8217;nde \u00fcreticiler d\u00f6n\u00fcm ba\u015f\u0131na ortalama 550 kilogram bu\u011fday hasat etti.<\/p>\n<p>K\u0131rklareli Tar\u0131m ve Orman M\u00fcd\u00fcr\u00fc Mehmet Aksoy AA muhabirine, bu\u011fday \u00fcretiminde \u00e7ok verimli bir y\u0131l ge\u00e7irildi\u011fini belirtti.<\/p>\n<p><img decoding=\"async\" alt=\"\" src=\"https:\/\/www.aa.com.tr\/uploads\/userFiles\/9c85db40-ef31-40fe-a989-05c7e506d5d0\/07_2023%2F24072023%2Fmehmet_.jpg\"\/><\/p>\n<p>\u00d6zellikle ya\u011f\u0131\u015flar\u0131n olgunluk d\u00f6neminde gelmesi ile dane dolgunlu\u011funda art\u0131\u015f oldu\u011funu ifade eden Aksoy, &#8220;Hem arpada hem de bu\u011fdayda ger\u00e7ekten K\u0131rklareli i\u00e7in bu y\u0131l \u00e7ok g\u00fczel bir y\u0131l ge\u00e7ti.&#8221; dedi.<\/p>\n<p>Cumhurba\u015fkan\u0131 Recep Tayyip Erdo\u011fan&#8217;\u0131n tar\u0131m\u0131 stratejik alan ilan etmesinin ard\u0131ndan bu\u011fday ve ay\u00e7i\u00e7e\u011fi gibi \u00fcr\u00fcnlerde \u00fcretim alanlar\u0131n\u0131n artt\u0131r\u0131ld\u0131\u011f\u0131n\u0131 anlatan Aksoy, Tar\u0131m ve Orman Bakanl\u0131\u011f\u0131n\u0131n da \u00e7ift\u00e7ilere b\u00fcy\u00fck destekler verdi\u011fini kaydetti.<\/p>\n<p>Bu\u011fdayda ge\u00e7en y\u0131la g\u00f6re rekoltenin y\u00fcksek oldu\u011funu dile getiren Aksoy, \u015f\u00f6yle devam etti:<\/p>\n<p>&#8220;Devletimizin verdi\u011fi destekler yerine ula\u015ft\u0131, \u00e7ift\u00e7imiz \u00fcretti bereketli de bir y\u0131l ge\u00e7ti. Yakla\u015f\u0131k 1 milyon 150 bin dekar bir alanda yap\u0131lan bu\u011fday \u00fcretiminde rekoltemiz bu sene in\u015fallah 640 bin, 645 bin ton civar\u0131. Ge\u00e7en seneye g\u00f6re bu sene rekoltemiz iyi. Bu y\u0131l k\u0131\u015f\u0131n ya\u011f\u0131\u015f alamad\u0131k ama k\u0131\u015ftan sonra g\u00fczel ya\u011f\u0131\u015flar ald\u0131k, \u00f6zellikle gelen ya\u011f\u0131\u015flar verimi de art\u0131rd\u0131. K\u0131rklareli&#8217;nin, Trakya&#8217;n\u0131n kaliteli bu\u011fday\u0131 var. &#8220;<\/p>\n<p>\u00c7ift\u00e7i Abdullah Ko\u00e7ak da bu\u011fday veriminden son derece memnun olduklar\u0131n\u0131 s\u00f6yledi.<\/p>\n<p>Her y\u0131l ortama 200 dekar alanda \u00fcretim yapt\u0131\u011f\u0131n\u0131 anlatan Ko\u00e7ak, ge\u00e7en y\u0131la g\u00f6re y\u00fcksek verim elde etti\u011fini belirtti.<\/p>\n<p>K\u0131\u015f aylar\u0131n\u0131n kurak ge\u00e7mesiyle stres i\u00e7inde ya\u015fad\u0131klar\u0131n\u0131 ifade eden Ko\u00e7ak, &#8220;Tar\u0131m \u00fcst\u00fc a\u00e7\u0131k fabrika gibidir. Az ya\u011f\u0131\u015f olursa verim d\u00fc\u015fer. \u00c7ok ya\u011f\u0131\u015f olursa zarar g\u00f6rebilir. Bu y\u0131l s\u00fcrecimiz \u00e7ok sanc\u0131l\u0131 ba\u015flasa da ilkbaharda d\u00fc\u015fen ya\u011f\u0131\u015flar ve sonras\u0131nda olu\u015fan so\u011fuklar bu\u011fday\u0131 olumlu etkiledi.&#8221; \u015feklinde konu\u015ftu.<\/p>\n<p>                            <span class=\"detay-foto-editor\">&#13;<br \/>\n                                <a href=\"https:\/\/www.aa.com.tr\/tr\/p\/abonelik-talep-formu\/1001\" target=\"_blank\" style=\"font-size:12px; color:#444; text-decoration:none;\" rel=\"noopener\">&#13;<br \/>\n                                    Anadolu Ajans\u0131 web sitesinde, AA Haber Ak\u0131\u015f Sistemi (HAS) \u00fczerinden abonelere sunulan haberler, \u00f6zetlenerek yay\u0131mlanmaktad\u0131r. <b style=\"color:#1897F7\">Abonelik i\u00e7in l\u00fctfen ileti\u015fime ge\u00e7iniz.<\/b>&#13;<br \/>\n                                <\/a>&#13;<br \/>\n                            <\/span>\n                        <\/div>\n<p><script>\n\t  window.fbAsyncInit = function() {\n\t\tFB.init({\n\t\t  appId: '1855843514662870',\n\t\t  status : true, \/\/ check login status\n\t\t  cookie : true, \/\/ enable cookies to allow the server to access the session\n\t\t  xfbml  : true  \/\/ parse XFBML\n\t\t});\n\t  };<\/p>\n<p>\t  (function() {\n\t\tvar e = document.createElement('script');\n\t\te.src=\"https:\/\/connect.facebook.net\/tr_TR\/all.js\";\n\t\te.async = true;\n\t\tdocument.getElementById('fb-root').appendChild(e);\n\t  }());\n    <\/script><br \/>\n<br \/><br \/>\n<br \/><a href=\"https:\/\/www.aa.com.tr\/tr\/ekonomi\/kirklarelinde-bahar-yagmurlariyla-rekoltesi-artan-bugday-ureticisini-sevindirdi\/2952743\">Source link <\/a><\/p>\n","protected":false},"excerpt":{"rendered":"<p>K\u0131rklarelili \u00e7ift\u00e7iler, hasad\u0131n\u0131n y\u00fczde 80&#8217;i tamamlanan bu\u011fdayda bu y\u0131l y\u00fcksek rekolte alman\u0131n sevincini ya\u015f\u0131yor. T\u00fcrkiye&#8217;nin tah\u0131l \u00fcretiminde \u00f6nemli kentleri aras\u0131nda yer alan K\u0131rklareli&#8217;nde \u00fcreticiler d\u00f6n\u00fcm ba\u015f\u0131na ortalama 550 kilogram bu\u011fday hasat etti. K\u0131rklareli Tar\u0131m ve Orman M\u00fcd\u00fcr\u00fc Mehmet Aksoy AA muhabirine, bu\u011fday \u00fcretiminde \u00e7ok verimli bir y\u0131l ge\u00e7irildi\u011fini belirtti. \u00d6zellikle ya\u011f\u0131\u015flar\u0131n olgunluk d\u00f6neminde gelmesi ile [&hellip;]<\/p>\n","protected":false},"author":1,"featured_media":10125,"comment_status":"","ping_status":"","sticky":false,"template":"","format":"standard","meta":[],"categories":[44],"tags":[],"_links":{"self":[{"href":"https:\/\/kraios.app\/news\/wp-json\/wp\/v2\/posts\/10124"}],"collection":[{"href":"https:\/\/kraios.app\/news\/wp-json\/wp\/v2\/posts"}],"about":[{"href":"https:\/\/kraios.app\/news\/wp-json\/wp\/v2\/types\/post"}],"author":[{"embeddable":true,"href":"https:\/\/kraios.app\/news\/wp-json\/wp\/v2\/users\/1"}],"replies":[{"embeddable":true,"href":"https:\/\/kraios.app\/news\/wp-json\/wp\/v2\/comments?post=10124"}],"version-history":[{"count":0,"href":"https:\/\/kraios.app\/news\/wp-json\/wp\/v2\/posts\/10124\/revisions"}],"wp:featuredmedia":[{"embeddable":true,"href":"https:\/\/kraios.app\/news\/wp-json\/wp\/v2\/media\/10125"}],"wp:attachment":[{"href":"https:\/\/kraios.app\/news\/wp-json\/wp\/v2\/media?parent=10124"}],"wp:term":[{"taxonomy":"category","embeddable":true,"href":"https:\/\/kraios.app\/news\/wp-json\/wp\/v2\/categories?post=10124"},{"taxonomy":"post_tag","embeddable":true,"href":"https:\/\/kraios.app\/news\/wp-json\/wp\/v2\/tags?post=10124"}],"curies":[{"name":"wp","href":"https:\/\/api.w.org\/{rel}","templated":true}]}}