{"id":10106,"date":"2023-07-24T02:50:50","date_gmt":"2023-07-24T02:50:50","guid":{"rendered":"https:\/\/kraios.app\/news\/ekonomi\/2023\/07\/24\/tescilli-osmaneli-karpuzunda-200-bin-ton-rekolte-bekleniyor\/"},"modified":"2023-07-24T02:50:50","modified_gmt":"2023-07-24T02:50:50","slug":"tescilli-osmaneli-karpuzunda-200-bin-ton-rekolte-bekleniyor","status":"publish","type":"post","link":"https:\/\/kraios.app\/news\/ekonomi\/2023\/07\/24\/tescilli-osmaneli-karpuzunda-200-bin-ton-rekolte-bekleniyor\/","title":{"rendered":"Tescilli Osmaneli karpuzunda 200 bin ton rekolte bekleniyor"},"content":{"rendered":"<p> <br \/>\n<\/p>\n<div>\n<p>Osmaneli Belediyesince, Bilecik \u015eeyh Edebali \u00dcniversitesi (B\u015eE\u00dc) Meslek Y\u00fcksekokulu G\u0131da \u0130\u015fleme B\u00f6l\u00fcm\u00fc&#8217;n\u00fcn destekleriyle T\u00fcrk Patent ve Marka Kurumuna yap\u0131lan ba\u015fvuru sonucu ge\u00e7en y\u0131l co\u011frafi i\u015faret tescili alan Osmaneli karpuzunda g\u00fcn\u00fcn ilk \u0131\u015f\u0131klar\u0131yla tarlaya giden \u00fcreticiler, hasada ba\u015fl\u0131yor.<\/p>\n<p><img decoding=\"async\" alt=\"\" src=\"https:\/\/www.aa.com.tr\/uploads\/userFiles\/96f91bbd-282f-4a24-a12c-1b1092cfeb3b\/009_2023%2F06_2023%2F13_Temmuz%2F14%2F20230723_2_59614484_91255563.jpg\"\/><\/p>\n<p>Toprak yap\u0131s\u0131 ve iklim \u015fartlar\u0131ndan dolay\u0131 karpuz \u00fcretimine elveri\u015fli olan il\u00e7eye karpuz hasad\u0131 i\u00e7in \u015eanl\u0131urfa, Mardin, Adana ve Diyarbak\u0131r&#8217;dan tar\u0131m i\u015f\u00e7ileri geliyor.<\/p>\n<p><img decoding=\"async\" alt=\"\" src=\"https:\/\/www.aa.com.tr\/uploads\/userFiles\/96f91bbd-282f-4a24-a12c-1b1092cfeb3b\/009_2023%2F06_2023%2F13_Temmuz%2F14%2F20230723_2_59614484_91255564.jpg\"\/><\/p>\n<p>\u0130l\u00e7ede hasat edilen karpuzlar, t\u0131rlarla ba\u015fta Marmara olmak \u00fczere T\u00fcrkiye&#8217;nin bir\u00e7ok b\u00f6lgesine g\u00f6nderiliyor.<\/p>\n<p>Sakarya Vadisi&#8217;nde bilin\u00e7li tar\u0131m uygulamalar\u0131yla kaliteli \u00fcr\u00fcn elde eden \u00fcreticiler, bu sezon yakla\u015f\u0131k 20 bin d\u00f6n\u00fcmde \u00fcrettikleri karpuzda 200 bin ton rekolte bekliyor.<\/p>\n<p><img decoding=\"async\" alt=\"\" src=\"https:\/\/www.aa.com.tr\/uploads\/userFiles\/96f91bbd-282f-4a24-a12c-1b1092cfeb3b\/009_2023%2F06_2023%2F13_Temmuz%2F14%2F20230723_2_59614484_91255565.jpg\"\/><\/p>\n<h3>&#8220;Herkesin be\u011fenisini alan \u00f6zel bir \u00fcr\u00fcn&#8221;<\/h3>\n<p>Osmaneli Belediye Ba\u015fkan\u0131 M\u00fcn\u00fcr \u015eahin, AA muhabirine, kentin en \u00f6nemli \u00fcr\u00fcnlerinin ba\u015f\u0131nda karpuzun geldi\u011fini belirterek, \u00fcreticinin bereketli bir sezon ge\u00e7irdi\u011fini s\u00f6yledi.<\/p>\n<p><img decoding=\"async\" alt=\"\" src=\"https:\/\/www.aa.com.tr\/uploads\/userFiles\/96f91bbd-282f-4a24-a12c-1b1092cfeb3b\/009_2023%2F06_2023%2F13_Temmuz%2F14%2F20230723_2_59614484_91255566.jpg\"\/><\/p>\n<p>Marmara B\u00f6lgesi&#8217;nin tescilli Osmaneli karpuzuna ilgi g\u00f6sterdi\u011fini ifade eden \u015eahin, &#8220;Fiyatlar\u0131m\u0131z da bu y\u0131l gayet iyi ve \u00fcreticimizi memnun edici seviyede. \u00dcreticimizin eme\u011finin kar\u015f\u0131l\u0131\u011f\u0131n\u0131 almas\u0131 bizi mutlu ediyor. \u00d6zellikle Tar\u0131m ve Kredi Kooperatifi ba\u015fta olmak \u00fczere b\u00fcy\u00fck marketlerin pazara girmi\u015f olmas\u0131 karpuzun t\u00fcketiciye daha uygun bir \u015fekilde ula\u015fmas\u0131n\u0131 sa\u011fl\u0131yor.&#8221; diye konu\u015ftu.<\/p>\n<p><img decoding=\"async\" alt=\"\" src=\"https:\/\/www.aa.com.tr\/uploads\/userFiles\/96f91bbd-282f-4a24-a12c-1b1092cfeb3b\/009_2023%2F06_2023%2F13_Temmuz%2F14%2F20230723_2_59614484_91255567.jpg\"\/><\/p>\n<p>\u015eahin, Marmara B\u00f6lgesi&#8217;nde tercih edilen Osmaneli karpuzunun tescillenmesiyle bundan sonra daha fazla sat\u0131\u015f hacmine ula\u015faca\u011f\u0131na inand\u0131klar\u0131n\u0131 belirtti.<\/p>\n<p><img decoding=\"async\" alt=\"\" src=\"https:\/\/www.aa.com.tr\/uploads\/userFiles\/96f91bbd-282f-4a24-a12c-1b1092cfeb3b\/009_2023%2F06_2023%2F13_Temmuz%2F14%2F20230723_2_59614484_91255568.jpg\"\/><\/p>\n<p>&#8220;Osmaneli karpuzu, co\u011frafi i\u015faretle birlikte hem b\u00f6lgemizde hem de T\u00fcrkiye&#8217;de \u00f6nde gelen, lezzetiyle de herkesin be\u011fenisini alan \u00f6zel bir \u00fcr\u00fcn oldu.&#8221; diyen \u015eahin, Sakarya Nehri&#8217;nin sulad\u0131\u011f\u0131 bereketli topraklarda bu g\u00fczel \u00fcr\u00fcn\u00fcn \u00fcretildi\u011fini aktard\u0131.<\/p>\n<p><img decoding=\"async\" alt=\"\" src=\"https:\/\/www.aa.com.tr\/uploads\/userFiles\/96f91bbd-282f-4a24-a12c-1b1092cfeb3b\/009_2023%2F06_2023%2F13_Temmuz%2F14%2F20230723_2_59614484_91255569.jpg\"\/><\/p>\n<h3>&#8220;Tad\u0131 ve kalitesinden dolay\u0131 vazge\u00e7ilmez oldu&#8221;<\/h3>\n<p>Medetli k\u00f6y\u00fcnde 200 d\u00f6n\u00fcm arazide karpuz \u00fcretimi yapan Abdullah Bahar, karpuzda fide ekimini haziran ay\u0131n\u0131n ba\u015f\u0131nda tamamlad\u0131klar\u0131n\u0131, kademeli olarak ba\u015flad\u0131klar\u0131 hasad\u0131n ilkini ger\u00e7ekle\u015ftirdiklerini s\u00f6yledi.<\/p>\n<p><img decoding=\"async\" alt=\"\" src=\"https:\/\/www.aa.com.tr\/uploads\/userFiles\/96f91bbd-282f-4a24-a12c-1b1092cfeb3b\/009_2023%2F06_2023%2F13_Temmuz%2F14%2F20230723_2_59614484_91255571.jpg\"\/><\/p>\n<p>Bahar, Osmaneli karpuzunun T\u00fcrkiye&#8217;nin bir\u00e7ok kentinde talep g\u00f6rd\u00fc\u011f\u00fcn\u00fc anlatarak, \u015f\u00f6yle konu\u015ftu:<\/p>\n<p>&#8220;\u0130stanbul, Ankara ve Bursa ba\u015fta olmak bir\u00e7ok ilden esnaf\u0131m\u0131z geliyor. Karpuzumuz tad\u0131 ve kalitesinden dolay\u0131 vazge\u00e7ilmez oldu. \u00d6zellikle Marmara B\u00f6lgesi kalitesini iyi biliyor. Esnaf\u0131m\u0131z buray\u0131 &#8216;k\u00fc\u00e7\u00fck Adana&#8217; olarak tabir ediyor. Sakarya Nehri&#8217;nin buradan ge\u00e7mesi bizim i\u00e7in b\u00fcy\u00fck avantaj. Verimli topraklara sahibiz. Sezona g\u00fczel ba\u015flad\u0131k. \u015eu ana kadar sat\u0131\u015flardan memnunuz.&#8221;<\/p>\n<p><img decoding=\"async\" alt=\"\" src=\"https:\/\/www.aa.com.tr\/uploads\/userFiles\/96f91bbd-282f-4a24-a12c-1b1092cfeb3b\/009_2023%2F06_2023%2F13_Temmuz%2F14%2F20230723_2_59614484_91255572.jpg\"\/><\/p>\n<p>\u0130l\u00e7ede 30 y\u0131ld\u0131r karpuz \u00fcreticili\u011fi yapan Handan Bahar ise b\u00fcy\u00fck emekle \u00fcrettikleri karpuzda hasada ba\u015flad\u0131klar\u0131n\u0131 belirterek, bu y\u0131l elde ettikleri mahsul sayesinde y\u00fczlerinin g\u00fcld\u00fc\u011f\u00fcn\u00fc ifade etti.<\/p>\n<p>                            <span class=\"detay-foto-editor\">&#13;<br \/>\n                                <a href=\"https:\/\/www.aa.com.tr\/tr\/p\/abonelik-talep-formu\/1001\" target=\"_blank\" style=\"font-size:12px; color:#444; text-decoration:none;\" rel=\"noopener\">&#13;<br \/>\n                                    Anadolu Ajans\u0131 web sitesinde, AA Haber Ak\u0131\u015f Sistemi (HAS) \u00fczerinden abonelere sunulan haberler, \u00f6zetlenerek yay\u0131mlanmaktad\u0131r. <b style=\"color:#1897F7\">Abonelik i\u00e7in l\u00fctfen ileti\u015fime ge\u00e7iniz.<\/b>&#13;<br \/>\n                                <\/a>&#13;<br \/>\n                            <\/span>\n                        <\/div>\n<p><script>\n\t  window.fbAsyncInit = function() {\n\t\tFB.init({\n\t\t  appId: '1855843514662870',\n\t\t  status : true, \/\/ check login status\n\t\t  cookie : true, \/\/ enable cookies to allow the server to access the session\n\t\t  xfbml  : true  \/\/ parse XFBML\n\t\t});\n\t  };<\/p>\n<p>\t  (function() {\n\t\tvar e = document.createElement('script');\n\t\te.src=\"https:\/\/connect.facebook.net\/tr_TR\/all.js\";\n\t\te.async = true;\n\t\tdocument.getElementById('fb-root').appendChild(e);\n\t  }());\n    <\/script><br \/>\n<br \/><br \/>\n<br \/><a href=\"https:\/\/www.aa.com.tr\/tr\/ekonomi\/tescilli-osmaneli-karpuzunda-200-bin-ton-rekolte-bekleniyor\/2952323\">Source link <\/a><\/p>\n","protected":false},"excerpt":{"rendered":"<p>Osmaneli Belediyesince, Bilecik \u015eeyh Edebali \u00dcniversitesi (B\u015eE\u00dc) Meslek Y\u00fcksekokulu G\u0131da \u0130\u015fleme B\u00f6l\u00fcm\u00fc&#8217;n\u00fcn destekleriyle T\u00fcrk Patent ve Marka Kurumuna yap\u0131lan ba\u015fvuru sonucu ge\u00e7en y\u0131l co\u011frafi i\u015faret tescili alan Osmaneli karpuzunda g\u00fcn\u00fcn ilk \u0131\u015f\u0131klar\u0131yla tarlaya giden \u00fcreticiler, hasada ba\u015fl\u0131yor. Toprak yap\u0131s\u0131 ve iklim \u015fartlar\u0131ndan dolay\u0131 karpuz \u00fcretimine elveri\u015fli olan il\u00e7eye karpuz hasad\u0131 i\u00e7in \u015eanl\u0131urfa, Mardin, Adana ve [&hellip;]<\/p>\n","protected":false},"author":1,"featured_media":10107,"comment_status":"","ping_status":"","sticky":false,"template":"","format":"standard","meta":[],"categories":[44],"tags":[],"_links":{"self":[{"href":"https:\/\/kraios.app\/news\/wp-json\/wp\/v2\/posts\/10106"}],"collection":[{"href":"https:\/\/kraios.app\/news\/wp-json\/wp\/v2\/posts"}],"about":[{"href":"https:\/\/kraios.app\/news\/wp-json\/wp\/v2\/types\/post"}],"author":[{"embeddable":true,"href":"https:\/\/kraios.app\/news\/wp-json\/wp\/v2\/users\/1"}],"replies":[{"embeddable":true,"href":"https:\/\/kraios.app\/news\/wp-json\/wp\/v2\/comments?post=10106"}],"version-history":[{"count":0,"href":"https:\/\/kraios.app\/news\/wp-json\/wp\/v2\/posts\/10106\/revisions"}],"wp:featuredmedia":[{"embeddable":true,"href":"https:\/\/kraios.app\/news\/wp-json\/wp\/v2\/media\/10107"}],"wp:attachment":[{"href":"https:\/\/kraios.app\/news\/wp-json\/wp\/v2\/media?parent=10106"}],"wp:term":[{"taxonomy":"category","embeddable":true,"href":"https:\/\/kraios.app\/news\/wp-json\/wp\/v2\/categories?post=10106"},{"taxonomy":"post_tag","embeddable":true,"href":"https:\/\/kraios.app\/news\/wp-json\/wp\/v2\/tags?post=10106"}],"curies":[{"name":"wp","href":"https:\/\/api.w.org\/{rel}","templated":true}]}}