{"id":10098,"date":"2023-07-23T23:55:52","date_gmt":"2023-07-23T23:55:52","guid":{"rendered":"https:\/\/kraios.app\/news\/siyaset\/2023\/07\/23\/cumhurbaskani-erdoganin-korfez-turunda-3-ulkeyle-isbirligini-guclendiren-anlasmalar-imzalandi\/"},"modified":"2023-07-23T23:55:52","modified_gmt":"2023-07-23T23:55:52","slug":"cumhurbaskani-erdoganin-korfez-turunda-3-ulkeyle-isbirligini-guclendiren-anlasmalar-imzalandi","status":"publish","type":"post","link":"https:\/\/kraios.app\/news\/siyaset\/2023\/07\/23\/cumhurbaskani-erdoganin-korfez-turunda-3-ulkeyle-isbirligini-guclendiren-anlasmalar-imzalandi\/","title":{"rendered":"Cumhurba\u015fkan\u0131 Erdo\u011fan&#8217;\u0131n K\u00f6rfez turunda 3 \u00fclkeyle i\u015fbirli\u011fini g\u00fc\u00e7lendiren anla\u015fmalar imzaland\u0131"},"content":{"rendered":"<p><\/p>\n<div>\n<p>AA muhabirinin derledi\u011fi bilgilere g\u00f6re, Cumhurba\u015fkan\u0131 Recep Tayyip Erdo\u011fan&#8217;\u0131n K\u00f6rfez turunun ilk dura\u011f\u0131 Suudi Arabistan&#8217;\u0131n Cidde kenti oldu.<\/p>\n<p>Erdo\u011fan&#8217;\u0131n, Veliaht Prensi Muhammed bin Selman bin Abd\u00fclaziz El Suud ile bir araya geldi\u011fi ziyarette, T\u00fcrk ve Suudi Arabistan heyetleri aras\u0131nda 5 yeni mutabakat zapt\u0131 imzaland\u0131.<\/p>\n<p><a href=\"https:\/\/www.aa.com.tr\/tr\/info\/infografik\/34936\" target=\"_blank\" rel=\"noopener\"><img decoding=\"async\" alt=\"\" src=\"https:\/\/www.aa.com.tr\/uploads\/userFiles\/96f91bbd-282f-4a24-a12c-1b1092cfeb3b\/009_2023%2F06_2023%2F14_Temmuz%2F24%2F750.jpg\"\/><\/a><\/p>\n<p>&#8220;Kabiliyetler, Savunma Sanayii, Ara\u015ft\u0131rma ve Geli\u015ftirme Alanlar\u0131nda \u0130\u015fbirli\u011fine \u0130li\u015fkin Uygulama Plan\u0131&#8221;, &#8220;Suudi Savunma Bakanl\u0131\u011f\u0131 ile T\u00fcrk firmas\u0131 Baykar aras\u0131nda 2 Sat\u0131\u015f S\u00f6zle\u015fmesi&#8221;, &#8220;Do\u011frudan Yat\u0131r\u0131m\u0131n Te\u015fvik Edilmesi Alan\u0131nda \u0130\u015fbirli\u011fi&#8221; anla\u015fmalar\u0131n\u0131n yap\u0131ld\u0131\u011f\u0131 ziyarette, &#8220;medya ve enerji&#8221; alanlar\u0131nda \u00e7e\u015fitli mutabakatlar imza alt\u0131na al\u0131nd\u0131.<\/p>\n<p><img decoding=\"async\" alt=\"\" src=\"https:\/\/www.aa.com.tr\/uploads\/userFiles\/de89f914-66b1-4a0b-9347-13c0eafe70cc\/2023%2F07%2FAA-31703275.jpg\"\/><\/p>\n<p>Milli Savunma Bakanl\u0131\u011f\u0131 ile Suudi Arabistan Krall\u0131\u011f\u0131 Savunma Bakanl\u0131\u011f\u0131 Aras\u0131nda \u0130\u015f Birli\u011fine \u0130li\u015fkin Uygulama Plan\u0131, Milli Savunma Bakan\u0131 Ya\u015far G\u00fcler ile Suudi Arabistan Savunma Bakan\u0131 Prens Halid bin Selman Al-Suud taraf\u0131ndan imzaland\u0131.<\/p>\n<p>Suudi Arabistan Savunma Bakanl\u0131\u011f\u0131 ile Baykar Aras\u0131nda \u0130\u015f Birli\u011fi S\u00f6zle\u015fmesinin yap\u0131ld\u0131\u011f\u0131 ziyarette, Enerji ve Tabii Kaynaklar Bakanl\u0131\u011f\u0131 ile Suudi Arabistan Krall\u0131\u011f\u0131 Enerji Bakanl\u0131\u011f\u0131 aras\u0131ndaki Enerji Alan\u0131nda Mutabakat Zapt\u0131, Enerji ve Tabii Kaynaklar Bakan\u0131 Alparslan Bayraktar ile Suudi Arabistan Enerji Bakan\u0131 Prens Abdulaziz bin Salman Al-Suud taraf\u0131ndan imza alt\u0131na al\u0131nd\u0131.<\/p>\n<p>T\u00fcrkiye Cumhuriyeti ile Suudi Arabistan Krall\u0131\u011f\u0131 Aras\u0131nda Do\u011frudan Yat\u0131r\u0131m\u0131n Te\u015fvik Edilmesi Alan\u0131nda \u0130\u015fbirli\u011fine \u0130li\u015fkin Mutabakat Zapt\u0131 da ziyaretin dikkati \u00e7eken anla\u015fmalar\u0131 aras\u0131nda yer ald\u0131.<\/p>\n<p>Cumhurba\u015fkanl\u0131\u011f\u0131 \u0130leti\u015fim Ba\u015fkanl\u0131\u011f\u0131 ile Suudi Arabistan Krall\u0131\u011f\u0131 Enformasyon Bakanl\u0131\u011f\u0131 Aras\u0131nda \u0130leti\u015fim Alan\u0131nda \u0130\u015f Birli\u011fine \u0130li\u015fkin Mutabakat Zapt\u0131, Cumhurba\u015fkanl\u0131\u011f\u0131 \u0130leti\u015fim Ba\u015fkan\u0131 Fahrettin Altun ile Suudi Arabistan Medya Bakan\u0131 Salman bin Yusuf Al-Dawsari taraf\u0131ndan imzaland\u0131.<\/p>\n<p>Cumhurba\u015fkan\u0131 Erdo\u011fan&#8217;\u0131n, Veliaht Prens Selman ile g\u00f6r\u00fc\u015fmesi sonras\u0131 yap\u0131lan ortak a\u00e7\u0131klamada, iki taraf\u0131n, ticaret ve yat\u0131r\u0131m alanlar\u0131nda i\u015fbirli\u011fi ivmesinin art\u0131r\u0131lmas\u0131n\u0131n \u00f6nemini ve \u00f6zellikle altyap\u0131, in\u015faat, m\u00fchendislik, savunma ve metal\u00fcrjik sanayi, \u00e7evre ve miras turizmi, yenilenebilir enerji gibi bir dizi hedef sekt\u00f6rde ve di\u011fer ortak \u00e7\u0131kar alanlar\u0131nda ekonomik entegrasyon i\u00e7in f\u0131rsatlar\u0131 destekleme konusundaki istekliliklerini vurgulad\u0131\u011f\u0131 belirtildi.<\/p>\n<h3>Bayraktar, Suudi Arabistan semalar\u0131nda g\u00f6rev yapacak<\/h3>\n<p>Baykar ile Suudi Arabistan Savunma Bakanl\u0131\u011f\u0131 aras\u0131nda imzalanan &#8220;Bayraktar AKINCI T\u0130HA (Taarruzi \u0130nsans\u0131z Hava Arac\u0131) ihracat\u0131 ve i\u015fbirli\u011fi s\u00f6zle\u015fmesi&#8221; kapsam\u0131nda, Bayraktar AKINCI T\u0130HA, Suudi Arabistan Krall\u0131\u011f\u0131 Hava ve Deniz Kuvvetleri Komutanl\u0131\u011f\u0131 envanterine girecek.<\/p>\n<p><img decoding=\"async\" alt=\"\" src=\"https:\/\/www.aa.com.tr\/uploads\/userFiles\/de89f914-66b1-4a0b-9347-13c0eafe70cc\/2023%2F07%2FAA-31703286.jpg\"\/><\/p>\n<p>Anla\u015fma kapsam\u0131nda Baykar taraf\u0131ndan e\u011fitim, teknik destek ve lojistik hizmetleri de sa\u011flanacak.<\/p>\n<p>Yap\u0131lan kapsaml\u0131 anla\u015fmayla gelecek s\u00fcre\u00e7te iki \u00fclkenin y\u00fcksek teknoloji geli\u015ftirme yetene\u011fini ileriye ta\u015f\u0131mak i\u00e7in teknoloji transferi ve ortak \u00fcretim konusunda da i\u015fbirli\u011fi ger\u00e7ekle\u015ftirilecek.<\/p>\n<h3>Katar ile ortak bildiriye imza at\u0131ld\u0131<\/h3>\n<p>Cumhurba\u015fkan\u0131 Recep Tayyip Erdo\u011fan&#8217;\u0131n K\u00f6rfez ziyaretinin ikinci dura\u011f\u0131 ise Katar oldu.<\/p>\n<p>Ba\u015fkent Doha&#8217;da Katar Emiri \u015eeyh Temim bin Hamed Al Sani ile bir araya gelen Erdo\u011fan&#8217;\u0131n ziyaretinde, &#8220;T\u00fcrkiye Cumhuriyeti ile Katar Devleti Aras\u0131nda Diplomatik \u0130li\u015fkilerin Kurulmas\u0131n\u0131n 50. Y\u0131l D\u00f6n\u00fcm\u00fc&#8221; dolay\u0131s\u0131yla D\u0131\u015fi\u015fleri Bakan\u0131 Hakan Fidan ile Katar Devleti Ba\u015fbakan\u0131 ve D\u0131\u015fi\u015fleri Bakan\u0131 \u015eeyh Muhammed bin Abdulrahman bin Jassim Al Sani taraf\u0131ndan ortak bildiri imzaland\u0131.<\/p>\n<p><img decoding=\"async\" alt=\"\" src=\"https:\/\/www.aa.com.tr\/uploads\/userFiles\/de89f914-66b1-4a0b-9347-13c0eafe70cc\/2023%2F07%2FAA-31710219.jpg\"\/><\/p>\n<p>T\u00fcrkiye-Katar ili\u015fkilerinin, kuruldu\u011fu 1973&#8217;ten itibaren stratejik ortakl\u0131k a\u015famas\u0131na gelene kadar niteliksel bir d\u00f6n\u00fc\u015f\u00fcm ge\u00e7irdi\u011fi aktar\u0131lan bildiride, iki karde\u015f \u00fclke aras\u0131ndaki mevcut i\u015fbirli\u011finin, Cumhurba\u015fkan\u0131 Erdo\u011fan ve Katar Emiri Al Sani&#8217;nin liderliklerinde her ge\u00e7en g\u00fcn g\u00fc\u00e7lenmeye devam etti\u011fi vurguland\u0131.<\/p>\n<p>T\u00fcrkiye ile Katar aras\u0131ndaki mevcut stratejik ortakl\u0131\u011f\u0131n b\u00fct\u00fcn d\u00fczeylerde verimli oldu\u011fu, \u00e7o\u011fu b\u00f6lgesel ve uluslararas\u0131 konularda iki \u00fclkenin benzer yakla\u015f\u0131m sergiledi\u011fi belirtilen bildiride, Y\u00fcksek Stratejik Komite mekanizmas\u0131n\u0131n, \u00fcyeleri 2015&#8217;ten bu yana her y\u0131l bir araya gelen iki karde\u015f \u00fclke aras\u0131ndaki ortakl\u0131\u011f\u0131n en somut g\u00f6stergelerinden biri oldu\u011funa i\u015faret edildi.<\/p>\n<p>Bu stratejik komite arac\u0131l\u0131\u011f\u0131yla, \u00e7e\u015fitli sekt\u00f6rlerde ve alanlarda ikili i\u015fbirli\u011fi d\u00fczeyini geli\u015ftirmeyi ama\u00e7layan yakla\u015f\u0131k 100 belgenin imzaland\u0131\u011f\u0131 an\u0131msat\u0131lan bildiride, &#8220;\u0130ki \u00fclke aras\u0131ndaki ekonomik ve ticari alanlardaki i\u015fbirli\u011fi, ticaret ve yat\u0131r\u0131m hacmi a\u00e7\u0131s\u0131ndan ge\u00e7ti\u011fimiz birka\u00e7 y\u0131l i\u00e7inde istikrarl\u0131 bir b\u00fcy\u00fcmeye tan\u0131k oldu. \u0130ki karde\u015f \u00fclke ve halk\u0131m\u0131z\u0131n \u00e7\u0131karlar\u0131na hizmet edecek ekonomik ve ticari ili\u015fkileri ilerletmeyi i\u00e7tenlikle arzuluyoruz.&#8221; ifadelerine yer verildi.<\/p>\n<h3>BAE ile 50,7 milyar dolarl\u0131k anla\u015fma<\/h3>\n<p>Cumhurba\u015fkan\u0131 Erdo\u011fan&#8217;\u0131n K\u00f6rfez ziyaretinin son dura\u011f\u0131 ise Birle\u015fik Arap Emirlikleri (BAE) oldu.<\/p>\n<p>Erdo\u011fan&#8217;\u0131n, BAE Devlet Ba\u015fkan\u0131 \u015eeyh Muhammed Bin Zayed Al Nahyan ile bir araya geldi\u011fi ziyarette, T\u00fcrkiye ile Birle\u015fik Arap Emirlikleri aras\u0131nda 50,7 milyar dolarl\u0131k anla\u015fma imzaland\u0131.<\/p>\n<p><img decoding=\"async\" alt=\"\" src=\"https:\/\/www.aa.com.tr\/uploads\/userFiles\/de89f914-66b1-4a0b-9347-13c0eafe70cc\/2023%2F07%2FAA-31716894.jpg\"\/><\/p>\n<p>Muhtelif alanlarda 13 belgenin imzalan\u0131p kabul edildi\u011fi ziyarette, T\u00fcrkiye Cumhurba\u015fkan\u0131 ve Birle\u015fik Arap Emirlikleri Devlet Ba\u015fkan\u0131&#8217;n\u0131n ba\u015fkanl\u0131k edecekleri bir &#8220;Y\u00fcksek D\u00fczeyli Stratejik Konsey&#8221; kurma konusunda mutabakata var\u0131ld\u0131.<\/p>\n<p>S\u00f6z konusu ortak mutabakat ile Birle\u015fik Arap Emirlikleri ile T\u00fcrkiye ili\u015fkilerinin stratejik ortakl\u0131k seviyesine \u00e7\u0131kart\u0131ld\u0131\u011f\u0131 ziyarette, enerji, ula\u015ft\u0131rma, altyap\u0131, lojistik, e-ticaret, finans, sa\u011fl\u0131k, g\u0131da, turizm, emlak, in\u015faat, savunma sanayi, yapay zeka ve ileri teknolojiler gibi alanlarda mevcut i\u015fbirli\u011finin derinle\u015ftirilmesi kararla\u015ft\u0131r\u0131ld\u0131.<\/p>\n<p>                            <span class=\"detay-foto-editor\">&#13;<br \/>\n                                <a href=\"https:\/\/www.aa.com.tr\/tr\/p\/abonelik-talep-formu\/1001\" target=\"_blank\" style=\"font-size:12px; color:#444; text-decoration:none;\" rel=\"noopener\">&#13;<br \/>\n                                    Anadolu Ajans\u0131 web sitesinde, AA Haber Ak\u0131\u015f Sistemi (HAS) \u00fczerinden abonelere sunulan haberler, \u00f6zetlenerek yay\u0131mlanmaktad\u0131r. <b style=\"color:#1897F7\">Abonelik i\u00e7in l\u00fctfen ileti\u015fime ge\u00e7iniz.<\/b>&#13;<br \/>\n                                <\/a>&#13;<br \/>\n                            <\/span>\n                        <\/div>\n<p><script>\n\t  window.fbAsyncInit = function() {\n\t\tFB.init({\n\t\t  appId: '1855843514662870',\n\t\t  status : true, \/\/ check login status\n\t\t  cookie : true, \/\/ enable cookies to allow the server to access the session\n\t\t  xfbml  : true  \/\/ parse XFBML\n\t\t});\n\t  };<\/p>\n<p>\t  (function() {\n\t\tvar e = document.createElement('script');\n\t\te.src=\"https:\/\/connect.facebook.net\/tr_TR\/all.js\";\n\t\te.async = true;\n\t\tdocument.getElementById('fb-root').appendChild(e);\n\t  }());\n    <\/script><\/p>\n","protected":false},"excerpt":{"rendered":"<p>AA muhabirinin derledi\u011fi bilgilere g\u00f6re, Cumhurba\u015fkan\u0131 Recep Tayyip Erdo\u011fan&#8217;\u0131n K\u00f6rfez turunun ilk dura\u011f\u0131 Suudi Arabistan&#8217;\u0131n Cidde kenti oldu. Erdo\u011fan&#8217;\u0131n, Veliaht Prensi Muhammed bin Selman bin Abd\u00fclaziz El Suud ile bir araya geldi\u011fi ziyarette, T\u00fcrk ve Suudi Arabistan heyetleri aras\u0131nda 5 yeni mutabakat zapt\u0131 imzaland\u0131. &#8220;Kabiliyetler, Savunma Sanayii, Ara\u015ft\u0131rma ve Geli\u015ftirme Alanlar\u0131nda \u0130\u015fbirli\u011fine \u0130li\u015fkin Uygulama Plan\u0131&#8221;, [&hellip;]<\/p>\n","protected":false},"author":1,"featured_media":10099,"comment_status":"","ping_status":"","sticky":false,"template":"","format":"standard","meta":[],"categories":[47],"tags":[],"_links":{"self":[{"href":"https:\/\/kraios.app\/news\/wp-json\/wp\/v2\/posts\/10098"}],"collection":[{"href":"https:\/\/kraios.app\/news\/wp-json\/wp\/v2\/posts"}],"about":[{"href":"https:\/\/kraios.app\/news\/wp-json\/wp\/v2\/types\/post"}],"author":[{"embeddable":true,"href":"https:\/\/kraios.app\/news\/wp-json\/wp\/v2\/users\/1"}],"replies":[{"embeddable":true,"href":"https:\/\/kraios.app\/news\/wp-json\/wp\/v2\/comments?post=10098"}],"version-history":[{"count":0,"href":"https:\/\/kraios.app\/news\/wp-json\/wp\/v2\/posts\/10098\/revisions"}],"wp:featuredmedia":[{"embeddable":true,"href":"https:\/\/kraios.app\/news\/wp-json\/wp\/v2\/media\/10099"}],"wp:attachment":[{"href":"https:\/\/kraios.app\/news\/wp-json\/wp\/v2\/media?parent=10098"}],"wp:term":[{"taxonomy":"category","embeddable":true,"href":"https:\/\/kraios.app\/news\/wp-json\/wp\/v2\/categories?post=10098"},{"taxonomy":"post_tag","embeddable":true,"href":"https:\/\/kraios.app\/news\/wp-json\/wp\/v2\/tags?post=10098"}],"curies":[{"name":"wp","href":"https:\/\/api.w.org\/{rel}","templated":true}]}}