{"id":10074,"date":"2023-07-23T16:20:06","date_gmt":"2023-07-23T16:20:06","guid":{"rendered":"https:\/\/kraios.app\/news\/siyaset\/2023\/07\/23\/bugun-misakimilli-dedigimizde-mavi-vatandan-siber-vatandan-konusmak-mecburiyetindeyiz\/"},"modified":"2023-07-23T16:20:06","modified_gmt":"2023-07-23T16:20:06","slug":"bugun-misakimilli-dedigimizde-mavi-vatandan-siber-vatandan-konusmak-mecburiyetindeyiz","status":"publish","type":"post","link":"https:\/\/kraios.app\/news\/siyaset\/2023\/07\/23\/bugun-misakimilli-dedigimizde-mavi-vatandan-siber-vatandan-konusmak-mecburiyetindeyiz\/","title":{"rendered":"Bug\u00fcn Misak\u0131milli dedi\u011fimizde mavi vatandan, siber vatandan konu\u015fmak mecburiyetindeyiz"},"content":{"rendered":"<p><\/p>\n<div>\n<p>TBMM Ba\u015fkan\u0131 Numan Kurtulmu\u015f, &#8220;B\u00fct\u00fcn d\u00fcnya \u00fclkeleri, hele d\u00fcnyada b\u00fcy\u00fck iddialar\u0131 olan b\u00fcy\u00fck \u00fclkeler uzayda yar\u0131\u015f yaparken, uzayda b\u00fcy\u00fck bir m\u00fccadele verirken T\u00fcrkiye&#8217;nin bundan geri kalmas\u0131, kendi s\u0131n\u0131rlar\u0131n\u0131 koruyabilme kabiliyetini azaltacak bir husustur. Onun i\u00e7in diyoruz ki d\u00fcn Misak\u0131milli ne kadar \u00f6nemliyse bug\u00fcn uzay vatan da siber vatan da o kadar \u00f6nemlidir.&#8221; dedi.<\/p>\n<p>Kurtulmu\u015f, Erzurum Kongre Binas\u0131&#8217;nda d\u00fczenlenen Erzurum Kongresi&#8217;nin 104. Y\u0131l\u0131 Kutlama T\u00f6reni&#8217;nde, T\u00fcrk milletinin \u00e7ok \u015ferefli ve \u00e7ok g\u00fc\u00e7l\u00fc bir tarihe sahip oldu\u011funu s\u00f6yledi.<\/p>\n<p><img decoding=\"async\" alt=\"\" src=\"https:\/\/www.aa.com.tr\/uploads\/userFiles\/88e4063b-7018-4331-b06e-f0cb513ac64c\/2023%2F07%2Fkurtulmus23-1.jpg\"\/><\/p>\n<p>Erzurum Kongresi&#8217;nin, T\u00fcrkiye&#8217;nin yak\u0131n tarihi bak\u0131m\u0131ndan d\u00f6n\u00fcm noktas\u0131 oldu\u011funu belirten Kurtulmu\u015f, \u015f\u00f6yle konu\u015ftu:<\/p>\n<p>&#8220;\u0130\u015fgale u\u011fram\u0131\u015f, ordusu da\u011f\u0131lm\u0131\u015f, topu, t\u00fcfe\u011fi de\u011fil, kazmas\u0131, k\u00fcre\u011fi dahi kalmam\u0131\u015f bir millet &#8216;Ya Allah&#8217; diyerek aya\u011fa kalkt\u0131 ve yeniden \u00f6zg\u00fcrl\u00fck, istiklal ve istikbal m\u00fccadelesini verdi\u011fi o g\u00fcnlerin tarihi d\u00f6n\u00fcm noktalar\u0131ndan birisi Erzurum Kongresi&#8217;dir. Gazi Mustafa Kemal Atat\u00fcrk&#8217;\u00fcn Havza ve Amasya tamimlerinden sonra ger\u00e7ekle\u015ftirdi\u011fi Erzurum Kongresi, ayn\u0131 zamanda yeni d\u00f6nemin ba\u015flang\u0131c\u0131, o ac\u0131lardan kurtulu\u015fun ve istiklal m\u00fccadelesi vermenin en \u00f6nemli d\u00f6n\u00fcm noktalar\u0131ndan birisiydi.&#8221;<\/p>\n<p>Erzurum Kongresi ruhunun asla unutulmayaca\u011f\u0131n\u0131 vurgulayan Kurtulmu\u015f, Misak\u0131milli&#8217;nin vazge\u00e7ilmez bir vatan s\u0131n\u0131r\u0131 oldu\u011fu ilan\u0131n\u0131n bu kongrede yap\u0131ld\u0131\u011f\u0131na i\u015faret etti.<\/p>\n<h3>&#8220;Bug\u00fcn Misak\u0131milli dedi\u011fimizde siber vatandan konu\u015fmak mecburiyetindeyiz&#8221;<\/h3>\n<p>Misak\u0131milli&#8217;nin \u00f6nemine de\u011finen Kurtulmu\u015f, s\u00f6zlerini \u015f\u00f6yle s\u00fcrd\u00fcrd\u00fc:<\/p>\n<p>&#8220;Misak\u0131milli dedi\u011fimiz \u015fey, sadece o g\u00fcnk\u00fc Misak\u0131milli&#8217;den ibaret de\u011fildir. Bug\u00fcn Misak\u0131milli dedi\u011fimizde mavi vatandan bahsetmek zorunday\u0131z. Bug\u00fcn Misak\u0131milli dedi\u011fimizde siber vatandan, uzay vatandan konu\u015fmak mecburiyetindeyiz. \u00c7\u00fcnk\u00fc T\u00fcrkiye olarak, tarihimiz boyunca, Sultan Alparslan&#8217;\u0131n bize yurt olarak kap\u0131lar\u0131n\u0131 sonuna kadar a\u00e7t\u0131\u011f\u0131 Anadolu topraklar\u0131ndaki varl\u0131\u011f\u0131m\u0131z\u0131n ilk g\u00fcn\u00fcnden itibaren, inan\u0131n ki \u015f\u00f6yle s\u0131rt\u0131m\u0131z\u0131 arkaya yaslayarak, rahat i\u00e7erisinde, huzur i\u00e7erisinde, s\u0131k\u0131nt\u0131s\u0131z ya\u015fad\u0131\u011f\u0131m\u0131z neredeyse bir tek g\u00fcn\u00fcm\u00fcz olmam\u0131\u015ft\u0131r. Hep m\u00fccadeleyle ge\u00e7mi\u015ftir. Hep d\u00fc\u015fman sald\u0131r\u0131lar\u0131yla ge\u00e7mi\u015ftir. Hep d\u00fcnya \u00fczerinde atalar\u0131m\u0131z\u0131n g\u00f6sterdi\u011fi gibi yol \u00e7izmek, y\u00f6n vermek, m\u00fccadele etmekle ge\u00e7mi\u015ftir.&#8221;<\/p>\n<p><img decoding=\"async\" alt=\"\" src=\"https:\/\/admin.aa.com.tr\/uploads\/userFiles\/88e4063b-7018-4331-b06e-f0cb513ac64c\/2023%2F07%2Fkurtulmus23-2.jpg\"\/><\/p>\n<p>Kurtulmu\u015f, &#8220;Anadolu topraklar\u0131ndaki \u00fclke varl\u0131\u011f\u0131n\u0131n, varl\u0131\u011f\u0131m\u0131z\u0131n en \u00f6nemli hususiyetlerinden birisi, en son yakla\u015f\u0131k 5 milyon kilometrekare olan Osmanl\u0131 cihan devletinin 20 sene i\u00e7erisinde parampar\u00e7a edilerek, b\u00f6l\u00fck p\u00f6r\u00e7\u00fck par\u00e7alanmas\u0131ndan sonra i\u015fte Erzurum Kongresi&#8217;ndeki ruh, Misak\u0131milli s\u0131n\u0131rlar\u0131n\u0131 yeniden belirleyen ve bu s\u0131n\u0131rlar \u00fczerinde aya\u011fa kalkmam\u0131z\u0131 sa\u011flayan bir ruhtur.&#8221; ifadelerini kulland\u0131.<\/p>\n<p>O d\u00f6nemlerdeki gibi bug\u00fcn de \u00e7ok sorunlar bulundu\u011funu belirten Kurtulmu\u015f, Misak\u0131milli&#8217;ye benzer \u015fekilde mavi vatan hedeflerinden vazge\u00e7meden y\u00fcr\u00fcmek mecburiyetinde olduklar\u0131n\u0131 vurgulad\u0131.<\/p>\n<h3>&#8220;Erzurum Kongresi&#8217;nin ruhuna sahip \u00e7\u0131kaca\u011f\u0131z&#8221;<\/h3>\n<p>Hem T\u00fcrkiye hem KKTC&#8217;nin egemenlik haklar\u0131n\u0131 sonuna kadar koruyacaklar\u0131n\u0131, buradan (denizlerden) \u00e7\u0131kar\u0131lacak do\u011fal gaz ve petrolle \u00fclkenin ve Kuzey K\u0131br\u0131s&#8217;\u0131n geli\u015fmesini sa\u011flayacaklar\u0131n\u0131 anlatan Kurtulmu\u015f, \u015funlar\u0131 kaydetti:<\/p>\n<p>&#8220;B\u00fct\u00fcn d\u00fcnya \u00fclkeleri, hele d\u00fcnyada b\u00fcy\u00fck iddialar\u0131 olan b\u00fcy\u00fck \u00fclkeler uzayda yar\u0131\u015f yaparken, uzayda b\u00fcy\u00fck bir m\u00fccadele verirken T\u00fcrkiye&#8217;nin bundan geri kalmas\u0131, kendi s\u0131n\u0131rlar\u0131n\u0131 koruyabilme kabiliyetini azaltacak bir husustur. Onun i\u00e7in diyoruz ki d\u00fcn Misak\u0131milli ne kadar \u00f6nemliyse bug\u00fcn uzay vatan da siber vatan da o kadar \u00f6nemlidir. Erzurum Kongresi&#8217;nden \u015fahsen benim \u00e7\u0131kard\u0131\u011f\u0131m birinci ders budur. Misak\u0131milli&#8217;yi bug\u00fcn\u00fcn anlay\u0131\u015f\u0131 i\u00e7erisinde yeniden g\u00fc\u00e7l\u00fc bir \u015fekilde de\u011ferlendirecek ve T\u00fcrkiye&#8217;nin milli menfaatlerini koruyacak her t\u00fcrl\u00fc ad\u0131m\u0131 atmakta teredd\u00fct g\u00f6stermeyece\u011fiz.<\/p>\n<p><img decoding=\"async\" alt=\"\" src=\"https:\/\/admin.aa.com.tr\/uploads\/userFiles\/88e4063b-7018-4331-b06e-f0cb513ac64c\/2023%2F07%2Fkurtulmus23-3.jpg\"\/><\/p>\n<p>\u0130kincisi ise o g\u00fcn\u00fcn d\u00fcnyas\u0131nda topu t\u00fcfe\u011fi kalmam\u0131\u015f, kazmas\u0131, k\u00fcre\u011fi kalmam\u0131\u015f bir milletin, parampar\u00e7a olmu\u015f koskoca bir cihan devletinin \u00fczerinde, k\u00fcllerinin \u00fczerinde aya\u011fa kalkan, Misak\u0131milli ruhuna sahip \u00e7\u0131kan, Kuvay\u0131milliye&#8217;ye sahip \u00e7\u0131kan ecdad\u0131m\u0131z, ayn\u0131 zamanda da bir \u015fekilde T\u00fcrkiye&#8217;nin mandac\u0131 ve himayeci anlay\u0131\u015fla asla y\u00fcr\u00fcmeyece\u011fini, yani ba\u011f\u0131ms\u0131z bir \u00fclke olarak aya\u011fa kalkmaktan ba\u015fka \u00e7aresi olmad\u0131\u011f\u0131n\u0131 c\u00fcmle aleme ilan etmi\u015ftir. Bu tam ba\u011f\u0131ms\u0131z T\u00fcrkiye ideali etraf\u0131nda g\u00fcc\u00fcm\u00fcz\u00fc bilerek, hayale kap\u0131lmadan rasyonel bir \u015fekilde bu \u00fclkenin hem g\u00fcc\u00fcn\u00fc hem itibar\u0131n\u0131 art\u0131rmakt\u0131r. Bu nedenle Erzurum Kongresi&#8217;nin ruhuna sahip \u00e7\u0131kaca\u011f\u0131z.&#8221;<\/p>\n<p>Erzurum Kongresi ruhundan \u00e7\u0131kard\u0131\u011f\u0131 \u00fc\u00e7\u00fcnc\u00fc temel dersin ise &#8220;her zaman milletin de\u011ferlerine ve k\u00fclt\u00fcr\u00fcne sahip \u00e7\u0131k\u0131lmas\u0131&#8221; oldu\u011funu belirten Kurtulmu\u015f, birlikte uzla\u015farak, anla\u015farak i\u015flerini isti\u015fareyle yapmak mecburiyetinde olduklar\u0131n\u0131 s\u00f6yledi.<\/p>\n<p>Kurtulmu\u015f, Erzurum Kongresi&#8217;nin bug\u00fcn ya\u015fayan canl\u0131 bir kongre oldu\u011funu dile getirerek, &#8220;Erzurum Kongresi&#8217;ni o zor \u015fartlarda bir araya getiren \u015fey Anadolu&#8217;nun irfan\u0131d\u0131r, bu milletin \u00f6z\u00fcd\u00fcr, bu milletin hakikatidir, bu milletin inan\u00e7lar\u0131d\u0131r, bu milletin de\u011ferleridir. Erzurum Kongresi&#8217;ni bir araya getiren ve tarihi bir ad\u0131m olarak \u00f6n\u00fcm\u00fcze koyan \u015fey, birlik ve beraberlik ruhudur. Bu hususlardan asla taviz vermeden, Erzurum Kongresi&#8217;nin bize sa\u011flad\u0131\u011f\u0131 bu milli \u015fuuru sonuna kadar kullanacak ve milletimize, gen\u00e7lerimize \u00f6\u011fretece\u011fiz.&#8221; ifadelerini kulland\u0131.<\/p>\n<p><img decoding=\"async\" alt=\"\" src=\"https:\/\/admin.aa.com.tr\/uploads\/userFiles\/88e4063b-7018-4331-b06e-f0cb513ac64c\/2023%2F07%2Fkurtulmus23-4.jpg\"\/><\/p>\n<h3>G\u00fc\u00e7l\u00fc ve b\u00fcy\u00fck T\u00fcrkiye iradesinin merkezinde de yine Erzurum Kongresi ruhu var&#8221;<\/h3>\n<p>Kurtulmu\u015f, Erzurum Kongresi&#8217;nin ard\u0131ndan Gazi Mustafa Kemal Atat\u00fcrk&#8217;\u00fcn ve Cumhuriyet&#8217;in kurucu kadrolar\u0131n\u0131n ger\u00e7ekle\u015ftirdi\u011fi \u00f6nemli iki konu oldu\u011funu, bunlar\u0131n birisinin ekonomi alan\u0131nda at\u0131lan ad\u0131mlar, di\u011ferinin ise d\u0131\u015f politikada ortaya konulan perspektif oldu\u011funu s\u00f6yledi.<\/p>\n<p>Cumhuriyet&#8217;in ilan\u0131n ard\u0131ndan ge\u00e7en s\u00fcrede T\u00fcrkiye&#8217;nin g\u00fc\u00e7l\u00fc bir konuma gelmesinde eme\u011fi ge\u00e7en herkese \u015f\u00fckranlar\u0131n\u0131 sunan Kurtulmu\u015f, &#8220;Allah&#8217;\u0131n izniyle bu aziz milletin \u00f6n\u00fcnde yeni bir d\u00f6nem vard\u0131r. Hi\u00e7 abart\u0131s\u0131z yine ifade ediyorum ki d\u00fcnyadaki geli\u015fmeler, b\u00f6lgesel ve k\u00fcresel geli\u015fmeler, T\u00fcrkiye&#8217;nin \u00f6n\u00fcnde Cumhuriyet&#8217;imizin ikinci asr\u0131n\u0131 yeni bir f\u0131rsat kap\u0131s\u0131 olarak sonuna kadar a\u00e7makta, sonuna kadar aralamaktad\u0131r.&#8221; dedi.<\/p>\n<p>Kurtulmu\u015f, g\u00fc\u00e7l\u00fc ve b\u00fcy\u00fck T\u00fcrkiye iradesinin merkezinde de yine Erzurum Kongresi ruhunun oldu\u011funu belirtti.<\/p>\n<p><img decoding=\"async\" alt=\"\" src=\"https:\/\/admin.aa.com.tr\/uploads\/userFiles\/88e4063b-7018-4331-b06e-f0cb513ac64c\/2023%2F07%2Fkurtulmus23-5.jpg\"\/><\/p>\n<h3>&#8220;T\u00fcrkiye&#8217;yi her alanda g\u00fc\u00e7l\u00fc k\u0131laca\u011f\u0131z&#8221;<\/h3>\n<p>Ayn\u0131 iradeyi ku\u015fanarak, \u00fclkenin gelecek y\u0131llara daha g\u00fc\u00e7l\u00fc haz\u0131rlanaca\u011f\u0131n\u0131 vurgulayan Kurtulmu\u015f, \u015f\u00f6yle konu\u015ftu:<\/p>\n<p>&#8220;Her alanda g\u00fc\u00e7l\u00fc ve b\u00fcy\u00fck T\u00fcrkiye&#8217;yi, yeniden g\u00fc\u00e7l\u00fc b\u00fcy\u00fck T\u00fcrkiye&#8217;yi hep beraber kuracak iradenin merkezi, Erzurum Kongresi&#8217;nde var olan iradedir. O iradeyi yeniden ku\u015fanarak, yani T\u00fcrkiye&#8217;nin tam ba\u011f\u0131ms\u0131zl\u0131k istikametinde m\u00fccadelesini aksatmadan s\u00fcrd\u00fcrerek, T\u00fcrkiye&#8217;de toplumsal b\u00fct\u00fcnl\u00fc\u011f\u00fc sa\u011flayarak, birlik, beraberlik i\u00e7erisinde ortak milli hedeflerimizle y\u00fcr\u00fcyerek bu \u00fclkeyi, bu aziz milleti g\u00fc\u00e7l\u00fc bir \u015fekilde ayakta tutan milli ve manevi de\u011ferlerimizi ortak paydam\u0131z olarak kabul ederek, yolumuza devam edece\u011fiz. Hi\u00e7 \u015f\u00fcphesiz Allah nasip ederse Erzurum Kongresi&#8217;nin 204. y\u0131l d\u00f6n\u00fcm\u00fcn\u00fc kutlayacak olan evlatlar\u0131m\u0131z \u00e7ok daha b\u00fcy\u00fck bir T\u00fcrkiye&#8217;nin insanlar\u0131 olarak, \u00e7ok daha b\u00fcy\u00fck bir \u00f6zg\u00fcvenle konu\u015facaklard\u0131r. Bunun i\u00e7in sorumluluk bize d\u00fc\u015f\u00fcyor, bu d\u00f6nemde ya\u015fayanlara d\u00fc\u015f\u00fcyor. T\u00fcrkiye&#8217;yi her alanda g\u00fc\u00e7l\u00fc k\u0131laca\u011f\u0131z. T\u00fcrkiye&#8217;yi sanayide, k\u00fclt\u00fcrde, sporda, e\u011fitimde, her alanda d\u00fcnya liginin en \u00fcst mertebesine \u00e7\u0131karaca\u011f\u0131z. Bunun i\u00e7in \u00f6n\u00fcm\u00fczdeki Cumhuriyet&#8217;in ikinci asr\u0131n\u0131, s\u00f6z\u00fc g\u00fc\u00e7l\u00fc, g\u00fcc\u00fc tesirli bir T\u00fcrkiye&#8217;nin y\u00fczy\u0131l\u0131 haline getirece\u011fiz. Tekrar ifade etmek istiyorum, g\u00fc\u00e7l\u00fc, g\u00fcc\u00fc tesirli bir T\u00fcrkiye&#8217;nin y\u00fczy\u0131l\u0131 haline getirece\u011fiz.&#8221;<\/p>\n<p>T\u00fcrkiye&#8217;nin \u015fahlan\u0131\u015f\u0131n\u0131n Orta Asya&#8217;dan Balkanlar&#8217;a, Kafkaslar&#8217;dan G\u00fcney Afrika&#8217;ya kadar herkesi ilgilendirdi\u011fine i\u015faret eden Kurtulmu\u015f, &#8220;G\u00fc\u00e7l\u00fc b\u00fcy\u00fck T\u00fcrkiye, d\u00fcnyan\u0131n teminat\u0131, b\u00f6lge bar\u0131\u015f\u0131n\u0131n teminat\u0131, insanl\u0131\u011f\u0131n teminat\u0131d\u0131r. G\u00fc\u00e7l\u00fc, b\u00fcy\u00fck T\u00fcrkiye, Allah&#8217;\u0131n izniyle insanl\u0131\u011f\u0131n ortak de\u011ferlerde bulu\u015fmas\u0131n\u0131 sa\u011flayacak, insanl\u0131\u011f\u0131n en b\u00fcy\u00fck \u00e7ekim merkezlerinden birisi olacakt\u0131r. \u0130\u015fte Erzurum Kongresi&#8217;nin ruhunu \u00f6n\u00fcm\u00fczde yeni hedefler koyarak, istikametlerde b\u00fct\u00fcnle\u015ferek, farkl\u0131l\u0131klar\u0131m\u0131z\u0131 bir tarafa koyarak, milli ama\u00e7lar\u0131m\u0131z ve hedeflerimiz do\u011frultusunda milli seciyemiz, ahlak\u0131m\u0131z, ba\u011f\u0131ms\u0131zl\u0131k ruhumuz \u00e7er\u00e7evesinde birle\u015fmek, b\u00fct\u00fcnle\u015fmek ve y\u00fcr\u00fcmektir.&#8221; diye konu\u015ftu.<\/p>\n<h3>&#8220;D\u00fcnya \u00f6l\u00e7e\u011finde b\u00fcy\u00fck bir idealimiz vard\u0131r. O da Nizam-\u0131 Alem davas\u0131d\u0131r&#8221;<\/h3>\n<p>Erzurum Kongresi \u00f6ncesi Erzurum&#8217;da Ermeni mezaliminin oldu\u011funa dikkati \u00e7eken Kurtulmu\u015f, &#8220;Ya\u015fananlardan tam bir y\u0131l i\u00e7erisinde aya\u011fa kalkm\u0131\u015f, bir y\u0131l i\u00e7erisinde \u015fahsiyetine, milli onuruna ve ba\u011f\u0131ms\u0131zl\u0131\u011f\u0131na sahip \u00e7\u0131km\u0131\u015f bir milletiz. Bu milletin b\u00f6yle b\u00fcy\u00fck bir karakteri var ama bu milletin bir ba\u015fka \u00f6nemli \u00f6zelli\u011fi daha var. Anadolu topraklar\u0131na geldi\u011fimiz ilk g\u00fcnden itibaren, d\u00fcnya \u00f6l\u00e7e\u011finde b\u00fcy\u00fck bir idealimiz vard\u0131r. O da Nizam-\u0131 Alem davas\u0131d\u0131r.&#8221; dedi.<\/p>\n<p>Kurtulmu\u015f, konu\u015fmas\u0131n\u0131 \u015f\u00f6yle tamamlad\u0131:<\/p>\n<p>&#8220;Biz sadece T\u00fcrkiye olarak g\u00fc\u00e7l\u00fc olmak, sadece Anadolu insan\u0131 olarak g\u00fc\u00e7l\u00fc ve m\u00fcreffeh olmak de\u011fil, d\u00fcnyadaki b\u00fct\u00fcn insanlar\u0131n dini, dili, \u0131rk\u0131, medeniyeti ne olursa olsun, b\u00fct\u00fcn insanlar\u0131n huzur i\u00e7erisinde ya\u015famas\u0131 i\u00e7in Nizam-\u0131 Alem davas\u0131na sahip \u00e7\u0131km\u0131\u015f olan bir milletin \u00e7ocuklar\u0131y\u0131z. \u0130n\u015fallah Cumhuriyet&#8217;imizin ikinci asr\u0131 d\u00fcnyada bar\u0131\u015f\u0131n, \u00f6zg\u00fcrl\u00fc\u011f\u00fcn, hakkaniyetin, adaletin ve yeni bir d\u00fcnya sisteminin kurucu g\u00fcc\u00fc, \u00f6nc\u00fc g\u00fcc\u00fc olan T\u00fcrkiye&#8217;nin y\u00fczy\u0131l\u0131 olacakt\u0131r. Hep beraber bu ama\u00e7la \u00e7al\u0131\u015faca\u011f\u0131z, gayret edece\u011fiz ve Allah&#8217;\u0131n izniyle nice g\u00fczel g\u00fcnleri hep birlikte ya\u015fayaca\u011f\u0131z. Bu vesileyle Erzurum Kongresi&#8217;ne \u015ferefle kat\u0131lan, o zor g\u00fcnlerde milli istiklali, milli karar\u0131m\u0131z\u0131n milli duru\u015fumuzun ve karakterimizin en temel unsuru olarak g\u00f6ren, ba\u015fta Gazi Mustafa Kemal Atat\u00fcrk olmak \u00fczere Erzurum Kongresi&#8217;nin b\u00fct\u00fcn kahramanlar\u0131n\u0131, isimlerini her birinizin bildi\u011fi o de\u011ferli insanlar\u0131 sayg\u0131yla, minnetle, \u015f\u00fckranla yad ediyoruz. Allah T\u00fcrkiye Cumhuriyeti&#8217;nin kurulu\u015funda canlar\u0131yla, kanlar\u0131yla m\u00fccadele eden bize yol a\u00e7an, bize hedef g\u00f6steren b\u00fct\u00fcn ecdad\u0131m\u0131zdan raz\u0131 olsun.&#8221;<\/p>\n<h3>Erzurum Kongresi&#8217;nin 104. y\u0131l d\u00f6n\u00fcm\u00fc t\u00f6renle kutland\u0131<\/h3>\n<p>Erzurum Kongresi&#8217;nin 104. Y\u0131l\u0131 Kutlama T\u00f6reni kapsam\u0131nda Kurtulmu\u015f, Erzurum Valisi Okay Memi\u015f, 9. Kolordu ve Garnizon Komutan\u0131 T\u00fcmgeneral Fedai \u00dcnsal, B\u00fcy\u00fck\u015fehir Belediye Ba\u015fkan\u0131 Mehmet Sekmen, Havuzba\u015f\u0131&#8217;ndaki Atat\u00fcrk An\u0131t\u0131&#8217;na \u00e7elenk sundu.<\/p>\n<p>Erzurum Devlet Tiyatrosu oyuncular\u0131, Kongre Binas\u0131&#8217;nda &#8220;Erzurum Kongresi&#8221;ni canland\u0131rd\u0131. Programda, Kurtulmu\u015f, temsili asker taraf\u0131ndan takdim edilen T\u00fcrk bayra\u011f\u0131n\u0131 \u00f6perek ald\u0131.<\/p>\n<p>Erzurum Kongresi&#8217;nde al\u0131nan kararlar\u0131n bas\u0131ld\u0131\u011f\u0131 gazetenin vatanda\u015flara da\u011f\u0131t\u0131ld\u0131\u011f\u0131 program, halk oyunlar\u0131 ekibinin ve Erzurum B\u00fcy\u00fck\u015fehir Belediyesi Mehteran Tak\u0131m\u0131&#8217;n\u0131n g\u00f6sterileriyle sona erdi.<\/p>\n<p>Kurtulmu\u015f ve beraberindekiler Erzurum Kongre Binas\u0131 \u00f6n\u00fcnde kat\u0131l\u0131mc\u0131larla hat\u0131ra foto\u011fraf\u0131 \u00e7ektirdi.<\/p>\n<p>                            <span class=\"detay-foto-editor\">&#13;<br \/>\n                                <a href=\"https:\/\/www.aa.com.tr\/tr\/p\/abonelik-talep-formu\/1001\" target=\"_blank\" style=\"font-size:12px; color:#444; text-decoration:none;\" rel=\"noopener\">&#13;<br \/>\n                                    Anadolu Ajans\u0131 web sitesinde, AA Haber Ak\u0131\u015f Sistemi (HAS) \u00fczerinden abonelere sunulan haberler, \u00f6zetlenerek yay\u0131mlanmaktad\u0131r. <b style=\"color:#1897F7\">Abonelik i\u00e7in l\u00fctfen ileti\u015fime ge\u00e7iniz.<\/b>&#13;<br \/>\n                                <\/a>&#13;<br \/>\n                            <\/span>\n                        <\/div>\n<p><script>\n\t  window.fbAsyncInit = function() {\n\t\tFB.init({\n\t\t  appId: '1855843514662870',\n\t\t  status : true, \/\/ check login status\n\t\t  cookie : true, \/\/ enable cookies to allow the server to access the session\n\t\t  xfbml  : true  \/\/ parse XFBML\n\t\t});\n\t  };<\/p>\n<p>\t  (function() {\n\t\tvar e = document.createElement('script');\n\t\te.src=\"https:\/\/connect.facebook.net\/tr_TR\/all.js\";\n\t\te.async = true;\n\t\tdocument.getElementById('fb-root').appendChild(e);\n\t  }());\n    <\/script><\/p>\n","protected":false},"excerpt":{"rendered":"<p>TBMM Ba\u015fkan\u0131 Numan Kurtulmu\u015f, &#8220;B\u00fct\u00fcn d\u00fcnya \u00fclkeleri, hele d\u00fcnyada b\u00fcy\u00fck iddialar\u0131 olan b\u00fcy\u00fck \u00fclkeler uzayda yar\u0131\u015f yaparken, uzayda b\u00fcy\u00fck bir m\u00fccadele verirken T\u00fcrkiye&#8217;nin bundan geri kalmas\u0131, kendi s\u0131n\u0131rlar\u0131n\u0131 koruyabilme kabiliyetini azaltacak bir husustur. Onun i\u00e7in diyoruz ki d\u00fcn Misak\u0131milli ne kadar \u00f6nemliyse bug\u00fcn uzay vatan da siber vatan da o kadar \u00f6nemlidir.&#8221; dedi. Kurtulmu\u015f, Erzurum [&hellip;]<\/p>\n","protected":false},"author":1,"featured_media":10075,"comment_status":"","ping_status":"","sticky":false,"template":"","format":"standard","meta":[],"categories":[47],"tags":[],"_links":{"self":[{"href":"https:\/\/kraios.app\/news\/wp-json\/wp\/v2\/posts\/10074"}],"collection":[{"href":"https:\/\/kraios.app\/news\/wp-json\/wp\/v2\/posts"}],"about":[{"href":"https:\/\/kraios.app\/news\/wp-json\/wp\/v2\/types\/post"}],"author":[{"embeddable":true,"href":"https:\/\/kraios.app\/news\/wp-json\/wp\/v2\/users\/1"}],"replies":[{"embeddable":true,"href":"https:\/\/kraios.app\/news\/wp-json\/wp\/v2\/comments?post=10074"}],"version-history":[{"count":0,"href":"https:\/\/kraios.app\/news\/wp-json\/wp\/v2\/posts\/10074\/revisions"}],"wp:featuredmedia":[{"embeddable":true,"href":"https:\/\/kraios.app\/news\/wp-json\/wp\/v2\/media\/10075"}],"wp:attachment":[{"href":"https:\/\/kraios.app\/news\/wp-json\/wp\/v2\/media?parent=10074"}],"wp:term":[{"taxonomy":"category","embeddable":true,"href":"https:\/\/kraios.app\/news\/wp-json\/wp\/v2\/categories?post=10074"},{"taxonomy":"post_tag","embeddable":true,"href":"https:\/\/kraios.app\/news\/wp-json\/wp\/v2\/tags?post=10074"}],"curies":[{"name":"wp","href":"https:\/\/api.w.org\/{rel}","templated":true}]}}