{"id":10063,"date":"2023-07-23T11:20:08","date_gmt":"2023-07-23T11:20:08","guid":{"rendered":"https:\/\/kraios.app\/news\/siyaset\/2023\/07\/23\/ak-parti-sozcusu-celikten-danimarkada-kuran-i-kerime-yonelik-saldiriya-tepki\/"},"modified":"2023-07-23T11:20:08","modified_gmt":"2023-07-23T11:20:08","slug":"ak-parti-sozcusu-celikten-danimarkada-kuran-i-kerime-yonelik-saldiriya-tepki","status":"publish","type":"post","link":"https:\/\/kraios.app\/news\/siyaset\/2023\/07\/23\/ak-parti-sozcusu-celikten-danimarkada-kuran-i-kerime-yonelik-saldiriya-tepki\/","title":{"rendered":"AK Parti S\u00f6zc\u00fcs\u00fc \u00c7elik&#039;ten Danimarka&#039;da Kur&#039;an-\u0131 Kerim&#039;e y\u00f6nelik sald\u0131r\u0131ya tepki"},"content":{"rendered":"<p>AK Parti Genel Ba\u015fkan Yard\u0131mc\u0131s\u0131 ve Parti S\u00f6zc\u00fcs\u00fc \u00d6mer \u00c7elik, Danimarka&#8217;da Kur&#8217;an-\u0131 Kerim&#8217;e y\u00f6nelik ger\u00e7ekle\u015ftirilen eylemi lanetledi.<\/p>\n","protected":false},"excerpt":{"rendered":"<p>AK Parti Genel Ba\u015fkan Yard\u0131mc\u0131s\u0131 ve Parti S\u00f6zc\u00fcs\u00fc \u00d6mer \u00c7elik, Danimarka&#8217;da Kur&#8217;an-\u0131 Kerim&#8217;e y\u00f6nelik ger\u00e7ekle\u015ftirilen eylemi lanetledi.<\/p>\n","protected":false},"author":1,"featured_media":10064,"comment_status":"","ping_status":"","sticky":false,"template":"","format":"standard","meta":[],"categories":[47],"tags":[],"_links":{"self":[{"href":"https:\/\/kraios.app\/news\/wp-json\/wp\/v2\/posts\/10063"}],"collection":[{"href":"https:\/\/kraios.app\/news\/wp-json\/wp\/v2\/posts"}],"about":[{"href":"https:\/\/kraios.app\/news\/wp-json\/wp\/v2\/types\/post"}],"author":[{"embeddable":true,"href":"https:\/\/kraios.app\/news\/wp-json\/wp\/v2\/users\/1"}],"replies":[{"embeddable":true,"href":"https:\/\/kraios.app\/news\/wp-json\/wp\/v2\/comments?post=10063"}],"version-history":[{"count":0,"href":"https:\/\/kraios.app\/news\/wp-json\/wp\/v2\/posts\/10063\/revisions"}],"wp:featuredmedia":[{"embeddable":true,"href":"https:\/\/kraios.app\/news\/wp-json\/wp\/v2\/media\/10064"}],"wp:attachment":[{"href":"https:\/\/kraios.app\/news\/wp-json\/wp\/v2\/media?parent=10063"}],"wp:term":[{"taxonomy":"category","embeddable":true,"href":"https:\/\/kraios.app\/news\/wp-json\/wp\/v2\/categories?post=10063"},{"taxonomy":"post_tag","embeddable":true,"href":"https:\/\/kraios.app\/news\/wp-json\/wp\/v2\/tags?post=10063"}],"curies":[{"name":"wp","href":"https:\/\/api.w.org\/{rel}","templated":true}]}}