{"id":10053,"date":"2023-07-23T07:30:52","date_gmt":"2023-07-23T07:30:52","guid":{"rendered":"https:\/\/kraios.app\/news\/gundem\/2023\/07\/23\/turkiye-ve-dunya-gundemi-11\/"},"modified":"2023-07-23T07:30:52","modified_gmt":"2023-07-23T07:30:52","slug":"turkiye-ve-dunya-gundemi-11","status":"publish","type":"post","link":"https:\/\/kraios.app\/news\/gundem\/2023\/07\/23\/turkiye-ve-dunya-gundemi-11\/","title":{"rendered":"T\u00fcrkiye ve d\u00fcnya g\u00fcndemi"},"content":{"rendered":"<p>T\u00fcrkiye ve d\u00fcnya g\u00fcndemi, lider programlar\u0131, etkinlikler ile bir bak\u0131\u015fta bug\u00fcn\u00fcn g\u00fcndemi.<\/p>\n","protected":false},"excerpt":{"rendered":"<p>T\u00fcrkiye ve d\u00fcnya g\u00fcndemi, lider programlar\u0131, etkinlikler ile bir bak\u0131\u015fta bug\u00fcn\u00fcn g\u00fcndemi.<\/p>\n","protected":false},"author":1,"featured_media":10054,"comment_status":"","ping_status":"","sticky":false,"template":"","format":"standard","meta":[],"categories":[1],"tags":[],"_links":{"self":[{"href":"https:\/\/kraios.app\/news\/wp-json\/wp\/v2\/posts\/10053"}],"collection":[{"href":"https:\/\/kraios.app\/news\/wp-json\/wp\/v2\/posts"}],"about":[{"href":"https:\/\/kraios.app\/news\/wp-json\/wp\/v2\/types\/post"}],"author":[{"embeddable":true,"href":"https:\/\/kraios.app\/news\/wp-json\/wp\/v2\/users\/1"}],"replies":[{"embeddable":true,"href":"https:\/\/kraios.app\/news\/wp-json\/wp\/v2\/comments?post=10053"}],"version-history":[{"count":0,"href":"https:\/\/kraios.app\/news\/wp-json\/wp\/v2\/posts\/10053\/revisions"}],"wp:featuredmedia":[{"embeddable":true,"href":"https:\/\/kraios.app\/news\/wp-json\/wp\/v2\/media\/10054"}],"wp:attachment":[{"href":"https:\/\/kraios.app\/news\/wp-json\/wp\/v2\/media?parent=10053"}],"wp:term":[{"taxonomy":"category","embeddable":true,"href":"https:\/\/kraios.app\/news\/wp-json\/wp\/v2\/categories?post=10053"},{"taxonomy":"post_tag","embeddable":true,"href":"https:\/\/kraios.app\/news\/wp-json\/wp\/v2\/tags?post=10053"}],"curies":[{"name":"wp","href":"https:\/\/api.w.org\/{rel}","templated":true}]}}