{"id":10050,"date":"2023-07-23T06:20:05","date_gmt":"2023-07-23T06:20:05","guid":{"rendered":"https:\/\/kraios.app\/news\/ekonomi\/2023\/07\/23\/ari-yetistiricilerine-iklim-degisikligine-karsi-alternatif-urunlere-yonelme-onerisi\/"},"modified":"2023-07-23T06:20:05","modified_gmt":"2023-07-23T06:20:05","slug":"ari-yetistiricilerine-iklim-degisikligine-karsi-alternatif-urunlere-yonelme-onerisi","status":"publish","type":"post","link":"https:\/\/kraios.app\/news\/ekonomi\/2023\/07\/23\/ari-yetistiricilerine-iklim-degisikligine-karsi-alternatif-urunlere-yonelme-onerisi\/","title":{"rendered":"Ar\u0131 yeti\u015ftiricilerine iklim de\u011fi\u015fikli\u011fine kar\u015f\u0131 alternatif \u00fcr\u00fcnlere y\u00f6nelme \u00f6nerisi"},"content":{"rendered":"<p> <br \/>\n<\/p>\n<div>\n<p>Keke\u00e7o\u011flu, AA muhabirine, ar\u0131c\u0131l\u0131k sekt\u00f6r\u00fcn\u00fcn son y\u0131llarda iklim de\u011fi\u015fikli\u011finden etkilendi\u011fini s\u00f6yledi.<\/p>\n<p>Bu durumun ar\u0131c\u0131lar\u0131 zor durumda b\u0131rakmaya ba\u015flad\u0131\u011f\u0131n\u0131 belirten Keke\u00e7o\u011flu, &#8220;Orman yang\u0131nlar\u0131 can\u0131m\u0131z\u0131 yakm\u0131\u015ft\u0131. Bu y\u0131l ise \u00f6zellikle Karadeniz&#8217;de seller ger\u00e7ekten ar\u0131c\u0131lar\u0131 \u00e7ok zor durumda b\u0131rakt\u0131. Seller nedeniyle kovan kayb\u0131 ya\u015fayan ar\u0131c\u0131lar\u0131m\u0131z oldu. Bunun \u00f6nlemleri al\u0131nabilir fakat aniden geli\u015fti\u011fi i\u00e7in \u00e7aresiz b\u0131rakabiliyor.&#8221; dedi.<\/p>\n<p><img decoding=\"async\" alt=\"\" src=\"https:\/\/www.aa.com.tr\/uploads\/userFiles\/c9f1ae26-3cf3-4ab4-9d72-230dedd01a4c\/20230722_2_59604861_91229453.jpg\"\/><\/p>\n<p>Keke\u00e7o\u011flu, ar\u0131lar\u0131n hava s\u0131cakl\u0131klar\u0131ndaki ani de\u011fi\u015fikliklere ayak uyduramamas\u0131n\u0131n, bal rekoltesini de \u00f6nemli d\u00fczeyde d\u00fc\u015f\u00fcrd\u00fc\u011f\u00fcn\u00fc aktararak, \u015f\u00f6yle devam etti:<\/p>\n<p>&#8220;T\u00fcrkiye&#8217;de \u00f6nemli d\u00fczeyde bir bal ihracat var \u00e7\u00fcnk\u00fc \u00e7ok kaliteli bal\u0131m\u0131z var. Kaliteden dolay\u0131 da tercih edilen bir bal. Ancak iklim de\u011fi\u015fikli\u011fi nedeniyle ve di\u011fer ar\u0131 \u00fcr\u00fcnlerinde \u00fcretim miktar\u0131n\u0131n d\u00fc\u015fmesine ba\u011fl\u0131 olarak da ihracat miktar\u0131nda da yava\u015f yava\u015f azalma bekliyoruz. Bunlar\u0131n \u00f6nlemleri al\u0131nabilir. Bu \u00f6nlemlerin en ba\u015f\u0131nda ar\u0131 \u0131rklar\u0131n\u0131 do\u011fru se\u00e7mek geliyor. Ar\u0131c\u0131lara \u00f6ncelikle kendi ar\u0131 \u0131rklar\u0131m\u0131z\u0131 tercih etmesini ve kullan\u0131lmas\u0131n\u0131 \u00f6neriyoruz \u00e7\u00fcnk\u00fc iklim de\u011fi\u015fikli\u011fine kar\u015f\u0131 daha dayan\u0131kl\u0131 olabiliyorlar, daha h\u0131zl\u0131 adaptasyon sa\u011flayabiliyorlar.&#8221;<\/p>\n<p><img decoding=\"async\" alt=\"\" src=\"https:\/\/www.aa.com.tr\/uploads\/userFiles\/c9f1ae26-3cf3-4ab4-9d72-230dedd01a4c\/20230722_2_59604861_91229461.jpg\"\/><\/p>\n<h3>&#8220;Yabanc\u0131 \u0131rklara e\u011filim g\u00f6stermeyelim, yerli \u0131rklar\u0131m\u0131z\u0131 tercih edelim&#8221;<\/h3>\n<p>Ar\u0131c\u0131lar\u0131n \u00e7ok kovanla fazla \u00fcretim yapmak yerine az miktarda kovanla \u00e7al\u0131\u015f\u0131p y\u00fcksek verim elde etmesinin do\u011fru oldu\u011funu g\u00f6r\u00fc\u015f\u00fcn\u00fc payla\u015fan Keke\u00e7o\u011flu, &#8220;Bal, polen, propolis gibi \u00fcr\u00fcnler, \u00e7evredeki bitki kaynaklar\u0131yla yak\u0131ndan ilgili \u00fcretim \u00e7e\u015fitleri. Oysaki ana ar\u0131 \u00fcretimi, ar\u0131 s\u00fct\u00fc \u00fcretimi, ar\u0131 zehri, apilarnil gibi \u00fcretimler, direkt \u00e7evreyle ilgili de\u011fil. Ar\u0131c\u0131lar, bu \u00fcr\u00fcn \u00e7e\u015fitlili\u011fine y\u00f6neldikleri takdirde iklimsel de\u011fi\u015fikli\u011fi kar\u015f\u0131s\u0131nda en az\u0131ndan ayakta durabilecek kadar bir ekonomik gelir sa\u011flayabilirler.&#8221; diye konu\u015ftu.<\/p>\n<p><img decoding=\"async\" alt=\"\" src=\"https:\/\/www.aa.com.tr\/uploads\/userFiles\/c9f1ae26-3cf3-4ab4-9d72-230dedd01a4c\/20230722_2_59604861_91229457.jpg\"\/><\/p>\n<p>Keke\u00e7o\u011flu, DAGEM olarak yapt\u0131klar\u0131 \u00e7al\u0131\u015fmayla T\u00fcrkiye&#8217;nin Anadolu ar\u0131 \u0131rklar\u0131n\u0131n biyo\u00e7e\u015fitlili\u011fini ortaya koyduklar\u0131n\u0131 anlatarak, &#8220;\u0130nan\u0131lmaz derecede y\u00fcksek miktarda \u0131rk\u0131m\u0131z var. T\u00fcrkiye, d\u00fcnyan\u0131n yakla\u015f\u0131k y\u00fczde 20&#8217;lik ar\u0131 biyo\u00e7e\u015fitlili\u011fine sahip. Dolay\u0131s\u0131yla biz kendi \u0131rklar\u0131m\u0131z\u0131n k\u0131ymetini bilmeliyiz. \u015eu an d\u0131\u015far\u0131dan ar\u0131 getiren \u00e7ok ar\u0131c\u0131m\u0131z var. Saha \u00e7al\u0131\u015fmalar\u0131m\u0131zda da bunu g\u00f6rd\u00fck. Bunun do\u011fru olmad\u0131\u011f\u0131n\u0131 akademik ba\u011flamda anlatmaya \u00e7al\u0131\u015f\u0131yoruz, bilin\u00e7lendirme yap\u0131yoruz. Ancak bunu hala yapan ar\u0131c\u0131lar\u0131m\u0131z var. Ar\u0131c\u0131lar\u0131m\u0131za yeniden seslenmek istiyorum; l\u00fctfen yurt d\u0131\u015f\u0131ndan getirdi\u011finiz yabanc\u0131 \u0131rklara e\u011filim g\u00f6stermeyelim, yerli \u0131rklar\u0131m\u0131z\u0131 tercih edelim. Bu, iklim de\u011fi\u015fikli\u011fine kar\u015f\u0131 alabilece\u011fimiz en \u00f6nemli \u00f6nlem \u00e7\u00fcnk\u00fc genetik olarak onlar\u0131n ba\u011f\u0131\u015f\u0131kl\u0131\u011f\u0131, onlar\u0131n direnci, onlar\u0131n zor iklim ko\u015fullar\u0131na adaptasyonu daha y\u00fcksek.&#8221; ifadelerini kulland\u0131.<\/p>\n<p>                            <span class=\"detay-foto-editor\">&#13;<br \/>\n                                <a href=\"https:\/\/www.aa.com.tr\/tr\/p\/abonelik-talep-formu\/1001\" target=\"_blank\" style=\"font-size:12px; color:#444; text-decoration:none;\" rel=\"noopener\">&#13;<br \/>\n                                    Anadolu Ajans\u0131 web sitesinde, AA Haber Ak\u0131\u015f Sistemi (HAS) \u00fczerinden abonelere sunulan haberler, \u00f6zetlenerek yay\u0131mlanmaktad\u0131r. <b style=\"color:#1897F7\">Abonelik i\u00e7in l\u00fctfen ileti\u015fime ge\u00e7iniz.<\/b>&#13;<br \/>\n                                <\/a>&#13;<br \/>\n                            <\/span>\n                        <\/div>\n<p><script>\n\t  window.fbAsyncInit = function() {\n\t\tFB.init({\n\t\t  appId: '1855843514662870',\n\t\t  status : true, \/\/ check login status\n\t\t  cookie : true, \/\/ enable cookies to allow the server to access the session\n\t\t  xfbml  : true  \/\/ parse XFBML\n\t\t});\n\t  };<\/p>\n<p>\t  (function() {\n\t\tvar e = document.createElement('script');\n\t\te.src=\"https:\/\/connect.facebook.net\/tr_TR\/all.js\";\n\t\te.async = true;\n\t\tdocument.getElementById('fb-root').appendChild(e);\n\t  }());\n    <\/script><br \/>\n<br \/><br \/>\n<br \/><a href=\"https:\/\/www.aa.com.tr\/tr\/ekonomi\/ari-yetistiricilerine-iklim-degisikligine-karsi-alternatif-urunlere-yonelme-onerisi\/2951825\">Source link <\/a><\/p>\n","protected":false},"excerpt":{"rendered":"<p>Keke\u00e7o\u011flu, AA muhabirine, ar\u0131c\u0131l\u0131k sekt\u00f6r\u00fcn\u00fcn son y\u0131llarda iklim de\u011fi\u015fikli\u011finden etkilendi\u011fini s\u00f6yledi. Bu durumun ar\u0131c\u0131lar\u0131 zor durumda b\u0131rakmaya ba\u015flad\u0131\u011f\u0131n\u0131 belirten Keke\u00e7o\u011flu, &#8220;Orman yang\u0131nlar\u0131 can\u0131m\u0131z\u0131 yakm\u0131\u015ft\u0131. Bu y\u0131l ise \u00f6zellikle Karadeniz&#8217;de seller ger\u00e7ekten ar\u0131c\u0131lar\u0131 \u00e7ok zor durumda b\u0131rakt\u0131. Seller nedeniyle kovan kayb\u0131 ya\u015fayan ar\u0131c\u0131lar\u0131m\u0131z oldu. Bunun \u00f6nlemleri al\u0131nabilir fakat aniden geli\u015fti\u011fi i\u00e7in \u00e7aresiz b\u0131rakabiliyor.&#8221; dedi. Keke\u00e7o\u011flu, ar\u0131lar\u0131n [&hellip;]<\/p>\n","protected":false},"author":1,"featured_media":10051,"comment_status":"","ping_status":"","sticky":false,"template":"","format":"standard","meta":[],"categories":[44],"tags":[],"_links":{"self":[{"href":"https:\/\/kraios.app\/news\/wp-json\/wp\/v2\/posts\/10050"}],"collection":[{"href":"https:\/\/kraios.app\/news\/wp-json\/wp\/v2\/posts"}],"about":[{"href":"https:\/\/kraios.app\/news\/wp-json\/wp\/v2\/types\/post"}],"author":[{"embeddable":true,"href":"https:\/\/kraios.app\/news\/wp-json\/wp\/v2\/users\/1"}],"replies":[{"embeddable":true,"href":"https:\/\/kraios.app\/news\/wp-json\/wp\/v2\/comments?post=10050"}],"version-history":[{"count":0,"href":"https:\/\/kraios.app\/news\/wp-json\/wp\/v2\/posts\/10050\/revisions"}],"wp:featuredmedia":[{"embeddable":true,"href":"https:\/\/kraios.app\/news\/wp-json\/wp\/v2\/media\/10051"}],"wp:attachment":[{"href":"https:\/\/kraios.app\/news\/wp-json\/wp\/v2\/media?parent=10050"}],"wp:term":[{"taxonomy":"category","embeddable":true,"href":"https:\/\/kraios.app\/news\/wp-json\/wp\/v2\/categories?post=10050"},{"taxonomy":"post_tag","embeddable":true,"href":"https:\/\/kraios.app\/news\/wp-json\/wp\/v2\/tags?post=10050"}],"curies":[{"name":"wp","href":"https:\/\/api.w.org\/{rel}","templated":true}]}}