{"id":10032,"date":"2023-07-23T02:19:40","date_gmt":"2023-07-23T02:19:40","guid":{"rendered":"https:\/\/kraios.app\/news\/ekonomi\/2023\/07\/23\/bafra-ovasinda-erkenci-karpuzun-hasadina-baslandi\/"},"modified":"2023-07-23T02:19:40","modified_gmt":"2023-07-23T02:19:40","slug":"bafra-ovasinda-erkenci-karpuzun-hasadina-baslandi","status":"publish","type":"post","link":"https:\/\/kraios.app\/news\/ekonomi\/2023\/07\/23\/bafra-ovasinda-erkenci-karpuzun-hasadina-baslandi\/","title":{"rendered":"Bafra Ovas\u0131&#039;nda erkenci karpuzun hasad\u0131na ba\u015fland\u0131"},"content":{"rendered":"<p> <br \/>\n<br \/>Samsun&#8217;da, Bafra Ovas\u0131&#8217;nda 12 bin 500 dekar alanda ekilen karpuzda erkenci \u00fcr\u00fcn hasat ediliyor.<br \/>\n<br \/><br \/>\n<br \/><a href=\"https:\/\/www.aa.com.tr\/tr\/ekonomi\/bafra-ovasinda-erkenci-karpuzun-hasadina-baslandi-\/2951833\">Source link <\/a><\/p>\n","protected":false},"excerpt":{"rendered":"<p>Samsun&#8217;da, Bafra Ovas\u0131&#8217;nda 12 bin 500 dekar alanda ekilen karpuzda erkenci \u00fcr\u00fcn hasat ediliyor. Source link<\/p>\n","protected":false},"author":1,"featured_media":10033,"comment_status":"","ping_status":"","sticky":false,"template":"","format":"standard","meta":[],"categories":[44],"tags":[],"_links":{"self":[{"href":"https:\/\/kraios.app\/news\/wp-json\/wp\/v2\/posts\/10032"}],"collection":[{"href":"https:\/\/kraios.app\/news\/wp-json\/wp\/v2\/posts"}],"about":[{"href":"https:\/\/kraios.app\/news\/wp-json\/wp\/v2\/types\/post"}],"author":[{"embeddable":true,"href":"https:\/\/kraios.app\/news\/wp-json\/wp\/v2\/users\/1"}],"replies":[{"embeddable":true,"href":"https:\/\/kraios.app\/news\/wp-json\/wp\/v2\/comments?post=10032"}],"version-history":[{"count":0,"href":"https:\/\/kraios.app\/news\/wp-json\/wp\/v2\/posts\/10032\/revisions"}],"wp:featuredmedia":[{"embeddable":true,"href":"https:\/\/kraios.app\/news\/wp-json\/wp\/v2\/media\/10033"}],"wp:attachment":[{"href":"https:\/\/kraios.app\/news\/wp-json\/wp\/v2\/media?parent=10032"}],"wp:term":[{"taxonomy":"category","embeddable":true,"href":"https:\/\/kraios.app\/news\/wp-json\/wp\/v2\/categories?post=10032"},{"taxonomy":"post_tag","embeddable":true,"href":"https:\/\/kraios.app\/news\/wp-json\/wp\/v2\/tags?post=10032"}],"curies":[{"name":"wp","href":"https:\/\/api.w.org\/{rel}","templated":true}]}}