{"id":10009,"date":"2023-07-22T22:57:27","date_gmt":"2023-07-22T22:57:27","guid":{"rendered":"https:\/\/kraios.app\/news\/ekonomi\/2023\/07\/22\/duzensiz-ve-kuvveti-yagis-nedeniyle-manisada-uzum-baglarini-mildiyo-sardi\/"},"modified":"2023-07-22T22:57:27","modified_gmt":"2023-07-22T22:57:27","slug":"duzensiz-ve-kuvveti-yagis-nedeniyle-manisada-uzum-baglarini-mildiyo-sardi","status":"publish","type":"post","link":"https:\/\/kraios.app\/news\/ekonomi\/2023\/07\/22\/duzensiz-ve-kuvveti-yagis-nedeniyle-manisada-uzum-baglarini-mildiyo-sardi\/","title":{"rendered":"D\u00fczensiz ve kuvveti ya\u011f\u0131\u015f nedeniyle Manisa&#8217;da \u00fcz\u00fcm ba\u011flar\u0131n\u0131 &#8220;mildiy\u00f6&#8221; sard\u0131"},"content":{"rendered":"<p> <br \/>\n<\/p>\n<div>\n<p>\u00dclkenin y\u0131ll\u0131k ortalama 4 milyon tona ula\u015fan \u00fcz\u00fcm \u00fcretiminin y\u00fczde 70&#8217;inin yap\u0131ld\u0131\u011f\u0131 Manisa, asmalarda neme ba\u011fl\u0131 mantar hastal\u0131klar\u0131yla m\u00fccadelenin yap\u0131ld\u0131\u011f\u0131 haziranda yo\u011fun ya\u011f\u0131\u015f ald\u0131.<\/p>\n<p><img decoding=\"async\" alt=\"\" src=\"https:\/\/www.aa.com.tr\/uploads\/userFiles\/76bad36d-1411-48e8-a1ae-b65e58872c06\/01.03%2F188%2F5%2FAA-31738077.jpg\"\/><\/p>\n<p>D\u00fczensiz ve beklenmeyen kuvvetli ya\u011f\u0131\u015flardan \u00f6t\u00fcr\u00fc zirai m\u00fccadele yap\u0131lamay\u0131nca ba\u011flarda mildiy\u00f6 hastal\u0131\u011f\u0131 ba\u015f g\u00f6sterdi. Mantar kaynakl\u0131 bir hastal\u0131k olan mildiy\u00f6, r\u00fczgarla yay\u0131l\u0131nca \u00f6zellikle Saruhanl\u0131 ile Sar\u0131g\u00f6l il\u00e7eleri aras\u0131ndaki geni\u015f bir alanda etkili oldu. Uzmanlar\u0131n &#8220;epidemi&#8221; olarak tan\u0131mlad\u0131\u011f\u0131 mildiy\u00f6n\u00fcn b\u00f6lgede verim kayb\u0131na yol a\u00e7aca\u011f\u0131 \u00f6ng\u00f6r\u00fcl\u00fcyor.<\/p>\n<p>Saruhanl\u0131 Ziraat Odas\u0131 Ba\u015fkan\u0131 Aydo\u011fan Okur, AA muhabirine, mildiy\u00f6 hastal\u0131\u011f\u0131n\u0131n zirai don ve dolu zarar\u0131 gibi bir afet oldu\u011funu s\u00f6yledi.<\/p>\n<p><img decoding=\"async\" alt=\"\" src=\"https:\/\/www.aa.com.tr\/uploads\/userFiles\/76bad36d-1411-48e8-a1ae-b65e58872c06\/01.03%2F188%2F5%2FAA-31738075.jpg\"\/><\/p>\n<p>Hastal\u0131kla ilgili sahadan s\u00fcrekli bilgi ald\u0131klar\u0131n\u0131 dile getiren Okur, &#8220;\u0130la\u00e7 sezonunda b\u00f6lge yo\u011fun ya\u011f\u0131\u015f ald\u0131\u011f\u0131 i\u00e7in \u00e7ift\u00e7i ba\u011f\u0131na girip ila\u00e7lama yapamad\u0131. Bundan dolay\u0131 \u00e7e\u015fitli hastal\u0131klar t\u00fcredi. Daha sonra zirai m\u00fccadele ba\u015flad\u0131 ama ge\u00e7 kal\u0131nmas\u0131ndan dolay\u0131 etkili olamad\u0131.&#8221; diye konu\u015ftu.<\/p>\n<p>Okur, mildiy\u00f6n\u00fcn salk\u0131m g\u00fcvesinden sonra \u00fcz\u00fcmdeki en b\u00fcy\u00fck hastal\u0131k oldu\u011funu ifade etti.<\/p>\n<p>B\u00f6lgede yayg\u0131n olarak g\u00f6r\u00fclen hastal\u0131kla ilgili yo\u011fun olarak \u00fcz\u00fcm \u00fcreten 7 il\u00e7enin ziraat odas\u0131 ba\u015fkanlar\u0131yla toplant\u0131 yapt\u0131klar\u0131n\u0131 ve baz\u0131 kararlar ald\u0131klar\u0131n\u0131 anlatan Okur, \u015funlar\u0131 kaydetti:<\/p>\n<p>&#8220;Bu da bir afet. Bununla ilgili b\u00f6lge milletvekillerine ald\u0131\u011f\u0131m\u0131z kararlar\u0131 iletece\u011fiz. Bunu bakanl\u0131\u011fa, h\u00fck\u00fcmetimize bildirmelerini isteyece\u011fiz. Burada \u00e7ift\u00e7inin mevcut bor\u00e7lar\u0131n\u0131n \u00f6telenmesini ve bu zararla ilgili ilave kredi verilmesini talep ediyoruz. \u00c7\u00fcnk\u00fc maliyetlerimiz \u00e7ok artt\u0131. A\u015f\u0131r\u0131 ya\u011f\u0131\u015f ve sonras\u0131ndaki s\u0131caklar ba\u011flarda bu hastal\u0131\u011f\u0131 meydana getirdi.&#8221;<\/p>\n<p><img decoding=\"async\" alt=\"\" src=\"https:\/\/www.aa.com.tr\/uploads\/userFiles\/76bad36d-1411-48e8-a1ae-b65e58872c06\/01.03%2F188%2F5%2FAA-31738078.jpg\"\/><\/p>\n<p>Salihli Ziraat Odas\u0131 Ba\u015fkan\u0131 Cem Yalva\u00e7 da hastal\u0131\u011f\u0131n rekolteyi azaltaca\u011f\u0131na i\u015faret etti.<\/p>\n<p>Hastal\u0131\u011f\u0131n h\u0131zl\u0131 yay\u0131ld\u0131\u011f\u0131n\u0131 s\u00f6yleyen Yalva\u00e7, &#8220;\u00d6rne\u011fin pazartesi sabah \u00fcz\u00fcm ba\u011f\u0131n\u0131za bakt\u0131\u011f\u0131n\u0131zda bu hastal\u0131k yok ancak ertesi g\u00fcn geldi\u011fimizde tekrar bakt\u0131\u011f\u0131n\u0131zda \u00fcz\u00fcmler kapkara olmu\u015f. Maalesef ba\u011flar\u0131m\u0131z bu sene k\u00f6t\u00fc. Bu gelecek sene de b\u00f6yle olacak, en az 2-3 y\u0131l bu ba\u011flar verimli olmaz.&#8221; ifadelerini kulland\u0131.<\/p>\n<p><img decoding=\"async\" alt=\"\" src=\"https:\/\/admin.aa.com.tr\/uploads\/userFiles\/76bad36d-1411-48e8-a1ae-b65e58872c06\/01.03%2F188%2F5%2FAA-31738074.jpg\"\/><\/p>\n<p>Ziraat m\u00fchendisi Ziya Duras\u0131ll\u0131 da haziran\u0131n ortas\u0131ndaki ya\u011f\u0131\u015flar\u0131n hastal\u0131\u011f\u0131 tetikledi\u011fini s\u00f6yledi.<\/p>\n<p>\u00dcz\u00fcm ba\u011flar\u0131n\u0131n ya\u011f\u0131\u015f ve nemli havadan k\u00f6t\u00fc etkilendi\u011fini vurgulayan Duras\u0131ll\u0131, &#8220;\u0130la\u00e7lamalara ra\u011fmen hastal\u0131k ilerlemeye devam etti. Bu salg\u0131nda, 3 g\u00fcnde bir ila\u00e7lama yapan vatanda\u015flar\u0131m\u0131zda dahi y\u00fczde 30&#8217;lara varan zararlar olu\u015ftu. Manisa&#8217;da geni\u015f b\u00f6lgede bu hastal\u0131\u011f\u0131 g\u00f6r\u00fcyoruz, Saruhanl\u0131, Ahmetli, Salihli&#8217;den Sar\u0131g\u00f6l&#8217;e kadar olan b\u00f6lgede bu hastal\u0131ktan dolay\u0131 ba\u011flarda verim kay\u0131plar\u0131 olacak.&#8221; dedi.<\/p>\n<p><img decoding=\"async\" alt=\"\" src=\"https:\/\/www.aa.com.tr\/uploads\/userFiles\/76bad36d-1411-48e8-a1ae-b65e58872c06\/01.03%2F188%2F5%2FAA-31738076.jpg\"\/><\/p>\n<p>Salihlili \u00fcz\u00fcm \u00fcreticisi Selahattin Akcan da ila\u00e7lama yap\u0131lmas\u0131na ra\u011fmen baz\u0131 \u00fcz\u00fcm ba\u011flar\u0131nda yenilebilecek d\u00fczeyde bir salk\u0131m bile \u00fcr\u00fcn\u00fcn bulunmad\u0131\u011f\u0131n\u0131 kaydetti.<\/p>\n<p>                            <span class=\"detay-foto-editor\">&#13;<br \/>\n                                <a href=\"https:\/\/www.aa.com.tr\/tr\/p\/abonelik-talep-formu\/1001\" target=\"_blank\" style=\"font-size:12px; color:#444; text-decoration:none;\" rel=\"noopener\">&#13;<br \/>\n                                    Anadolu Ajans\u0131 web sitesinde, AA Haber Ak\u0131\u015f Sistemi (HAS) \u00fczerinden abonelere sunulan haberler, \u00f6zetlenerek yay\u0131mlanmaktad\u0131r. <b style=\"color:#1897F7\">Abonelik i\u00e7in l\u00fctfen ileti\u015fime ge\u00e7iniz.<\/b>&#13;<br \/>\n                                <\/a>&#13;<br \/>\n                            <\/span>\n                        <\/div>\n<p><script>\n\t  window.fbAsyncInit = function() {\n\t\tFB.init({\n\t\t  appId: '1855843514662870',\n\t\t  status : true, \/\/ check login status\n\t\t  cookie : true, \/\/ enable cookies to allow the server to access the session\n\t\t  xfbml  : true  \/\/ parse XFBML\n\t\t});\n\t  };<\/p>\n<p>\t  (function() {\n\t\tvar e = document.createElement('script');\n\t\te.src=\"https:\/\/connect.facebook.net\/tr_TR\/all.js\";\n\t\te.async = true;\n\t\tdocument.getElementById('fb-root').appendChild(e);\n\t  }());\n    <\/script><br \/>\n<br \/><br \/>\n<br \/><a href=\"https:\/\/www.aa.com.tr\/tr\/ekonomi\/duzensiz-ve-kuvveti-yagis-nedeniyle-manisada-uzum-baglarini-mildiyo-sardi\/2951836\">Source link <\/a><\/p>\n","protected":false},"excerpt":{"rendered":"<p>\u00dclkenin y\u0131ll\u0131k ortalama 4 milyon tona ula\u015fan \u00fcz\u00fcm \u00fcretiminin y\u00fczde 70&#8217;inin yap\u0131ld\u0131\u011f\u0131 Manisa, asmalarda neme ba\u011fl\u0131 mantar hastal\u0131klar\u0131yla m\u00fccadelenin yap\u0131ld\u0131\u011f\u0131 haziranda yo\u011fun ya\u011f\u0131\u015f ald\u0131. D\u00fczensiz ve beklenmeyen kuvvetli ya\u011f\u0131\u015flardan \u00f6t\u00fcr\u00fc zirai m\u00fccadele yap\u0131lamay\u0131nca ba\u011flarda mildiy\u00f6 hastal\u0131\u011f\u0131 ba\u015f g\u00f6sterdi. Mantar kaynakl\u0131 bir hastal\u0131k olan mildiy\u00f6, r\u00fczgarla yay\u0131l\u0131nca \u00f6zellikle Saruhanl\u0131 ile Sar\u0131g\u00f6l il\u00e7eleri aras\u0131ndaki geni\u015f bir alanda [&hellip;]<\/p>\n","protected":false},"author":1,"featured_media":10012,"comment_status":"","ping_status":"","sticky":false,"template":"","format":"standard","meta":[],"categories":[44],"tags":[],"_links":{"self":[{"href":"https:\/\/kraios.app\/news\/wp-json\/wp\/v2\/posts\/10009"}],"collection":[{"href":"https:\/\/kraios.app\/news\/wp-json\/wp\/v2\/posts"}],"about":[{"href":"https:\/\/kraios.app\/news\/wp-json\/wp\/v2\/types\/post"}],"author":[{"embeddable":true,"href":"https:\/\/kraios.app\/news\/wp-json\/wp\/v2\/users\/1"}],"replies":[{"embeddable":true,"href":"https:\/\/kraios.app\/news\/wp-json\/wp\/v2\/comments?post=10009"}],"version-history":[{"count":0,"href":"https:\/\/kraios.app\/news\/wp-json\/wp\/v2\/posts\/10009\/revisions"}],"wp:featuredmedia":[{"embeddable":true,"href":"https:\/\/kraios.app\/news\/wp-json\/wp\/v2\/media\/10012"}],"wp:attachment":[{"href":"https:\/\/kraios.app\/news\/wp-json\/wp\/v2\/media?parent=10009"}],"wp:term":[{"taxonomy":"category","embeddable":true,"href":"https:\/\/kraios.app\/news\/wp-json\/wp\/v2\/categories?post=10009"},{"taxonomy":"post_tag","embeddable":true,"href":"https:\/\/kraios.app\/news\/wp-json\/wp\/v2\/tags?post=10009"}],"curies":[{"name":"wp","href":"https:\/\/api.w.org\/{rel}","templated":true}]}}